{"id":127077,"date":"2025-10-26T13:55:08","date_gmt":"2025-10-26T13:55:08","guid":{"rendered":"https:\/\/www.europesays.com\/pt\/127077\/"},"modified":"2025-10-26T13:55:08","modified_gmt":"2025-10-26T13:55:08","slug":"guilherme-aguiar-foi-ilibado-de-atropelamento-mortal-mas-mae-de-crianca-contesta-decisao-em-tribunal","status":"publish","type":"post","link":"https:\/\/www.europesays.com\/pt\/127077\/","title":{"rendered":"Guilherme Aguiar foi ilibado de atropelamento mortal, mas m\u00e3e de crian\u00e7a contesta decis\u00e3o em tribunal"},"content":{"rendered":"<p data-remotead-prev-elm=\"true\" data-remotead-elm-id=\"inread\">Guilherme Aguiar, que \u00e9 arguido e corria o risco de ser acusado de um crime de homic\u00eddio por neglig\u00eancia, afirmou ao JN, este domingo de manh\u00e3, que o inqu\u00e9rito foi arquivado h\u00e1 cerca de um m\u00eas e meio. Segundo noticiou o &#8220;Correio da Manh\u00e3&#8221;, a procuradora do MP titular do inqu\u00e9rito afirma que a crian\u00e7a saiu a correr de uma mercearia, desequilibrou-se e tombou para a estrada. O corpo do menino ficou preso entre a roda esquerda da frente do autom\u00f3vel de Guilherme Aguiar e o pl\u00e1stico da cava do mesmo lado.<\/p>\n<p>Naquele momento, a roda estava totalmente orientada para o lado direito, pois o condutor Guilherme Aguiar mudava de dire\u00e7\u00e3o. Seguia a 11 km\/h e n\u00e3o se apercebeu logo do sucedido. S\u00f3 parou o carro cerca de tr\u00eas centenas de metros depois, quando uma automobilista, que seguia atr\u00e1s, lhe buzinou. O autarca iria a conversar ao telefone, pelo sistema de voz alta, com a mulher.<\/p>\n<p>Uma per\u00edcia do acidente concluiu que a queda do menor e a sua entrada de cabe\u00e7a na cava da roda demoraram 0,7 segundos. E o tempo de rea\u00e7\u00e3o de um adulto m\u00e9dio \u00e9 de pelo menos 1 segundo, acrescenta.<\/p>\n<p data-remotead-prev-elm=\"true\" data-remotead-elm-id=\"centro1\">&#8220;N\u00e3o se pode concluir que o arguido se absteve de tomar precau\u00e7\u00f5es no sentido de evitar o embate, pois ele n\u00e3o podia ter visto o menor, nem era previs\u00edvel que o menor se desequilibrasse e entrasse na cava do rodado, uma vez que o mesmo surgiu de forma abrupta e inesperada&#8221;, conclui o MP, citado pelo mesmo jornal.<\/p>\n<p>Processo suspenso a av\u00f4<\/p>\n<p>Pelo contr\u00e1rio, o MP apontou responsabilidade ao av\u00f4 do menino, que o tinha ido buscar \u00e0 escola e o levava para casa. A procuradora que investigou o caso entende que o homem deveria ter tido mais cuidado, certificando-se que o neto n\u00e3o atravessaria a estrada sozinho, devido ao perigo da circula\u00e7\u00e3o de ve\u00edculos.<\/p>\n<p>No entanto, o av\u00f4, sem antecedentes criminais, n\u00e3o chegou a ser acusado. O MP entendeu por bem optar pela suspens\u00e3o provis\u00f3ria do processo, o que evita a sua acusa\u00e7\u00e3o e julgamento. O processo ficar\u00e1 suspenso durante dez meses (se o arguido prevaricar neste per\u00edodo, ser\u00e1 acusado) e implicar\u00e1, com injun\u00e7\u00e3o, o pagamento de 800 euros \u00e0 APPACDM &#8211; Associa\u00e7\u00e3o Portuguesa de Pais e Amigos do Cidad\u00e3o Deficiente Mental.<\/p>\n<p>A m\u00e3e do menino concorda com aquela suspens\u00e3o provis\u00f3ria do processo, mas discorda do arquivamento da parte respeitante a Guilherme Aguiar, pelo que vai contest\u00e1-lo em instru\u00e7\u00e3o do processo. N\u00e3o sofrendo Guilherme Aguiar de surdez, s\u00f3 por &#8220;absoluta distra\u00e7\u00e3o&#8221; se pode entender que se tenha apercebido do sucedido apenas 300 metros depois do local do embate, argumenta, defendendo que a causa da morte do filho n\u00e3o foi propriamente o embate, mas o esmagamento produzido ao longo daquela dist\u00e2ncia. Por isso, a m\u00e3e pede ao ju\u00edzo de instru\u00e7\u00e3o criminal que pronuncie o arguido para julgamento pelo crime de homic\u00eddio por neglig\u00eancia.<\/p>\n","protected":false},"excerpt":{"rendered":"Guilherme Aguiar, que \u00e9 arguido e corria o risco de ser acusado de um crime de homic\u00eddio por&hellip;\n","protected":false},"author":2,"featured_media":127078,"comment_status":"","ping_status":"","sticky":false,"template":"","format":"standard","meta":{"footnotes":""},"categories":[10],"tags":[2240,27,28,29067,15,16,14,29066,29065,603,25,26,21,22,12,13,19,20,32,23,24,33,17,18,29,30,31],"class_list":{"0":"post-127077","1":"post","2":"type-post","3":"status-publish","4":"format-standard","5":"has-post-thumbnail","7":"category-portugal","8":"tag-atropelamento","9":"tag-breaking-news","10":"tag-breakingnews","11":"tag-camara-de-vila-nova-de-gaia","12":"tag-featured-news","13":"tag-featurednews","14":"tag-headlines","15":"tag-homicidio-por-negligencia","16":"tag-jose-guilherme-aguiar","17":"tag-justica","18":"tag-latest-news","19":"tag-latestnews","20":"tag-main-news","21":"tag-mainnews","22":"tag-news","23":"tag-noticias","24":"tag-noticias-principais","25":"tag-noticiasprincipais","26":"tag-portugal","27":"tag-principais-noticias","28":"tag-principaisnoticias","29":"tag-pt","30":"tag-top-stories","31":"tag-topstories","32":"tag-ultimas","33":"tag-ultimas-noticias","34":"tag-ultimasnoticias"},"share_on_mastodon":{"url":"","error":"Validation failed: Text character limit of 500 exceeded"},"_links":{"self":[{"href":"https:\/\/www.europesays.com\/pt\/wp-json\/wp\/v2\/posts\/127077","targetHints":{"allow":["GET"]}}],"collection":[{"href":"https:\/\/www.europesays.com\/pt\/wp-json\/wp\/v2\/posts"}],"about":[{"href":"https:\/\/www.europesays.com\/pt\/wp-json\/wp\/v2\/types\/post"}],"author":[{"embeddable":true,"href":"https:\/\/www.europesays.com\/pt\/wp-json\/wp\/v2\/users\/2"}],"replies":[{"embeddable":true,"href":"https:\/\/www.europesays.com\/pt\/wp-json\/wp\/v2\/comments?post=127077"}],"version-history":[{"count":0,"href":"https:\/\/www.europesays.com\/pt\/wp-json\/wp\/v2\/posts\/127077\/revisions"}],"wp:featuredmedia":[{"embeddable":true,"href":"https:\/\/www.europesays.com\/pt\/wp-json\/wp\/v2\/media\/127078"}],"wp:attachment":[{"href":"https:\/\/www.europesays.com\/pt\/wp-json\/wp\/v2\/media?parent=127077"}],"wp:term":[{"taxonomy":"category","embeddable":true,"href":"https:\/\/www.europesays.com\/pt\/wp-json\/wp\/v2\/categories?post=127077"},{"taxonomy":"post_tag","embeddable":true,"href":"https:\/\/www.europesays.com\/pt\/wp-json\/wp\/v2\/tags?post=127077"}],"curies":[{"name":"wp","href":"https:\/\/api.w.org\/{rel}","templated":true}]}}