{"id":127087,"date":"2025-10-26T14:04:47","date_gmt":"2025-10-26T14:04:47","guid":{"rendered":"https:\/\/www.europesays.com\/pt\/127087\/"},"modified":"2025-10-26T14:04:47","modified_gmt":"2025-10-26T14:04:47","slug":"a-demencia-esta-roubando-suas-memorias-mas-nao-sua-voz","status":"publish","type":"post","link":"https:\/\/www.europesays.com\/pt\/127087\/","title":{"rendered":"A dem\u00eancia est\u00e1 roubando suas mem\u00f3rias. Mas n\u00e3o sua voz"},"content":{"rendered":"<p data-component-name=\"paragraph\" class=\"styles__ParagraphStyled-sc-6adecn-0 gsLklW  \">Aos 86 anos, Drema entra cambaleante no santu\u00e1rio da Igreja dos Irm\u00e3os de Manassas, segurando firmemente o bra\u00e7o do marido, Mike Yates. Ela depende de Mike, oito anos mais novo, para se manter de p\u00e9 a cada passo vacilante.<\/p>\n<p data-component-name=\"paragraph\" class=\"styles__ParagraphStyled-sc-6adecn-0 gsLklW  \">O casal se acomoda na ponta de um banco com almofadas vermelhas, como fazem a cada duas ter\u00e7as-feiras. Uma d\u00fazia de pessoas conversa em voz baixa, esperando o in\u00edcio do ensaio do Forgetful Friends Chorus. N\u00e3o h\u00e1 audi\u00e7\u00f5es, porque as \u00fanicas pessoas autorizadas a participar s\u00e3o cantores que t\u00eam dem\u00eancia e seus cuidadores.<\/p>\n<p><img  loading=\"lazy\" class=\"lazy-load-img\"\/><\/p>\n<p>Mike Yates e sua esposa, Drema Yates, participam do ensaio do coral\u00a0Foto:  Matt McClain\/The Washington Post<\/p>\n<p>\u201cCantar me aproxima de Deus\u201d, diz Drema. \u201cDeus est\u00e1 no meu mundo. Sem Deus eu n\u00e3o saberia de nada.\u201d<\/p>\n<p>Drema n\u00e3o se lembra do que comeu no caf\u00e9 da manh\u00e3, mas sabe que \u00e9 casada com Mike h\u00e1 51 anos. Ele a lembra de que preparou ovos, torradas e caf\u00e9. Drema afirma, com naturalidade, que tem uma \u00f3tima mem\u00f3ria.<\/p>\n<p data-component-name=\"paragraph\" class=\"styles__ParagraphStyled-sc-6adecn-0 gsLklW  \"> Ela foi diagnosticada com dem\u00eancia h\u00e1 quatro anos. \u201cTentei dizer isso a ela algumas vezes. Ela fica muito na defensiva e come\u00e7a a discutir\u201d, conta Mike, de 78 anos. \u201cEla se recusa a aceitar que tem dem\u00eancia.\u201d<\/p>\n<p data-component-name=\"paragraph\" class=\"styles__ParagraphStyled-sc-6adecn-0 gsLklW  \">Por isso, ele evita tocar no assunto.<\/p>\n<p data-component-name=\"paragraph\" class=\"styles__ParagraphStyled-sc-6adecn-0 gsLklW  \">O coral ensaia o hino nacional americano, The Star-Spangled Banner, para abrir o Walk to End Alzheimer\u2019s, um evento anual de arrecada\u00e7\u00e3o de fundos promovido pela Associa\u00e7\u00e3o de <a href=\"https:\/\/www.estadao.com.br\/tudo-sobre\/alzheimer\" target=\"_blank\" rel=\"nofollow noopener\" title=\"https:\/\/www.estadao.com.br\/tudo-sobre\/alzheimer\"><strong>Alzheimer<\/strong><\/a>. A regente Connie Young, que fundou o grupo em 2016, diz que hoje h\u00e1 mais gente do que o normal.<\/p>\n<p data-component-name=\"paragraph\" class=\"styles__ParagraphStyled-sc-6adecn-0 gsLklW  \">O grupo se re\u00fane duas vezes por m\u00eas para ensaiar e faz apresenta\u00e7\u00f5es em casas de repouso da regi\u00e3o. Antes da pandemia de <a href=\"https:\/\/www.estadao.com.br\/tudo-sobre\/coronavirus\/\" target=\"_blank\" rel=\"nofollow noopener\" title=\"https:\/\/www.estadao.com.br\/tudo-sobre\/coronavirus\/\"><strong>coronav\u00edrus<\/strong><\/a>, em 2020, o coral se apresentava a cada poucos meses. Agora, s\u00f3 se apresenta ocasionalmente.<\/p>\n<p data-component-name=\"paragraph\" class=\"styles__ParagraphStyled-sc-6adecn-0 gsLklW  \">Recentemente, cantaram no funeral de Lisa Bosley, uma integrante que morreu em maio. O marido dela, Dave Bosley, ainda canta com o Forgetful Friends. Ele diz que quer se sentir conectado a Lisa: \u201cFomos casados por 56 anos, 11 meses e 19 dias.\u201d<\/p>\n<p data-component-name=\"paragraph\" class=\"styles__ParagraphStyled-sc-6adecn-0 gsLklW  \">Cerca de um ano atr\u00e1s, Bosley convidou Drema e Mike para participar do coral. Eles nunca mais deixaram de ir.<\/p>\n<p data-component-name=\"paragraph\" class=\"styles__ParagraphStyled-sc-6adecn-0 gsLklW  \">Mike \u00e9 o principal apoio de Drema. \u00c9 o segundo casamento de ambos. Cada um tem filhos, mas eles vivem sozinhos. Mike prepara o caf\u00e9 da manh\u00e3 de Drema, a leva para passear e tenta faz\u00ea-la feliz. A vida deles \u00e9 tudo o que ele tem \u2014 mas est\u00e1 escapando por entre os dedos.<\/p>\n<p data-component-name=\"paragraph\" class=\"styles__ParagraphStyled-sc-6adecn-0 gsLklW  \">\u201cTivemos uma vida muito boa juntos. Ver tudo isso desaparecer e saber que n\u00e3o h\u00e1 nada que se possa fazer&#8230;\u201d, diz Mike. \u201cEssa \u00e9 a parte mais dif\u00edcil, saber que o fim est\u00e1 chegando. E eu consigo ver que n\u00e3o est\u00e1 t\u00e3o longe quanto costumava estar.\u201d<\/p>\n<p>Especialistas explicam que a mem\u00f3ria processual, um tipo de mem\u00f3ria de longo prazo, \u00e9 o que permite que pessoas com dem\u00eancia se lembrem de letras antigas \u2014 mesmo quando j\u00e1 esqueceram o nome de pessoas queridas, como preencher cheques ou cuidar de si mesmas.<\/p>\n<p>Cantar torna a mem\u00f3ria de Drema firme e inabal\u00e1vel. No ensaio, as pessoas seguram pastas com as letras das m\u00fasicas. Embora Drema tamb\u00e9m pegue uma, ela n\u00e3o precisa dela. \u201cEla n\u00e3o sabe que hoje \u00e9 ter\u00e7a-feira\u201d, comenta Mike, \u201cmas consegue cantar m\u00fasicas dos anos 1960.\u201d<\/p>\n<p>Na manh\u00e3 do evento beneficente, faz 12\u00b0C. As pessoas apertam os casacos contra o corpo enquanto o ar frio da manh\u00e3 morde a pele.<\/p>\n<p data-component-name=\"paragraph\" class=\"styles__ParagraphStyled-sc-6adecn-0 gsLklW  \">Mike convence Drema a usar uma cadeira de rodas, que ele empurra at\u00e9 o pavilh\u00e3o em uma rua no centro de Manassas. Ela enfia as m\u00e3os sob o cobertor que cobre seu colo.<\/p>\n<p> \u201cDev\u00edamos ter pedido um pouquinho de sol para o homem l\u00e1 de cima\u201d, diz ela.<\/p>\n<p>Drema n\u00e3o se lembra de onde veio o cobertor artesanal que a cobre. Mike a lembra de que foi um presente de uma amiga. Drema n\u00e3o se lembra do motivo de estarem no pavilh\u00e3o. Mike a lembra de que eles v\u00e3o cantar.<\/p>\n<p>Durante um minuto e meio, Drema canta. Ela sorri. N\u00e3o parece nervosa, nem confusa, nem perdida.<\/p>\n<p data-component-name=\"paragraph\" class=\"styles__ParagraphStyled-sc-6adecn-0 gsLklW  \">Depois da apresenta\u00e7\u00e3o, o vice-presidente local da Associa\u00e7\u00e3o de Alzheimer, Michael Farrell, sobe ao palco e anuncia que o evento arrecadou 203 mil d\u00f3lares. Ele pede que as pessoas \u201ccavem um pouco mais fundo\u201d e doem mais dinheiro para ajudar a acabar com a doen\u00e7a.<\/p>\n<p data-component-name=\"paragraph\" class=\"styles__ParagraphStyled-sc-6adecn-0 gsLklW  \">Drema diz que sente pena das pessoas que t\u00eam Alzheimer: \u201cNunca sabemos quem vai ter. O m\u00e9dico colocou isso na minha lista de coisas que eu poderia ter por ser velha. Mas isso n\u00e3o aconteceu.\u201d<\/p>\n<p data-component-name=\"paragraph\" class=\"styles__ParagraphStyled-sc-6adecn-0 gsLklW  \">Ela olha para Mike e pergunta o que est\u00e3o fazendo. Ele aperta o nariz dela; ela ri. Ele a olha com ternura. Depois, a empurra de volta at\u00e9 o carro. Ela pode n\u00e3o se lembrar por muito tempo, mas Drema diz que se divertiu muito.<\/p>\n<p data-component-name=\"paragraph\" class=\"styles__ParagraphStyled-sc-6adecn-0 gsLklW  \">Este conte\u00fado foi traduzido com o aux\u00edlio de ferramentas de Intelig\u00eancia Artificial e revisado por nossa equipe editorial. <a href=\"https:\/\/www.estadao.com.br\/link\/estadao-define-politica-de-uso-de-ferramentas-de-inteligencia-artificial-por-seus-jornalistas-veja\/\" target=\"_blank\" rel=\"nofollow noopener\"><strong>Saiba mais em nossa Pol\u00edtica de IA<\/strong><\/a>.<\/p>\n","protected":false},"excerpt":{"rendered":"Aos 86 anos, Drema entra cambaleante no santu\u00e1rio da Igreja dos Irm\u00e3os de Manassas, segurando firmemente o bra\u00e7o&hellip;\n","protected":false},"author":2,"featured_media":127088,"comment_status":"","ping_status":"","sticky":false,"template":"","format":"standard","meta":{"footnotes":""},"categories":[86],"tags":[116,8070,52,32,33,117],"class_list":{"0":"post-127087","1":"post","2":"type-post","3":"status-publish","4":"format-standard","5":"has-post-thumbnail","7":"category-saude","8":"tag-health","9":"tag-null","10":"tag-politica","11":"tag-portugal","12":"tag-pt","13":"tag-saude"},"share_on_mastodon":{"url":"https:\/\/pubeurope.com\/@pt\/115440848939976887","error":""},"_links":{"self":[{"href":"https:\/\/www.europesays.com\/pt\/wp-json\/wp\/v2\/posts\/127087","targetHints":{"allow":["GET"]}}],"collection":[{"href":"https:\/\/www.europesays.com\/pt\/wp-json\/wp\/v2\/posts"}],"about":[{"href":"https:\/\/www.europesays.com\/pt\/wp-json\/wp\/v2\/types\/post"}],"author":[{"embeddable":true,"href":"https:\/\/www.europesays.com\/pt\/wp-json\/wp\/v2\/users\/2"}],"replies":[{"embeddable":true,"href":"https:\/\/www.europesays.com\/pt\/wp-json\/wp\/v2\/comments?post=127087"}],"version-history":[{"count":0,"href":"https:\/\/www.europesays.com\/pt\/wp-json\/wp\/v2\/posts\/127087\/revisions"}],"wp:featuredmedia":[{"embeddable":true,"href":"https:\/\/www.europesays.com\/pt\/wp-json\/wp\/v2\/media\/127088"}],"wp:attachment":[{"href":"https:\/\/www.europesays.com\/pt\/wp-json\/wp\/v2\/media?parent=127087"}],"wp:term":[{"taxonomy":"category","embeddable":true,"href":"https:\/\/www.europesays.com\/pt\/wp-json\/wp\/v2\/categories?post=127087"},{"taxonomy":"post_tag","embeddable":true,"href":"https:\/\/www.europesays.com\/pt\/wp-json\/wp\/v2\/tags?post=127087"}],"curies":[{"name":"wp","href":"https:\/\/api.w.org\/{rel}","templated":true}]}}