{"id":127093,"date":"2025-10-26T14:09:08","date_gmt":"2025-10-26T14:09:08","guid":{"rendered":"https:\/\/www.europesays.com\/pt\/127093\/"},"modified":"2025-10-26T14:09:08","modified_gmt":"2025-10-26T14:09:08","slug":"portugues-vai-trabalhar-no-posto-de-correios-mais-remoto-do-mundo-antarctida","status":"publish","type":"post","link":"https:\/\/www.europesays.com\/pt\/127093\/","title":{"rendered":"Portugu\u00eas vai trabalhar no posto de correios mais remoto do mundo | Ant\u00e1rctida"},"content":{"rendered":"<p>Durante os pr\u00f3ximos cinco meses e em condi\u00e7\u00f5es climat\u00e9ricas extremas, o portugu\u00eas Tiago Figueiredo vai trabalhar no posto de correios mais remoto do planeta, em Port Lockroy, na Ant\u00e1rctica, integrado numa miss\u00e3o cient\u00edfica brit\u00e2nica.<\/p>\n<p>Figueiredo, de 47 anos, faz parte uma equipa de seis pessoas da organiza\u00e7\u00e3o UK Antarctic Heritage Trust (UKAHT) que v\u00e3o viver e trabalhar na ilha de Goudier, cuja \u00e1rea equivale a um campo de futebol. A partida est\u00e1 prevista para segunda-feira.<\/p>\n<p>&#8220;Obviamente, h\u00e1 sempre um grau de apreens\u00e3o, mas \u00e9 uma daquelas oportunidades \u00fanicas. Estou muito entusiasmado e a contar os dias. Eu considero-me um enorme sortudo&#8221;, afirmou \u00e0 ag\u00eancia Lusa. Para Tiago Figueiredo, esta vai ser uma experi\u00eancia completamente nova e muito diferente da profiss\u00e3o de consultor empresarial.<\/p>\n<p>Natural de Lisboa, Figueiredo vive no Reino Unido desde 2012, onde o fasc\u00ednio pela \u00e9poca dos descobrimentos portugueses, nos s\u00e9culos XIV e XV, levou-o a interessar-se pelos feitos de exploradores brit\u00e2nicos dos s\u00e9culos XIX e XX, como Ernest Shackleton e Robert Scott. &#8220;Eu nunca aprendi sobre nada disto na escola. Comecei a ler muito sobre o assunto, a pesquisar e a desenvolver um desejo distante de um dia l\u00e1 ir&#8221;, contou.<\/p>\n<p>A oportunidade surgiu ap\u00f3s a mulher, Raquel, lhe reencaminhar um an\u00fancio de emprego invulgar. O UKAHT \u00e9 uma organiza\u00e7\u00e3o filantr\u00f3pica brit\u00e2nica respons\u00e1vel por v\u00e1rios locais <a href=\"https:\/\/www.publico.pt\/2024\/01\/26\/ciencia\/entrevista\/goncalo-vieira-antarctida-especie-refrigerador-planeta-2078152\" rel=\"nofollow noopener\" target=\"_blank\">na Ant\u00e1rctica<\/a>, incluindo Port Lockroy, uma antiga base militar estabelecida em 1944, durante a Segunda Guerra Mundial.<\/p>\n<p>                &#13;<br \/>\n                    &#13;<br \/>\n                    &#13;<br \/>\n                        Tiago Figueiredo tem 47 anos&#13;<br \/>\nDR                    &#13;<\/p>\n<p>Todos os anos, uma nova equipa \u00e9 enviada para inventariar a col\u00f3nia de mais de mil pinguins-gentoo na ilha, sobretudo dos ovos e das novas crias. A miss\u00e3o coincide com o per\u00edodo do ver\u00e3o austral e do degelo natural, aproveitado pelas aves para o processo de reprodu\u00e7\u00e3o. O estudo tem como objectivo avaliar a qualidade de vida e de sobreviv\u00eancia dos <a href=\"http:\/\/publico.pt\/2021\/11\/13\/ciencia\/noticia\/estudo-detecta-presenca-bastante-frequente-microplasticos-pinguins-antarctida-1984839\" rel=\"nofollow noopener\" target=\"_blank\">pinguins<\/a>.<\/p>\n<p>O posto de correio mais a sul do planeta e o museu s\u00e3o essencialmente visitados pelo n\u00famero limitado de turistas transportados por cruzeiros e autorizados a entrar na ilha. Ainda assim, s\u00e3o enviados de Port Lockroy dezenas de milhares de cartas e postais.<\/p>\n<p>Os membros da equipa da UKAHT t\u00eam tamb\u00e9m a responsabilidade de ir a bordo dos navios para fazer palestras sobre a hist\u00f3ria da ilha, sobre a sua miss\u00e3o e sensibilizar para a import\u00e2ncia do trabalho de conserva\u00e7\u00e3o da Ant\u00e1rctica. Tendo em conta que o acesso a \u00e1gua, energia e comunica\u00e7\u00f5es ser\u00e1 limitado, Figueiredo espera aproveitar aquelas ocasi\u00f5es &#8220;para tomar um banho quente, porque na ilha n\u00e3o h\u00e1 \u00e1gua corrente, e para ter uma refei\u00e7\u00e3o sem ser de lata&#8221;.<\/p>\n<p>O portugu\u00eas teve forma\u00e7\u00e3o de sobreviv\u00eancia, no caso de acidente ou intemp\u00e9rie, e de primeiros socorros, incluindo fazer reanima\u00e7\u00e3o, dar injec\u00e7\u00f5es ou fazer um cateterismo. Aprendeu tamb\u00e9m a operar o posto de correios e a manusear artefactos hist\u00f3ricos guardados no museu, nomeadamente objectos usados pelos ocupantes ao longo de oito d\u00e9cadas.<\/p>\n<p>Na loja, vendem-se lembran\u00e7as como t-shirts, canecas ou \u00edmanes para o frigor\u00edfico, com a particularidade de ser &#8220;talvez o \u00fanico s\u00edtio onde se pode comprar alguma coisa na Ant\u00e1rctica&#8221;. As receitas s\u00e3o importantes para financiar o funcionamento e a manuten\u00e7\u00e3o dos edif\u00edcios.<\/p>\n<p>Deixar a fam\u00edlia para tr\u00e1s, da qual vai estar afastado na \u00e9poca natal\u00edcia, ser\u00e1 dif\u00edcil para Figueiredo, que s\u00f3 aceitou depois de ser &#8220;autorizado&#8221; pela mulher e duas filhas. O trabalho vai ser remunerado e as viagens e despesas pagas, mas, para o lisboeta, esta \u00e9, sobretudo, a &#8220;concretiza\u00e7\u00e3o de um sonho&#8221;.<\/p>\n<p>Figueiredo ser\u00e1 o primeiro portugu\u00eas a integrar uma miss\u00e3o da UKAHT, que este ano inclui v\u00e1rios membros repetentes e Amanda Barry, cujo pai esteve ali destacado em 1948. Tr\u00eas dos membros ser\u00e3o substitu\u00eddos no final de Dezembro.<\/p>\n<p>No in\u00edcio de Janeiro v\u00e3o juntar-se tr\u00eas carpinteiros para realizar trabalhos de repara\u00e7\u00e3o da estrutura dos edif\u00edcios de madeira pela \u00e1gua e neve. Tamb\u00e9m est\u00e3o previstas interven\u00e7\u00f5es na infra-estrutura el\u00e9ctrica e de comunica\u00e7\u00f5es.<\/p>\n<p>Figueiredo \u00e9 um dos poucos estreantes e vai permanecer a temporada inteira. &#8220;Eu preferi ficar, j\u00e1 que a viagem de 14 mil quil\u00f3metros \u00e9 longa. Pensei, j\u00e1 que vou, mais vale ficar o tempo todo. Espero n\u00e3o me arrepender&#8221;, disse.<\/p>\n<p>Leva na mala roupas e cal\u00e7ado quentes para aguentar as temperaturas negativas, alguns livros, chocolates, &#8220;caf\u00e9 do bom&#8221;, fotografias da fam\u00edlia e material para fazer presentes de Natal para os companheiros de aventura.<\/p>\n","protected":false},"excerpt":{"rendered":"Durante os pr\u00f3ximos cinco meses e em condi\u00e7\u00f5es climat\u00e9ricas extremas, o portugu\u00eas Tiago Figueiredo vai trabalhar no posto&hellip;\n","protected":false},"author":2,"featured_media":127094,"comment_status":"","ping_status":"","sticky":false,"template":"","format":"standard","meta":{"footnotes":""},"categories":[10],"tags":[964,1353,29069,2780,27,28,109,15,16,14,25,26,21,22,12,13,19,20,542,32,23,24,33,17,18,29,30,31],"class_list":{"0":"post-127093","1":"post","2":"type-post","3":"status-publish","4":"format-standard","5":"has-post-thumbnail","7":"category-portugal","8":"tag-ambiente","9":"tag-animais","10":"tag-antarctida","11":"tag-biodiversidade","12":"tag-breaking-news","13":"tag-breakingnews","14":"tag-ciencia","15":"tag-featured-news","16":"tag-featurednews","17":"tag-headlines","18":"tag-latest-news","19":"tag-latestnews","20":"tag-main-news","21":"tag-mainnews","22":"tag-news","23":"tag-noticias","24":"tag-noticias-principais","25":"tag-noticiasprincipais","26":"tag-para-redes","27":"tag-portugal","28":"tag-principais-noticias","29":"tag-principaisnoticias","30":"tag-pt","31":"tag-top-stories","32":"tag-topstories","33":"tag-ultimas","34":"tag-ultimas-noticias","35":"tag-ultimasnoticias"},"share_on_mastodon":{"url":"https:\/\/pubeurope.com\/@pt\/115440868722043384","error":""},"_links":{"self":[{"href":"https:\/\/www.europesays.com\/pt\/wp-json\/wp\/v2\/posts\/127093","targetHints":{"allow":["GET"]}}],"collection":[{"href":"https:\/\/www.europesays.com\/pt\/wp-json\/wp\/v2\/posts"}],"about":[{"href":"https:\/\/www.europesays.com\/pt\/wp-json\/wp\/v2\/types\/post"}],"author":[{"embeddable":true,"href":"https:\/\/www.europesays.com\/pt\/wp-json\/wp\/v2\/users\/2"}],"replies":[{"embeddable":true,"href":"https:\/\/www.europesays.com\/pt\/wp-json\/wp\/v2\/comments?post=127093"}],"version-history":[{"count":0,"href":"https:\/\/www.europesays.com\/pt\/wp-json\/wp\/v2\/posts\/127093\/revisions"}],"wp:featuredmedia":[{"embeddable":true,"href":"https:\/\/www.europesays.com\/pt\/wp-json\/wp\/v2\/media\/127094"}],"wp:attachment":[{"href":"https:\/\/www.europesays.com\/pt\/wp-json\/wp\/v2\/media?parent=127093"}],"wp:term":[{"taxonomy":"category","embeddable":true,"href":"https:\/\/www.europesays.com\/pt\/wp-json\/wp\/v2\/categories?post=127093"},{"taxonomy":"post_tag","embeddable":true,"href":"https:\/\/www.europesays.com\/pt\/wp-json\/wp\/v2\/tags?post=127093"}],"curies":[{"name":"wp","href":"https:\/\/api.w.org\/{rel}","templated":true}]}}