{"id":127108,"date":"2025-10-26T14:27:12","date_gmt":"2025-10-26T14:27:12","guid":{"rendered":"https:\/\/www.europesays.com\/pt\/127108\/"},"modified":"2025-10-26T14:27:12","modified_gmt":"2025-10-26T14:27:12","slug":"katy-perry-e-justin-trudeau-assumem-relacao-observador","status":"publish","type":"post","link":"https:\/\/www.europesays.com\/pt\/127108\/","title":{"rendered":"Katy Perry e Justin Trudeau assumem rela\u00e7\u00e3o \u2013 Observador"},"content":{"rendered":"<p>Os rumores multiplicam-se h\u00e1 meses, mas desta vez \u00e9 mesmo oficial: Katy Perry e Justin Trudeau est\u00e3o juntos e assumiram a rela\u00e7\u00e3o publicamente, aparecendo de m\u00e3os dadas para celebrar o anivers\u00e1rio da cantora, que fez 41 anos este s\u00e1bado.<\/p>\n<p>Ao sair de um espet\u00e1culo de cabaret cuja sa\u00edda estava rodeada por fot\u00f3grafos, Katy Perry deu a m\u00e3o ao ex-primeiro-ministro do Canad\u00e1 enquanto se dirigiam ao carro que os esperava, confirmando assim a rela\u00e7\u00e3o, entre sorrisos e cumprimentos a quem os esperava \u00e0 porta.<\/p>\n<p><a href=\"https:\/\/www.tmz.com\/2025\/10\/25\/justin-trudeau-katy-perry-paris-france\/\" rel=\"nofollow noopener\" target=\"_blank\">A TMZ captou o v\u00eddeo<\/a>, que mostra o momento em que Perry, que j\u00e1 tem presen\u00e7a confirmada na edi\u00e7\u00e3o de 2026 do Rock in Rio Lisboa, recebe uma rosa da m\u00e3o de uma f\u00e3, sempre ladeada por Trudeau, que sorri e se encaminha com a estrela norte-americana para o carro.<\/p>\n<p>A TMZ j\u00e1 tinha publicado, este m\u00eas, fotografias da cantora e do antigo primeiro-ministro a trocarem beijos no iate de Perry, num passeio pela costa da Calif\u00f3rnia. Os primeiros rumores de que teria surgido um romance entre os dois surgiram em julho, quando foram vistos a jantar em Montreal, no Canad\u00e1, e depois quando Trudeau foi assistir a um concerto da cantora na mesma cidade.<\/p>\n<p>Trudeau divorciou-se da mulher, Sophie Greg\u00f3ire, com quem teve tr\u00eas filhos, em agosto de 2023, quando ainda era chefe do governo canadiano. J\u00e1 Perry separou-se do ator Orlando Bloom, de quem estava noiva, em junho deste ano.<\/p>\n<p>                    <strong>Tem um minuto?<\/strong><br \/>O Observador est\u00e1 a realizar junto dos seus leitores um curto estudo de apenas quatro perguntas. <a href=\"https:\/\/observador.typeform.com\/to\/DnJJ0FZQ\" target=\"_blank\" style=\"text-decoration: underline; color:#262626;\" rel=\"nofollow noopener\">Responda aqui<\/a>.<\/p>\n","protected":false},"excerpt":{"rendered":"Os rumores multiplicam-se h\u00e1 meses, mas desta vez \u00e9 mesmo oficial: Katy Perry e Justin Trudeau est\u00e3o juntos&hellip;\n","protected":false},"author":2,"featured_media":127109,"comment_status":"","ping_status":"","sticky":false,"template":"","format":"standard","meta":{"footnotes":""},"categories":[145],"tags":[211,210,114,115,568,186,32,33],"class_list":{"0":"post-127108","1":"post","2":"type-post","3":"status-publish","4":"format-standard","5":"has-post-thumbnail","7":"category-celebridades","8":"tag-celebridades","9":"tag-celebrities","10":"tag-entertainment","11":"tag-entretenimento","12":"tag-katy-perry","13":"tag-lifestyle","14":"tag-portugal","15":"tag-pt"},"share_on_mastodon":{"url":"https:\/\/pubeurope.com\/@pt\/115440939367553914","error":""},"_links":{"self":[{"href":"https:\/\/www.europesays.com\/pt\/wp-json\/wp\/v2\/posts\/127108","targetHints":{"allow":["GET"]}}],"collection":[{"href":"https:\/\/www.europesays.com\/pt\/wp-json\/wp\/v2\/posts"}],"about":[{"href":"https:\/\/www.europesays.com\/pt\/wp-json\/wp\/v2\/types\/post"}],"author":[{"embeddable":true,"href":"https:\/\/www.europesays.com\/pt\/wp-json\/wp\/v2\/users\/2"}],"replies":[{"embeddable":true,"href":"https:\/\/www.europesays.com\/pt\/wp-json\/wp\/v2\/comments?post=127108"}],"version-history":[{"count":0,"href":"https:\/\/www.europesays.com\/pt\/wp-json\/wp\/v2\/posts\/127108\/revisions"}],"wp:featuredmedia":[{"embeddable":true,"href":"https:\/\/www.europesays.com\/pt\/wp-json\/wp\/v2\/media\/127109"}],"wp:attachment":[{"href":"https:\/\/www.europesays.com\/pt\/wp-json\/wp\/v2\/media?parent=127108"}],"wp:term":[{"taxonomy":"category","embeddable":true,"href":"https:\/\/www.europesays.com\/pt\/wp-json\/wp\/v2\/categories?post=127108"},{"taxonomy":"post_tag","embeddable":true,"href":"https:\/\/www.europesays.com\/pt\/wp-json\/wp\/v2\/tags?post=127108"}],"curies":[{"name":"wp","href":"https:\/\/api.w.org\/{rel}","templated":true}]}}