{"id":127126,"date":"2025-10-26T14:43:12","date_gmt":"2025-10-26T14:43:12","guid":{"rendered":"https:\/\/www.europesays.com\/pt\/127126\/"},"modified":"2025-10-26T14:43:12","modified_gmt":"2025-10-26T14:43:12","slug":"tarsila-do-amaral-carta-abre-novo-racha-entre-herdeiros-26-10-2025-plastico","status":"publish","type":"post","link":"https:\/\/www.europesays.com\/pt\/127126\/","title":{"rendered":"Tarsila do Amaral: Carta abre novo racha entre herdeiros &#8211; 26\/10\/2025 &#8211; Pl\u00e1stico"},"content":{"rendered":"<p>Uma carta a ser tornada p\u00fablica em breve pela maior parte dos herdeiros de <a href=\"https:\/\/www1.folha.uol.com.br\/folha-topicos\/tarsila-do-amaral\/\" rel=\"nofollow noopener\" target=\"_blank\">Tarsila do Amaral<\/a> abre um <a href=\"https:\/\/www1.folha.uol.com.br\/colunas\/plastico\/2025\/06\/herdeiros-de-tarsila-do-amaral-mudam-de-lado-em-nova-fase-de-disputa-familiar.shtml\" rel=\"nofollow noopener\" target=\"\">novo racha entre os descendentes da artista<\/a> numa briga cada vez mais agressiva para ver quem, de fato, deve comandar os seus direitos autorais e, claro, embolsar o dinheiro que as <a href=\"https:\/\/www1.folha.uol.com.br\/colunas\/plastico\/2025\/01\/a-caipirinha-recordista-de-tarsila-do-amaral-nos-leiloes-coroa-novo-museu.shtml\" rel=\"nofollow noopener\" target=\"\">pe\u00e7as rar\u00edssimas da modernista<\/a> ainda podem render.<\/p>\n<p>No documento, um conjunto importante dos 56 herdeiros de <a href=\"https:\/\/www1.folha.uol.com.br\/colunas\/plastico\/2024\/12\/tela-de-tarsila-do-amaral-em-paris-e-alvo-de-briga-de-herdeiro-do-hotel-maksoud.shtml\" rel=\"nofollow noopener\" target=\"\">Tarsila<\/a> afirma estar preocupado ao extremo com os &#8220;rumos atuais da gest\u00e3o de direitos autorais de que s\u00e3o titulares&#8221;. O estopim por tr\u00e1s da missiva foi uma confer\u00eancia dada pelos atuais respons\u00e1veis pela marca da artista na <a href=\"https:\/\/www1.folha.uol.com.br\/ilustrada\/2025\/02\/crime-cultural-diz-augusto-de-campos-sobre-remocao-de-acervo-da-casa-das-rosas.shtml\" rel=\"nofollow noopener\" target=\"\">Casa das Rosas<\/a>, em <a href=\"https:\/\/www1.folha.uol.com.br\/folha-topicos\/sao-paulo\/\" rel=\"nofollow noopener\" target=\"_blank\">S\u00e3o Paulo<\/a>, no fim do m\u00eas passado, em que fizeram uma demonstra\u00e7\u00e3o de como suas obras passar\u00e3o a ser autentificadas, ou seja, declaradas leg\u00edtimas para o mercado.<\/p>\n<p>Todo o processo agora depende da <a href=\"https:\/\/www1.folha.uol.com.br\/ilustrada\/2024\/08\/tarsilinha-questiona-pericia-e-autenticidade-de-novo-quadro-de-tarsila-do-amaral.shtml\" rel=\"nofollow noopener\" target=\"\">an\u00e1lise de Douglas Quintale<\/a>, perito contratado pelo grupo opositor dessa parte dos herdeiros, que declarou como verdadeira uma pintura pol\u00eamica atribu\u00edda a Tarsila ofertada na feira <a href=\"https:\/\/www1.folha.uol.com.br\/folha-topicos\/sp-arte\/\" rel=\"nofollow noopener\" target=\"_blank\">SP-Arte<\/a> do ano passado por R$ 16 milh\u00f5es e hoje sendo negociada por R$ 60 milh\u00f5es.<\/p>\n<p>O quadro causou uma avalanche de d\u00favidas pelo hist\u00f3rico apresentado \u2014a pe\u00e7a nunca teria sido vista porque estava havia d\u00e9cadas no <a href=\"https:\/\/www1.folha.uol.com.br\/folha-topicos\/libano\/\" rel=\"nofollow noopener\" target=\"_blank\">L\u00edbano<\/a>\u2014 e foi apontado como falso por grande parte do establishment art\u00edstico do pa\u00eds \u2014os herdeiros, \u00e9 claro, s\u00f3 t\u00eam a lucrar com sua autentifica\u00e7\u00e3o, j\u00e1 que teriam direito ao chamado direito de sequ\u00eancia, uma fra\u00e7\u00e3o do dinheiro da revenda que cabe ao artista ou, no caso, a seus descendentes.<\/p>\n<p>O movimento dos novos controladores dos direitos de Tarsila foi afastar os pesquisadores respons\u00e1veis por seu cat\u00e1logo raisonn\u00e9, a compila\u00e7\u00e3o oficial de todas as obras de um artista, <a href=\"https:\/\/www1.folha.uol.com.br\/ilustrada\/2024\/08\/especialistas-em-tarsila-do-amaral-sao-impedidos-de-validarem-obras-da-artista.shtml\" rel=\"nofollow noopener\" target=\"\">silenciar esses cr\u00edticos<\/a>, entre eles Aracy Amaral, a maior autoridade no pa\u00eds em rela\u00e7\u00e3o a Tarsila, e <a href=\"https:\/\/www1.folha.uol.com.br\/ilustrada\/2024\/04\/herdeiros-de-tarsila-chamam-perito-para-validar-obra-apontada-como-falsa.shtml\" rel=\"nofollow noopener\" target=\"\">nomear um novo perito<\/a>.<\/p>\n<p>O objetivo do <a href=\"https:\/\/www1.folha.uol.com.br\/ilustrada\/2024\/08\/herdeiros-de-tarsila-trocam-farpas-apos-certificacao-de-autoria-de-tela-da-artista.shtml\" rel=\"nofollow noopener\" target=\"\">grupo liderado por Tarsilinha do Amaral<\/a>, sobrinha-neta da artista antes no controle de seus direitos autorais, \u00e9 tirar da firma familiar Tarsila do Amaral Empreendimentos e Licenciamentos, a Tale, o dom\u00ednio sobre os direitos autorais da artista. Na carta, eles afirmam n\u00e3o reconhecer a empresa como controladora da imagem da modernista.<\/p>\n<p>Procurada, <a href=\"https:\/\/www1.folha.uol.com.br\/ilustrada\/2024\/08\/tela-de-tarsila-do-amaral-tida-como-falsa-pelo-mercado-e-verdadeira-diz-familia.shtml\" rel=\"nofollow noopener\" target=\"\">Paola Montenegro<\/a>, a sobrinha-bisneta DJ e atual diretora da Tale, disse que a empresa &#8220;n\u00e3o vai entrar no m\u00e9rito de opini\u00f5es isoladas, porque o trabalho que foi realizado envolve compet\u00eancias t\u00e9cnicas de especialistas e peritos&#8221;.<\/p>\n<p class=\"c-context__content\">&#13;<br \/>\n    <strong>LINK PRESENTE:<\/strong> Gostou deste texto? Assinante pode liberar sete acessos gratuitos de qualquer link por dia. Basta clicar no F azul abaixo.&#13;\n  <\/p>\n","protected":false},"excerpt":{"rendered":"Uma carta a ser tornada p\u00fablica em breve pela maior parte dos herdeiros de Tarsila do Amaral abre&hellip;\n","protected":false},"author":2,"featured_media":127127,"comment_status":"","ping_status":"","sticky":false,"template":"","format":"standard","meta":{"footnotes":""},"categories":[144],"tags":[207,205,206,559,203,201,202,29078,204,114,115,236,1516,4628,32,33,654,3802,29077,15722],"class_list":{"0":"post-127126","1":"post","2":"type-post","3":"status-publish","4":"format-standard","5":"has-post-thumbnail","7":"category-arte-e-design","8":"tag-arte","9":"tag-arte-e-design","10":"tag-artedesign","11":"tag-artes-plasticas","12":"tag-arts","13":"tag-arts-and-design","14":"tag-artsanddesign","15":"tag-casa-das-rosas","16":"tag-design","17":"tag-entertainment","18":"tag-entretenimento","19":"tag-folha","20":"tag-libano","21":"tag-oriente-medio","22":"tag-portugal","23":"tag-pt","24":"tag-sao-paulo","25":"tag-sao-paulo-estado","26":"tag-sp-arte","27":"tag-tarsila-do-amaral"},"share_on_mastodon":{"url":"https:\/\/pubeurope.com\/@pt\/115441002295488981","error":""},"_links":{"self":[{"href":"https:\/\/www.europesays.com\/pt\/wp-json\/wp\/v2\/posts\/127126","targetHints":{"allow":["GET"]}}],"collection":[{"href":"https:\/\/www.europesays.com\/pt\/wp-json\/wp\/v2\/posts"}],"about":[{"href":"https:\/\/www.europesays.com\/pt\/wp-json\/wp\/v2\/types\/post"}],"author":[{"embeddable":true,"href":"https:\/\/www.europesays.com\/pt\/wp-json\/wp\/v2\/users\/2"}],"replies":[{"embeddable":true,"href":"https:\/\/www.europesays.com\/pt\/wp-json\/wp\/v2\/comments?post=127126"}],"version-history":[{"count":0,"href":"https:\/\/www.europesays.com\/pt\/wp-json\/wp\/v2\/posts\/127126\/revisions"}],"wp:featuredmedia":[{"embeddable":true,"href":"https:\/\/www.europesays.com\/pt\/wp-json\/wp\/v2\/media\/127127"}],"wp:attachment":[{"href":"https:\/\/www.europesays.com\/pt\/wp-json\/wp\/v2\/media?parent=127126"}],"wp:term":[{"taxonomy":"category","embeddable":true,"href":"https:\/\/www.europesays.com\/pt\/wp-json\/wp\/v2\/categories?post=127126"},{"taxonomy":"post_tag","embeddable":true,"href":"https:\/\/www.europesays.com\/pt\/wp-json\/wp\/v2\/tags?post=127126"}],"curies":[{"name":"wp","href":"https:\/\/api.w.org\/{rel}","templated":true}]}}