{"id":127128,"date":"2025-10-26T14:45:27","date_gmt":"2025-10-26T14:45:27","guid":{"rendered":"https:\/\/www.europesays.com\/pt\/127128\/"},"modified":"2025-10-26T14:45:27","modified_gmt":"2025-10-26T14:45:27","slug":"vejo-uma-relacao-um-bocadinho-toxica","status":"publish","type":"post","link":"https:\/\/www.europesays.com\/pt\/127128\/","title":{"rendered":"\u201cVejo uma rela\u00e7\u00e3o um bocadinho t\u00f3xica\u201d"},"content":{"rendered":"<p>Isabel Figueira sem rodeios sobre Liliana e F\u00e1bio no \u201c<a href=\"https:\/\/tvi.iol.pt\/secretstory\" rel=\"nofollow noopener\" target=\"_blank\">Secret Story 9<\/a>\u201d: \u201cVejo uma rela\u00e7\u00e3o um bocadinho t\u00f3xica\u201d, disse.<\/p>\n<p>Comentadora analisou o comportamento do casal e deixou aviso sobre o desgaste emocional dentro da casa<\/p>\n<p>No <strong>Di\u00e1rio da Casa dos Segredos<\/strong>, <strong>Isabel Figueira<\/strong> voltou a pronunciar-se sobre a conturbada rela\u00e7\u00e3o entre <strong>F\u00e1bio e Liliana<\/strong>, um dos casais mais falados do <strong>\u201cSecret Story 9\u201d<\/strong>. Entre discuss\u00f5es e reconcilia\u00e7\u00f5es, a comentadora fez uma an\u00e1lise franca sobre o comportamento dos dois concorrentes e n\u00e3o escondeu preocupa\u00e7\u00e3o com o rumo da rela\u00e7\u00e3o.<\/p>\n<p>\u201cIsto \u00e9 o retrato de muitas rela\u00e7\u00f5es que existem c\u00e1 fora\u201d<\/p>\n<p>Logo no in\u00edcio da an\u00e1lise, Isabel Figueira destacou que o que se passa entre os dois reflete din\u00e2micas comuns fora do reality show.<br \/><strong>\u201cIsto \u00e9 o retrato de muitas rela\u00e7\u00f5es que existem c\u00e1 fora\u201d<\/strong>, afirmou, sublinhando que a tens\u00e3o entre o casal tem origem na <strong>aproxima\u00e7\u00e3o de F\u00e1bio a outros concorrentes<\/strong>, algo que Liliana n\u00e3o tem conseguido gerir.<\/p>\n<p>A comentadora procurou relativizar o epis\u00f3dio:<br \/><strong>\u201cFalando aqui, nomeadamente, desta cena espec\u00edfica, acho que n\u00e3o tem mal nenhum o F\u00e1bio falar com outras pessoas e dar-se com outras pessoas da casa. Acho que a Liliana n\u00e3o tem mal nenhum estar a desabafar com o Pedro Jorge e com o Leandro no quarto.\u201d<\/strong><\/p>\n<p>\u201cVejo uma rela\u00e7\u00e3o um bocadinho t\u00f3xica\u201d<\/p>\n<p>Para Isabel Figueira, o confinamento e a press\u00e3o do jogo acabam por acentuar comportamentos e emo\u00e7\u00f5es.<br \/><strong>\u201cEu aqui vejo uma rela\u00e7\u00e3o um bocadinho t\u00f3xica, o que \u00e9 normal. Est\u00e3o ali fechados, n\u00e3o est\u00e3o expostos a v\u00e1rias coisas que \u00e9 normal um ser humano estar exposto.\u201d<\/strong>, explicou.<\/p>\n<p>A comentadora considerou que <strong>as falhas existem de ambos os lados<\/strong>, referindo:<br \/><strong>\u201cAcho que a Liliana muitas das vezes n\u00e3o \u00e9 correta, que o F\u00e1bio a mete numa situa\u00e7\u00e3o que ele n\u00e3o deve estar. E o F\u00e1bio aqui tamb\u00e9m n\u00e3o esteve bem a meter a Liliana numa situa\u00e7\u00e3o que ela tamb\u00e9m n\u00e3o merecia estar.\u201d<\/strong><\/p>\n<p>\u201cEst\u00e3o ambos cansados\u201d<\/p>\n<p>Isabel Figueira foi mais longe e admitiu duvidar da durabilidade do casal dentro e fora da casa.<br \/><strong>\u201cAcho que esta rela\u00e7\u00e3o era aquilo que eu dizia: acho que n\u00e3o tem muito futuro. Aquilo que eu fico a pensar \u00e9, se n\u00e3o existisse uma Liliana, como \u00e9 que o F\u00e1bio seria neste jogo? E se n\u00e3o existisse o F\u00e1bio, como \u00e9 que a Liliana seria neste jogo?\u201d<\/strong>, questionou.<\/p>\n<p>Para a comentadora, <strong>a instabilidade emocional de Liliana \u00e9 evidente<\/strong>:<br \/><strong>\u201cVejo estes momentos em que a Liliana est\u00e1 emocionalmente saturada. Est\u00e3o ambos cansados. Est\u00e3o ambos cansados. E a mim d\u00e1-me pena, porque ela emocionalmente, desde o primeiro dia, tem sido altos e baixos, altos e baixos.\u201d<\/strong><\/p>\n<p>\u201cLiliana parece muito baralhada e muito confusa\u201d<\/p>\n<p>No fecho da sua an\u00e1lise, Isabel Figueira expressou alguma empatia pela concorrente, reconhecendo o impacto do cansa\u00e7o e da press\u00e3o do jogo:<br \/><strong>\u201cAcredito que ela tamb\u00e9m esteja cansada. E que se chega a uma altura do jogo em que se baralham um bocadinho as coisas, digo eu. E neste momento a Liliana parece muito baralhada e muito confusa.\u201d<\/strong><\/p>\n<p><a href=\"https:\/\/news.google.com\/publications\/CAAqBwgKMKfIoAswtNK4Aw\" target=\"_blank\" rel=\"noopener noreferrer nofollow\"><img loading=\"lazy\" data-lazyloaded=\"1\" width=\"481\" height=\"161\" decoding=\"async\" src=\"\/wp-content\/uploads\/2024\/02\/GN_siganos.png\" alt=\"Siga-nos no Google News\" style=\"margin-top:20px;\"\/><\/a><\/p>\n","protected":false},"excerpt":{"rendered":"Isabel Figueira sem rodeios sobre Liliana e F\u00e1bio no \u201cSecret Story 9\u201d: \u201cVejo uma rela\u00e7\u00e3o um bocadinho t\u00f3xica\u201d,&hellip;\n","protected":false},"author":2,"featured_media":111034,"comment_status":"","ping_status":"","sticky":false,"template":"","format":"standard","meta":{"footnotes":""},"categories":[142],"tags":[2632,114,115,32,33,151],"class_list":{"0":"post-127128","1":"post","2":"type-post","3":"status-publish","4":"format-standard","5":"has-post-thumbnail","7":"category-tv","8":"tag-casa-dos-segredos","9":"tag-entertainment","10":"tag-entretenimento","11":"tag-portugal","12":"tag-pt","13":"tag-tv"},"share_on_mastodon":{"url":"https:\/\/pubeurope.com\/@pt\/115441010413690196","error":""},"_links":{"self":[{"href":"https:\/\/www.europesays.com\/pt\/wp-json\/wp\/v2\/posts\/127128","targetHints":{"allow":["GET"]}}],"collection":[{"href":"https:\/\/www.europesays.com\/pt\/wp-json\/wp\/v2\/posts"}],"about":[{"href":"https:\/\/www.europesays.com\/pt\/wp-json\/wp\/v2\/types\/post"}],"author":[{"embeddable":true,"href":"https:\/\/www.europesays.com\/pt\/wp-json\/wp\/v2\/users\/2"}],"replies":[{"embeddable":true,"href":"https:\/\/www.europesays.com\/pt\/wp-json\/wp\/v2\/comments?post=127128"}],"version-history":[{"count":0,"href":"https:\/\/www.europesays.com\/pt\/wp-json\/wp\/v2\/posts\/127128\/revisions"}],"wp:featuredmedia":[{"embeddable":true,"href":"https:\/\/www.europesays.com\/pt\/wp-json\/wp\/v2\/media\/111034"}],"wp:attachment":[{"href":"https:\/\/www.europesays.com\/pt\/wp-json\/wp\/v2\/media?parent=127128"}],"wp:term":[{"taxonomy":"category","embeddable":true,"href":"https:\/\/www.europesays.com\/pt\/wp-json\/wp\/v2\/categories?post=127128"},{"taxonomy":"post_tag","embeddable":true,"href":"https:\/\/www.europesays.com\/pt\/wp-json\/wp\/v2\/tags?post=127128"}],"curies":[{"name":"wp","href":"https:\/\/api.w.org\/{rel}","templated":true}]}}