{"id":127131,"date":"2025-10-26T14:48:09","date_gmt":"2025-10-26T14:48:09","guid":{"rendered":"https:\/\/www.europesays.com\/pt\/127131\/"},"modified":"2025-10-26T14:48:09","modified_gmt":"2025-10-26T14:48:09","slug":"rui-costa-e-joao-noronha-lopes-vao-a-segunda-volta","status":"publish","type":"post","link":"https:\/\/www.europesays.com\/pt\/127131\/","title":{"rendered":"Rui Costa e Jo\u00e3o Noronha Lopes v\u00e3o \u00e0 segunda volta"},"content":{"rendered":"<p>        Atual presidente ganhou a elei\u00e7\u00e3o por longa margem relativamente ao seu principal oponente. Ainda assim, n\u00e3o \u00e9 suficiente para evitar uma segunda volta que vai decorrer a 8 de novembro.    <\/p>\n<p>Rui Costa, atual presidente do SL Benfica e Jo\u00e3o Noronha Lopes, encarado como principal rosto da oposi\u00e7\u00e3o \u00e0 dire\u00e7\u00e3o do clube, seguem para a segunda volta das elei\u00e7\u00f5es do emblema encarnado, de acordo com os resultados conhecidos este domingo.<\/p>\n<p>Rui Costa (Lista G), que preside ao clube desde 2021, foi o mais votado dos candidatos \u00e0 presid\u00eancia do clube nestes resultados: nesta altura com 103 sec\u00e7\u00f5es apuradas em 108 existentes, Rui Costa garantiu 45,54% dos votos, seguido da Lista F, liderada por Jo\u00e3o Noronha Lopes (F), com um resultado de 26,7%.<\/p>\n<p>Com o avan\u00e7o de seis candidaturas \u00e0 presid\u00eancia do clube, o desfecho deste ato eleitoral teve uma sequ\u00eancia j\u00e1 esperada: nenhum dos candidatos garante mais de 50% dos votos no ato eleitoral, pelo que ter\u00e1 de ser realizada uma segunda volta entre os dois mais votados. A segunda volta deste ato eleitoral ir\u00e1 acontecer a 8 de novembro.<\/p>\n","protected":false},"excerpt":{"rendered":"Atual presidente ganhou a elei\u00e7\u00e3o por longa margem relativamente ao seu principal oponente. Ainda assim, n\u00e3o \u00e9 suficiente&hellip;\n","protected":false},"author":2,"featured_media":127132,"comment_status":"","ping_status":"","sticky":false,"template":"","format":"standard","meta":{"footnotes":""},"categories":[87],"tags":[135,29079,9940,32,33,6058,134],"class_list":{"0":"post-127131","1":"post","2":"type-post","3":"status-publish","4":"format-standard","5":"has-post-thumbnail","7":"category-desporto","8":"tag-desporto","9":"tag-eleicoes-sl-benfica","10":"tag-joao-noronha-lopes","11":"tag-portugal","12":"tag-pt","13":"tag-rui-costa","14":"tag-sports"},"share_on_mastodon":{"url":"https:\/\/pubeurope.com\/@pt\/115441022094529332","error":""},"_links":{"self":[{"href":"https:\/\/www.europesays.com\/pt\/wp-json\/wp\/v2\/posts\/127131","targetHints":{"allow":["GET"]}}],"collection":[{"href":"https:\/\/www.europesays.com\/pt\/wp-json\/wp\/v2\/posts"}],"about":[{"href":"https:\/\/www.europesays.com\/pt\/wp-json\/wp\/v2\/types\/post"}],"author":[{"embeddable":true,"href":"https:\/\/www.europesays.com\/pt\/wp-json\/wp\/v2\/users\/2"}],"replies":[{"embeddable":true,"href":"https:\/\/www.europesays.com\/pt\/wp-json\/wp\/v2\/comments?post=127131"}],"version-history":[{"count":0,"href":"https:\/\/www.europesays.com\/pt\/wp-json\/wp\/v2\/posts\/127131\/revisions"}],"wp:featuredmedia":[{"embeddable":true,"href":"https:\/\/www.europesays.com\/pt\/wp-json\/wp\/v2\/media\/127132"}],"wp:attachment":[{"href":"https:\/\/www.europesays.com\/pt\/wp-json\/wp\/v2\/media?parent=127131"}],"wp:term":[{"taxonomy":"category","embeddable":true,"href":"https:\/\/www.europesays.com\/pt\/wp-json\/wp\/v2\/categories?post=127131"},{"taxonomy":"post_tag","embeddable":true,"href":"https:\/\/www.europesays.com\/pt\/wp-json\/wp\/v2\/tags?post=127131"}],"curies":[{"name":"wp","href":"https:\/\/api.w.org\/{rel}","templated":true}]}}