{"id":127139,"date":"2025-10-26T14:53:09","date_gmt":"2025-10-26T14:53:09","guid":{"rendered":"https:\/\/www.europesays.com\/pt\/127139\/"},"modified":"2025-10-26T14:53:09","modified_gmt":"2025-10-26T14:53:09","slug":"tailandia-e-camboja-assinam-acordo-de-paz-na-presenca-de-trump-asia","status":"publish","type":"post","link":"https:\/\/www.europesays.com\/pt\/127139\/","title":{"rendered":"Tail\u00e2ndia e Camboja assinam acordo de paz na presen\u00e7a de Trump | \u00c1sia"},"content":{"rendered":"<p>Anutin Charnvirakul, primeiro-ministro da Tail\u00e2ndia, e Hun Manet, chefe do Governo do Camboja, assinaram neste domingo um acordo de paz, destinado a p\u00f4r fim \u00e0s suas disputas fronteiri\u00e7as.<\/p>\n<p>O momento foi celebrado numa cerim\u00f3nia em Kuala Lumpur, na Mal\u00e1sia, que contou com a <a href=\"https:\/\/www.publico.pt\/2025\/10\/24\/mundo\/noticia\/trump-inicia-asean-periplo-asiatico-levar-ate-xi-2152040\" target=\"_blank\" rel=\"nofollow noopener\">presen\u00e7a destacada de Donald Trump<\/a>, Presidente dos EUA, que se encontra naquele pa\u00eds para participar na <a href=\"https:\/\/www.publico.pt\/2025\/10\/26\/mundo\/noticia\/xanana-gusmao-afirma-timorleste-fez-historia-concluir-adesao-asean-2152180\" target=\"_blank\" rel=\"nofollow noopener\">47.\u00aa cimeira<\/a> da Associa\u00e7\u00e3o de Na\u00e7\u00f5es do Sudeste Asi\u00e1tico (ASEAN).<\/p>\n<p>O acordo oficializado entre os dois vizinhos do Sudeste Asi\u00e1tico acontece na sequ\u00eancia de um <a href=\"https:\/\/www.publico.pt\/2025\/07\/26\/mundo\/noticia\/camboja-pede-cessarfogo-imediato-terceiro-dia-conflito-tailandia-2141886\" target=\"_blank\" rel=\"nofollow noopener\">cessar-fogo que foi acertado em Julho<\/a>, ap\u00f3s media\u00e7\u00e3o de Trump, pondo fim a tr\u00eas dias de conflito. O chefe de Estado norte-americano diz que esta \u00e9 uma das \u201coito guerras\u201d que ele solucionou.<\/p>\n<p>        &#13;<\/p>\n<p>&#13;<br \/>\n                &#13;\n            <\/p>\n<p>&#13;<\/p>\n<p>\u201cAs oito guerras que a minha Administra\u00e7\u00e3o acabou em oito meses\u2026 nunca houve nada assim, estamos com uma m\u00e9dia de uma por m\u00eas. N\u00e3o devo dizer que \u00e9 um passatempo, porque \u00e9 algo muito mais s\u00e9rio, mas [acabar com guerras] \u00e9 algo em que sou bom e que adoro fazer\u201d, afirmou Trump, salientando um \u201cacordo hist\u00f3rico\u201d.<\/p>\n<p>Os confrontos entre a Tail\u00e2ndia e o Camboja junto \u00e0 fronteira, cujo tra\u00e7ado ambos contestam, causaram mais de 40 mortos e centenas de milhares de deslocados.<\/p>\n<p>\u201cEsta declara\u00e7\u00e3o, se for plenamente aplicada, fornecer\u00e1 os elementos de base para uma paz duradoura, mas, mais importante ainda, dar\u00e1 in\u00edcio ao processo de restabelecimento dos nossos la\u00e7os\u201d, disse, por sua vez, o primeiro-ministro cambojano.<\/p>\n<p>\u201cAs nossas comunidades fronteiri\u00e7as foram divididas pelo conflito e civis inocentes sofreram perdas imensas\u201d, acrescentou.<\/p>\n<p>A passagem de Trump pela Mal\u00e1sia tamb\u00e9m inclui uma reuni\u00e3o com Lula da Silva, Presidente do Brasil, e est\u00e1 integrada numa digress\u00e3o asi\u00e1tica que o leva tamb\u00e9m ao Jap\u00e3o e \u00e0 Coreia do Sul.<\/p>\n<p>Ser\u00e1 em territ\u00f3rio sul-coreano que se acredita que se vai reunir na pr\u00f3xima semana com Xi Jinping, Presidente da China, para discuss\u00f5es comerciais consideradas cruciais para a economia mundial.<\/p>\n<p>Trump tamb\u00e9m se mostrou aberto a um encontro com o l\u00edder norte-coreano, Kim Jong-un, durante esta digress\u00e3o. \u201cSe quiserem passar a mensagem, estou aberto a isso\u201d, afirmou no s\u00e1bado.<\/p>\n","protected":false},"excerpt":{"rendered":"Anutin Charnvirakul, primeiro-ministro da Tail\u00e2ndia, e Hun Manet, chefe do Governo do Camboja, assinaram neste domingo um acordo&hellip;\n","protected":false},"author":2,"featured_media":127140,"comment_status":"","ping_status":"","sticky":false,"template":"","format":"standard","meta":{"footnotes":""},"categories":[50],"tags":[367,27,28,928,637,92,15,16,14,25,26,21,22,1716,62,12,13,19,20,23,24,927,17,18,29,30,31,63,64,65],"class_list":{"0":"post-127139","1":"post","2":"type-post","3":"status-publish","4":"format-standard","5":"has-post-thumbnail","7":"category-mundo","8":"tag-asia","9":"tag-breaking-news","10":"tag-breakingnews","11":"tag-camboja","12":"tag-diplomacia","13":"tag-donald-trump","14":"tag-featured-news","15":"tag-featurednews","16":"tag-headlines","17":"tag-latest-news","18":"tag-latestnews","19":"tag-main-news","20":"tag-mainnews","21":"tag-malasia","22":"tag-mundo","23":"tag-news","24":"tag-noticias","25":"tag-noticias-principais","26":"tag-noticiasprincipais","27":"tag-principais-noticias","28":"tag-principaisnoticias","29":"tag-tailandia","30":"tag-top-stories","31":"tag-topstories","32":"tag-ultimas","33":"tag-ultimas-noticias","34":"tag-ultimasnoticias","35":"tag-world","36":"tag-world-news","37":"tag-worldnews"},"share_on_mastodon":{"url":"https:\/\/pubeurope.com\/@pt\/115441041608186117","error":""},"_links":{"self":[{"href":"https:\/\/www.europesays.com\/pt\/wp-json\/wp\/v2\/posts\/127139","targetHints":{"allow":["GET"]}}],"collection":[{"href":"https:\/\/www.europesays.com\/pt\/wp-json\/wp\/v2\/posts"}],"about":[{"href":"https:\/\/www.europesays.com\/pt\/wp-json\/wp\/v2\/types\/post"}],"author":[{"embeddable":true,"href":"https:\/\/www.europesays.com\/pt\/wp-json\/wp\/v2\/users\/2"}],"replies":[{"embeddable":true,"href":"https:\/\/www.europesays.com\/pt\/wp-json\/wp\/v2\/comments?post=127139"}],"version-history":[{"count":0,"href":"https:\/\/www.europesays.com\/pt\/wp-json\/wp\/v2\/posts\/127139\/revisions"}],"wp:featuredmedia":[{"embeddable":true,"href":"https:\/\/www.europesays.com\/pt\/wp-json\/wp\/v2\/media\/127140"}],"wp:attachment":[{"href":"https:\/\/www.europesays.com\/pt\/wp-json\/wp\/v2\/media?parent=127139"}],"wp:term":[{"taxonomy":"category","embeddable":true,"href":"https:\/\/www.europesays.com\/pt\/wp-json\/wp\/v2\/categories?post=127139"},{"taxonomy":"post_tag","embeddable":true,"href":"https:\/\/www.europesays.com\/pt\/wp-json\/wp\/v2\/tags?post=127139"}],"curies":[{"name":"wp","href":"https:\/\/api.w.org\/{rel}","templated":true}]}}