{"id":127146,"date":"2025-10-26T15:00:09","date_gmt":"2025-10-26T15:00:09","guid":{"rendered":"https:\/\/www.europesays.com\/pt\/127146\/"},"modified":"2025-10-26T15:00:09","modified_gmt":"2025-10-26T15:00:09","slug":"megadeth-tem-show-confirmado-no-brasil-para-2026-veja-data-e-detalhes","status":"publish","type":"post","link":"https:\/\/www.europesays.com\/pt\/127146\/","title":{"rendered":"Megadeth tem show confirmado no Brasil para 2026; veja data e detalhes"},"content":{"rendered":"\n<p>A turn\u00ea de despedida do <strong><a href=\"https:\/\/igormiranda.com.br\/tag\/megadeth\/\" target=\"_blank\" rel=\"noreferrer noopener nofollow\">Megadeth<\/a><\/strong> passar\u00e1 pelo Brasil. Batizada <strong>\u201cThis Was Our Life\u201d<\/strong>, a excurs\u00e3o tem data marcada no Espa\u00e7o Unimed, em S\u00e3o Paulo, no dia 2 de maio de 2026.<\/p>\n<p>A venda de ingressos ser\u00e1 iniciada em 5 de novembro. O site <a href=\"https:\/\/eventim.com.br\/\" target=\"_blank\" rel=\"noreferrer noopener nofollow\">Eventim<\/a> \u00e9 a plataforma oficial para compra online. Outros detalhes, como valores e pontos de bilheteria f\u00edsica, devem ser informados em breve.<\/p>\n<p>&#8211; Advertisement &#8211;<\/p>\n<p>A informa\u00e7\u00e3o foi veiculada pela produtora <strong>Mercury Concerts<\/strong> nos tel\u00f5es do show do\u00a0<strong><a href=\"https:\/\/igormiranda.com.br\/tag\/guns-n-roses\/\" target=\"_blank\" rel=\"noreferrer noopener nofollow\">Guns N\u2019 Roses<\/a><\/strong>\u00a0no Allianz Parque, em S\u00e3o Paulo, no \u00faltimo s\u00e1bado (25). Veja todos os an\u00fancios feitos pela empresa na ocasi\u00e3o:<\/p>\n<ul class=\"wp-block-list\">\n<li><strong><a href=\"https:\/\/igormiranda.com.br\/2025\/10\/monsters-of-rock-2026-data-brasil\/\" target=\"_blank\" rel=\"noreferrer noopener nofollow\">Monsters of Rock 2026<\/a><\/strong> est\u00e1 marcado para 4 de abril de 2026, ainda sem local ou lineup revelados;<\/li>\n<li><strong\/><strong><a href=\"https:\/\/igormiranda.com.br\/tag\/megadeth\/\" target=\"_blank\" rel=\"noreferrer noopener nofollow\">Megadeth<\/a><\/strong> traz sua turn\u00ea de despedida para o Espa\u00e7o Unimed, em S\u00e3o Paulo, dia 2 de maio de 2026, com ingressos \u00e0 venda em 5 de novembro via Eventim;<\/li>\n<li><strong><a href=\"https:\/\/igormiranda.com.br\/tag\/kiss\/\" target=\"_blank\" rel=\"noreferrer noopener nofollow\">Bryan Adams<\/a><\/strong> leva sua \u201cRoll with the Punches Tour\u201d \u00e0 Vibra, em S\u00e3o Paulo, dia 7 de mar\u00e7o, com ingressos \u00e0 venda em 4 de novembro via Eventim;<\/li>\n<li><strong><a href=\"https:\/\/igormiranda.com.br\/tag\/helloween\/\" target=\"_blank\" rel=\"noreferrer noopener nofollow\">Helloween<\/a><\/strong> retorna ao Brasil com sua turn\u00ea de 40 anos em setembro de 2026, ainda sem datas ou locais revelados.<\/li>\n<\/ul>\n<p>Composto por <strong>Dave Mustaine<\/strong> (voz e guitarra), <strong>Teemu M\u00e4ntysaari<\/strong> (guitarra), <strong>James LoMenzo<\/strong> (baixo) e <strong>Dirk Verbeuren<\/strong> (bateria), o Megadeth confirmou, em agosto \u00faltimo, que seu pr\u00f3ximo \u00e1lbum e turn\u00ea ser\u00e3o os \u00faltimos. O disco, intitulado somente <strong>\u201c<a href=\"https:\/\/igormiranda.com.br\/2025\/10\/megadeth-tipping-point-musica-single\/\" target=\"_blank\" rel=\"noreferrer noopener nofollow\">Megadeth<\/a>\u201d<\/strong>, tem lan\u00e7amento previsto para o pr\u00f3ximo dia 23 de janeiro. J\u00e1 a excurs\u00e3o derradeira n\u00e3o conta com data para in\u00edcio, apesar do compromisso no Brasil devidamente confirmado.<\/p>\n<p>A pr\u00f3xima visita ao pa\u00eds ser\u00e1 a 17\u00aa ao todo. O grupo estreou por aqui no Rock in Rio 1991 e retornou para festivais como Monsters of Rock e Metal Open Air, bem como uma s\u00e9rie de turn\u00eas solo. A performance mais recente ocorreu em 18 de abril de 2024, no Espa\u00e7o Unimed, em S\u00e3o Paulo, com a forma\u00e7\u00e3o atual \u2014 M\u00e4ntysaari j\u00e1 substitu\u00eda o brasileiro Kiko Loureiro, que decidiu se afastar no fim de 2023.<\/p>\n<p> A despedida do Megadeth <\/p>\n<p>Al\u00e9m de uma turn\u00ea de despedida e um \u00e1lbum derradeiro do Megadeth, Dave Mustaine revelou, ainda, que pretende lan\u00e7ar uma nova autobiografia. O livro ter\u00e1 seus detalhes informados nos pr\u00f3ximos meses.<\/p>\n<p>Com a palavra, Mustaine:<\/p>\n<p>\u201cH\u00e1 tantos m\u00fasicos que chegaram ao fim de suas carreiras, seja acidental ou intencionalmente. A maioria deles n\u00e3o consegue sair de cena no topo, e \u00e9 a\u00ed que estou na minha vida agora. Viajei pelo mundo e conquistei milh\u00f5es e milh\u00f5es de f\u00e3s, e a parte mais dif\u00edcil de tudo isso \u00e9 dizer adeus a eles.<\/p>\n<p>Mal podemos esperar para que voc\u00eas ou\u00e7am este \u00e1lbum e nos vejam em turn\u00ea. Se alguma vez houve um momento perfeito para lan\u00e7armos um novo \u00e1lbum, \u00e9 agora. Se alguma vez houve um momento perfeito para fazermos uma turn\u00ea pelo mundo, \u00e9 agora. Este tamb\u00e9m \u00e9 o momento perfeito para dizermos que este \u00e9 o nosso \u00faltimo \u00e1lbum de est\u00fadio. Fizemos muitos amigos ao longo dos anos e espero ver todos voc\u00eas em nossa turn\u00ea global de despedida. N\u00e3o fiquem bravos, n\u00e3o fiquem tristes, fiquem felizes por todos n\u00f3s, venham comemorar comigo nos pr\u00f3ximos anos. Fizemos algo juntos que \u00e9 verdadeiramente maravilhoso e provavelmente nunca mais acontecer\u00e1. Come\u00e7amos um estilo musical, come\u00e7amos um revolu\u00e7\u00e3o, mudamos o mundo da guitarra e a forma como ela \u00e9 tocada, e mudamos o mundo. As bandas em que toquei influenciaram o mundo. Amo todos voc\u00eas por isso. Obrigado por tudo.\u201d<\/p>\n<p> Sobre a banda <\/p>\n<p>O <strong>Megadeth<\/strong> foi fundado em 1983, por um <strong>Dave Mustaine<\/strong> furioso ap\u00f3s sua demiss\u00e3o do <strong>Metallica<\/strong>. Seja em sua antiga ou atual banda, Mustaine \u00e9 considerado um dos principais desenvolvedores do thrash metal, subg\u00eanero que aliou heavy metal a influ\u00eancias punk e batidas com bastante velocidade.<\/p>\n<p>A forma\u00e7\u00e3o mais popular existiu na d\u00e9cada de 1990 e contou com o vocalista e guitarrista Dave Mustaine, o baixista <strong>David Ellefson<\/strong>, o guitarrista <strong>Marty Friedman<\/strong> e o j\u00e1 falecido baterista <strong>Nick Menza<\/strong>.<\/p>\n<p><strong>Clique<\/strong> para seguir IgorMiranda.com.br no: <a href=\"https:\/\/instagram.com\/igormirandasite\" target=\"_blank\" rel=\"noreferrer noopener nofollow\">Instagram<\/a> | <a href=\"https:\/\/bsky.app\/profile\/igormirandasite.bsky.social\" target=\"_blank\" rel=\"noreferrer noopener nofollow\">Bluesky<\/a> | <a href=\"https:\/\/twitter.com\/igormirandasite\" target=\"_blank\" rel=\"noreferrer noopener nofollow\">Twitter<\/a> | <a href=\"https:\/\/tiktok.com\/@igormirandasite\" target=\"_blank\" rel=\"noreferrer noopener nofollow\">TikTok<\/a> | <a href=\"https:\/\/facebook.com\/igormirandasite\" target=\"_blank\" rel=\"noreferrer noopener nofollow\">Facebook<\/a> | <a href=\"https:\/\/www.youtube.com\/igormirandasite\" target=\"_blank\" rel=\"noreferrer noopener nofollow\">YouTube<\/a> | <a href=\"https:\/\/www.threads.net\/@igormirandasite\" target=\"_blank\" rel=\"noreferrer noopener nofollow\">Threads<\/a>.<\/p>\n<p> <script async src=\"https:\/\/platform.twitter.com\/widgets.js\" charset=\"utf-8\"><\/script><script async src=\"\/\/www.instagram.com\/embed.js\"><\/script><script async src=\"\/\/www.tiktok.com\/embed.js\"><\/script><\/p>\n","protected":false},"excerpt":{"rendered":"A turn\u00ea de despedida do Megadeth passar\u00e1 pelo Brasil. Batizada \u201cThis Was Our Life\u201d, a excurs\u00e3o tem data&hellip;\n","protected":false},"author":2,"featured_media":127147,"comment_status":"","ping_status":"","sticky":false,"template":"","format":"standard","meta":{"footnotes":""},"categories":[141],"tags":[114,115,9818,149,150,32,33,9215],"class_list":{"0":"post-127146","1":"post","2":"type-post","3":"status-publish","4":"format-standard","5":"has-post-thumbnail","7":"category-musica","8":"tag-entertainment","9":"tag-entretenimento","10":"tag-megadeth","11":"tag-music","12":"tag-musica","13":"tag-portugal","14":"tag-pt","15":"tag-shows-no-brasil"},"share_on_mastodon":{"url":"https:\/\/pubeurope.com\/@pt\/115441069127931190","error":""},"_links":{"self":[{"href":"https:\/\/www.europesays.com\/pt\/wp-json\/wp\/v2\/posts\/127146","targetHints":{"allow":["GET"]}}],"collection":[{"href":"https:\/\/www.europesays.com\/pt\/wp-json\/wp\/v2\/posts"}],"about":[{"href":"https:\/\/www.europesays.com\/pt\/wp-json\/wp\/v2\/types\/post"}],"author":[{"embeddable":true,"href":"https:\/\/www.europesays.com\/pt\/wp-json\/wp\/v2\/users\/2"}],"replies":[{"embeddable":true,"href":"https:\/\/www.europesays.com\/pt\/wp-json\/wp\/v2\/comments?post=127146"}],"version-history":[{"count":0,"href":"https:\/\/www.europesays.com\/pt\/wp-json\/wp\/v2\/posts\/127146\/revisions"}],"wp:featuredmedia":[{"embeddable":true,"href":"https:\/\/www.europesays.com\/pt\/wp-json\/wp\/v2\/media\/127147"}],"wp:attachment":[{"href":"https:\/\/www.europesays.com\/pt\/wp-json\/wp\/v2\/media?parent=127146"}],"wp:term":[{"taxonomy":"category","embeddable":true,"href":"https:\/\/www.europesays.com\/pt\/wp-json\/wp\/v2\/categories?post=127146"},{"taxonomy":"post_tag","embeddable":true,"href":"https:\/\/www.europesays.com\/pt\/wp-json\/wp\/v2\/tags?post=127146"}],"curies":[{"name":"wp","href":"https:\/\/api.w.org\/{rel}","templated":true}]}}