{"id":127156,"date":"2025-10-26T15:10:10","date_gmt":"2025-10-26T15:10:10","guid":{"rendered":"https:\/\/www.europesays.com\/pt\/127156\/"},"modified":"2025-10-26T15:10:10","modified_gmt":"2025-10-26T15:10:10","slug":"o-benfica-e-maior-que-portugal","status":"publish","type":"post","link":"https:\/\/www.europesays.com\/pt\/127156\/","title":{"rendered":"\u00abO Benfica \u00e9 maior que Portugal\u00bb"},"content":{"rendered":"<p>&#8211; Advertisement &#8211;<\/p>\n<p>Jo\u00e3o Diogo Manteigas falou com os jornalistas durante a noite deste s\u00e1bado, na sua sede de campanha. O candidato \u00e0 lideran\u00e7a do Benfica agradeceu aso adeptos:<\/p>\n<p>\u00abEst\u00e3o a come\u00e7ar as contagens, \u00e9 muito cedo. Agrade\u00e7o aos s\u00f3cios por bater um recorde, um exemplo para o mundo. O Benfica \u00e9 maior que Portugal. Esta candidatura foi fundada para isso [mudan\u00e7a]. Estamos para aproveitar o que est\u00e1 de bom e mudar o que est\u00e1 mal. Cheg\u00e1mos a este glorioso dia, mas temos de ter calma. H\u00e1 contagens de poucos votos, casas mais pequenas. N\u00e3o s\u00e3o por aqui as perce\u00e7\u00f5es. Noite longa. Parab\u00e9ns aos s\u00f3cios por uma coisa magn\u00e2nima\u00bb.<\/p>\n<p>O advogado assumiu que a exist\u00eancia de falhar \u00e9 normal:<\/p>\n<p>\u00abN\u00e3o h\u00e1 nada que se prepare para 85 mil pessoas a votar. O Benfica \u00e9 maior que Portugal. Isto \u00e9 in\u00e9dito, \u00e9 o Benfica. \u00c9 um processo log\u00edstico completo, h\u00e1 falhas normais. H\u00e1 alguns problemas, mas \u00e9 perfeitamente normal. Nada de extraordinariamente mal se passou. Parab\u00e9ns ao Benfica pelo trabalho hoje, aos nossos delegados e das outras candidaturas, aos nossos volunt\u00e1rios. Solidariedade com todos. Correu extraordinariamente bem, em 2020 foram muito menos e piores. N\u00e3o teria aceite aqueles resultados. Foram os s\u00f3cios a salvar o Benfica\u00bb.<\/p>\n<p>Crist\u00f3v\u00e3o Carvalho, Jo\u00e3o Diogo Manteigas, Jo\u00e3o Noronha Lopes, Lu\u00eds Filipe Vieira, Martim Mayer e Rui Costa concorreram \u00e0 presid\u00eancia do Benfica. <a href=\"https:\/\/bolanarede.pt\/especial-bola-na-rede\/atualidade\/historia-feita-eis-os-numeros-finais-da-votacao-recorde-para-a-presidencia-do-benfica\/\" target=\"_blank\" rel=\"noreferrer noopener nofollow\">85.422 s\u00f3cios encarnados exerceram o seu direito de voto<\/a>, n\u00fameros recorde mundialmente. <\/p>\n<p>Acompanha os <a href=\"https:\/\/bolanarede.pt\/especial-bola-na-rede\/atualidade\/resultados-das-eleicoes-do-benfica-ao-minuto-que-candidato-venceu-em-cada-zona\/\" target=\"_blank\" rel=\"noreferrer noopener nofollow\">resultados das elei\u00e7\u00f5es do Benfica ao minuto. <\/a><\/p>\n","protected":false},"excerpt":{"rendered":"&#8211; Advertisement &#8211; Jo\u00e3o Diogo Manteigas falou com os jornalistas durante a noite deste s\u00e1bado, na sua sede&hellip;\n","protected":false},"author":2,"featured_media":81710,"comment_status":"","ping_status":"","sticky":false,"template":"","format":"standard","meta":{"footnotes":""},"categories":[8],"tags":[260,51,27,28,11738,15,16,14,19680,9940,25,26,5049,21,22,24241,12,13,19,20,32,23,24,33,6058,17,18,29,30,31],"class_list":{"0":"post-127156","1":"post","2":"type-post","3":"status-publish","4":"format-standard","5":"has-post-thumbnail","7":"category-principais-noticias","8":"tag-atualidade","9":"tag-benfica","10":"tag-breaking-news","11":"tag-breakingnews","12":"tag-cristovao-carvalho","13":"tag-featured-news","14":"tag-featurednews","15":"tag-headlines","16":"tag-joao-diogo-manteigas","17":"tag-joao-noronha-lopes","18":"tag-latest-news","19":"tag-latestnews","20":"tag-luis-filipe-vieira","21":"tag-main-news","22":"tag-mainnews","23":"tag-martim-mayer","24":"tag-news","25":"tag-noticias","26":"tag-noticias-principais","27":"tag-noticiasprincipais","28":"tag-portugal","29":"tag-principais-noticias","30":"tag-principaisnoticias","31":"tag-pt","32":"tag-rui-costa","33":"tag-top-stories","34":"tag-topstories","35":"tag-ultimas","36":"tag-ultimas-noticias","37":"tag-ultimasnoticias"},"share_on_mastodon":{"url":"https:\/\/pubeurope.com\/@pt\/115441108617023977","error":""},"_links":{"self":[{"href":"https:\/\/www.europesays.com\/pt\/wp-json\/wp\/v2\/posts\/127156","targetHints":{"allow":["GET"]}}],"collection":[{"href":"https:\/\/www.europesays.com\/pt\/wp-json\/wp\/v2\/posts"}],"about":[{"href":"https:\/\/www.europesays.com\/pt\/wp-json\/wp\/v2\/types\/post"}],"author":[{"embeddable":true,"href":"https:\/\/www.europesays.com\/pt\/wp-json\/wp\/v2\/users\/2"}],"replies":[{"embeddable":true,"href":"https:\/\/www.europesays.com\/pt\/wp-json\/wp\/v2\/comments?post=127156"}],"version-history":[{"count":0,"href":"https:\/\/www.europesays.com\/pt\/wp-json\/wp\/v2\/posts\/127156\/revisions"}],"wp:featuredmedia":[{"embeddable":true,"href":"https:\/\/www.europesays.com\/pt\/wp-json\/wp\/v2\/media\/81710"}],"wp:attachment":[{"href":"https:\/\/www.europesays.com\/pt\/wp-json\/wp\/v2\/media?parent=127156"}],"wp:term":[{"taxonomy":"category","embeddable":true,"href":"https:\/\/www.europesays.com\/pt\/wp-json\/wp\/v2\/categories?post=127156"},{"taxonomy":"post_tag","embeddable":true,"href":"https:\/\/www.europesays.com\/pt\/wp-json\/wp\/v2\/tags?post=127156"}],"curies":[{"name":"wp","href":"https:\/\/api.w.org\/{rel}","templated":true}]}}