{"id":127172,"date":"2025-10-26T15:26:13","date_gmt":"2025-10-26T15:26:13","guid":{"rendered":"https:\/\/www.europesays.com\/pt\/127172\/"},"modified":"2025-10-26T15:26:13","modified_gmt":"2025-10-26T15:26:13","slug":"riquezas-da-vida-record","status":"publish","type":"post","link":"https:\/\/www.europesays.com\/pt\/127172\/","title":{"rendered":"\u2018Riquezas da vida\u2019 \u2013 Record"},"content":{"rendered":"<p><img decoding=\"async\" data-chromatic=\"ignore\" alt=\"\" class=\"c-image\" loading=\"lazy\" src=\"https:\/\/www.europesays.com\/pt\/wp-content\/uploads\/2025\/10\/IB2G7D2UZFHBXLE662I54354GY.png\"  width=\"677\" height=\"369\"\/>Ana Hickmann entra na trend das dez paix\u00f5es Reprodu\u00e7\u00e3o\/Instagram <\/p>\n<p class=\"jarvics:base-text-neutral-high-400 base-text-[calc(theme(fontSize.xs)_*_var(--font-size,_1))] base-font-normal base-font-primary base-text-neutral-low-500 base-text-left\">A apresentadora do <a href=\"https:\/\/record.r7.com\/hoje-em-dia\/\" target=\"_self\" rel=\"nofollow noopener\" title=\"https:\/\/record.r7.com\/hoje-em-dia\/\"><b>Hoje em Dia<\/b><\/a>, Ana Hickmann, entrou na trend e compartilhou nas redes sociais um \u00e1lbum de fotos que retratam suas dez maiores paix\u00f5es. <\/p>\n<p class=\"jarvics:base-text-neutral-high-400 base-text-[calc(theme(fontSize.xs)_*_var(--font-size,_1))] base-font-normal base-font-primary base-text-neutral-low-500 base-text-left\">A lista foi composta por: fam\u00edlia, artesanato, animais, cozinhar, maquiagem, chimarr\u00e3o, plantas, skincare, joias e cavalos. Na legenda, ela ainda diz ter sido dif\u00edcil escolher apenas dez.<\/p>\n<p class=\"jarvics:base-text-neutral-high-400 base-text-[calc(theme(fontSize.xs)_*_var(--font-size,_1))] base-font-normal base-font-primary base-text-neutral-low-500 base-text-left\">Nos coment\u00e1rios, os seguidores n\u00e3o pouparam elogios para a apresentadora. \u201cRiquezas da vida\u201d, disse uma f\u00e3.<\/p>\n<p class=\"jarvics:base-text-neutral-high-400 base-text-[calc(theme(fontSize.xs)_*_var(--font-size,_1))] base-font-normal base-font-primary base-text-neutral-low-500 base-text-left\">\u201cQue mulher maravilhosa\u201d, comentou outra.<\/p>\n<p class=\"jarvics:base-text-neutral-high-400 base-text-[calc(theme(fontSize.xs)_*_var(--font-size,_1))] base-font-normal base-font-primary base-text-neutral-low-500 base-text-left\">Alguns aproveitaram para enaltecer a fam\u00edlia de Ana. \u201cFam\u00edlia linda\u201d, escreveu uma seguidora.<\/p>\n<p class=\"jarvics:base-text-neutral-high-400 base-text-[calc(theme(fontSize.xs)_*_var(--font-size,_1))] base-font-normal base-font-primary base-text-neutral-low-500 base-text-left\"><b>Confira a publica\u00e7\u00e3o:<\/b><\/p>\n<p class=\"jarvics:base-text-neutral-high-400 base-text-[calc(theme(fontSize.xs)_*_var(--font-size,_1))] base-font-normal base-font-primary base-text-neutral-low-500 base-text-left\">O <a href=\"https:\/\/record.r7.com\/hoje-em-dia\/\" target=\"_self\" rel=\"nofollow noopener\" title=\"https:\/\/record.r7.com\/hoje-em-dia\/\"><b>Hoje em Dia<\/b><\/a> vai ao ar de segunda a sexta-feira, \u00e0s 9h30, sob o comando de Ana Hickmann, Celso Zucatelli, Renata Alves e Ticiane Pinheiro.<\/p>\n<p><b>Confira tamb\u00e9m: veja os momentos mais fofos de Nutella, a nova melhor amiga de Ticiane Pinheiro<\/b><\/p>\n<p class=\"jarvics:base-text-neutral-high-400 base-text-[calc(theme(fontSize.xxs)_*_var(--font-size,_1))] base-font-semibold base-font-primary base-text-neutral-low-500 base-text-left\">Tem uma nova integrante na fam\u00edlia Pinheiro! Nutella \u00e9 a nova cachorrinha da apresentadora do Hoje em Dia, Ticiane Pinheiro. Ou seria sua nova melhor amiga? Vistas em todos os lugares juntas, inclusive pelos corredores da RECORD, m\u00e3e e filha de quatro patas est\u00e3o conquistando cada vez mais os f\u00e3s!\n<\/p>\n<p class=\"jarvics:base-text-neutral-high-400 base-text-[calc(theme(fontSize.little)_*_var(--font-size,_1))] base-font-normal base-font-primary base-text-neutral-low-500 base-text-left\">Reprodu\u00e7\u00e3o\/Instagram<\/p>\n","protected":false},"excerpt":{"rendered":"Ana Hickmann entra na trend das dez paix\u00f5es Reprodu\u00e7\u00e3o\/Instagram A apresentadora do Hoje em Dia, Ana Hickmann, entrou&hellip;\n","protected":false},"author":2,"featured_media":127173,"comment_status":"","ping_status":"","sticky":false,"template":"","format":"standard","meta":{"footnotes":""},"categories":[145],"tags":[6500,211,210,114,115,6279,32,33],"class_list":{"0":"post-127172","1":"post","2":"type-post","3":"status-publish","4":"format-standard","5":"has-post-thumbnail","7":"category-celebridades","8":"tag-ana-hickmann","9":"tag-celebridades","10":"tag-celebrities","11":"tag-entertainment","12":"tag-entretenimento","13":"tag-hoje-em-dia","14":"tag-portugal","15":"tag-pt"},"share_on_mastodon":{"url":"https:\/\/pubeurope.com\/@pt\/115441171665157178","error":""},"_links":{"self":[{"href":"https:\/\/www.europesays.com\/pt\/wp-json\/wp\/v2\/posts\/127172","targetHints":{"allow":["GET"]}}],"collection":[{"href":"https:\/\/www.europesays.com\/pt\/wp-json\/wp\/v2\/posts"}],"about":[{"href":"https:\/\/www.europesays.com\/pt\/wp-json\/wp\/v2\/types\/post"}],"author":[{"embeddable":true,"href":"https:\/\/www.europesays.com\/pt\/wp-json\/wp\/v2\/users\/2"}],"replies":[{"embeddable":true,"href":"https:\/\/www.europesays.com\/pt\/wp-json\/wp\/v2\/comments?post=127172"}],"version-history":[{"count":0,"href":"https:\/\/www.europesays.com\/pt\/wp-json\/wp\/v2\/posts\/127172\/revisions"}],"wp:featuredmedia":[{"embeddable":true,"href":"https:\/\/www.europesays.com\/pt\/wp-json\/wp\/v2\/media\/127173"}],"wp:attachment":[{"href":"https:\/\/www.europesays.com\/pt\/wp-json\/wp\/v2\/media?parent=127172"}],"wp:term":[{"taxonomy":"category","embeddable":true,"href":"https:\/\/www.europesays.com\/pt\/wp-json\/wp\/v2\/categories?post=127172"},{"taxonomy":"post_tag","embeddable":true,"href":"https:\/\/www.europesays.com\/pt\/wp-json\/wp\/v2\/tags?post=127172"}],"curies":[{"name":"wp","href":"https:\/\/api.w.org\/{rel}","templated":true}]}}