{"id":127174,"date":"2025-10-26T15:29:00","date_gmt":"2025-10-26T15:29:00","guid":{"rendered":"https:\/\/www.europesays.com\/pt\/127174\/"},"modified":"2025-10-26T15:29:00","modified_gmt":"2025-10-26T15:29:00","slug":"louvre-lens-filial-do-museu-de-paris-e-gratuita-e-sem-multidao-fica-a-1h10-em-trem-rapido","status":"publish","type":"post","link":"https:\/\/www.europesays.com\/pt\/127174\/","title":{"rendered":"Louvre-Lens: filial do museu de Paris \u00e9 gratuita e sem multid\u00e3o; fica a 1h10 em trem r\u00e1pido"},"content":{"rendered":"<p data-component-name=\"paragraph\" class=\"styles__ParagraphStyled-sc-6adecn-0 gsLklW  \">Quando amigos visitam Paris, muitas vezes me pedem para acompanh\u00e1-los num passeio de um dia. A maioria j\u00e1 visitou a Catedral de Chartres, o Castelo de Fontainebleau e a casa de Claude Monet com suas ninfeias em Giverny.<\/p>\n<p data-component-name=\"paragraph\" class=\"styles__ParagraphStyled-sc-6adecn-0 gsLklW  \">\u201cE agora?\u201d, me perguntam.<\/p>\n<p data-component-name=\"paragraph\" class=\"styles__ParagraphStyled-sc-6adecn-0 gsLklW  \">\u201cVamos para Lens\u201d, sugiro.<\/p>\n<p data-component-name=\"paragraph\" class=\"styles__ParagraphStyled-sc-6adecn-0 gsLklW  \">\u201cNunca ouvi falar nisso\u201d \u00e9 a resposta usual.<\/p>\n<p data-component-name=\"paragraph\" class=\"styles__ParagraphStyled-sc-6adecn-0 gsLklW  \">Mas fa\u00e7a uma <a href=\"https:\/\/www.estadao.com.br\/tudo-sobre\/turismo\" target=\"_blank\" rel=\"nofollow noopener\" title=\"https:\/\/www.estadao.com.br\/tudo-sobre\/turismo\"><strong>viagem<\/strong><\/a> at\u00e9 Lens, apenas 1h10 em trem de alta velocidade ao norte de Paris, perto da fronteira com a B\u00e9lgica, e voc\u00ea encontrar\u00e1 um posto avan\u00e7ado do Louvre, um moderno <a href=\"https:\/\/www.estadao.com.br\/tudo-sobre\/museu\/\" target=\"_blank\" rel=\"nofollow noopener\" title=\"https:\/\/www.estadao.com.br\/tudo-sobre\/museu\/\"><strong>museu<\/strong><\/a> de arte em vidro e a\u00e7o com algumas das melhores obras de arte da sede \u2013 gratuito, f\u00e1cil e sem multid\u00f5es.<\/p>\n<p><img  loading=\"lazy\" class=\"lazy-load-img\"\/><\/p>\n<p>No Museu Louvre-Lens, obras n\u00e3o seguem ordem cronol\u00f3gica: visitantes exploram com liberdade\u00a0Foto:  Dmitry Kostyukov\/NYT<\/p>\n<p data-component-name=\"paragraph\" class=\"styles__ParagraphStyled-sc-6adecn-0 gsLklW  \">\u201cOs americanos poderiam pensar num museu numa cidade industrial como Detroit, com a criatividade arquitet\u00f4nica do Guggenheim e uma cole\u00e7\u00e3o digna do Metropolitan (ambos em Nova York)\u201d, disse Annabelle T\u00e9n\u00e8ze, diretora do museu. A cidade tamb\u00e9m tem fachadas art d\u00e9co para ver, vest\u00edgios da Primeira Guerra Mundial para descobrir e terrils (montes de res\u00edduos da minera\u00e7\u00e3o de carv\u00e3o) para escalar.<\/p>\n<p>Legado de guerra e carv\u00e3o<\/p>\n<p data-component-name=\"paragraph\" class=\"styles__ParagraphStyled-sc-6adecn-0 gsLklW  \">Lens, com uma popula\u00e7\u00e3o de 30 mil habitantes, era um centro industrial em expans\u00e3o depois que o carv\u00e3o foi descoberto l\u00e1 em 1849. A\u00ed a Primeira Guerra Mundial se abateu sobre a cidade, deixando algumas das piores destrui\u00e7\u00f5es na frente de batalha francesa. A artilharia pesada arrasou a maior parte do lugar; metade da popula\u00e7\u00e3o morreu ou fugiu. A cidade foi reconstru\u00edda. Muitas novas estruturas foram terminadas com fachadas art d\u00e9co, que permanecem at\u00e9 hoje.<\/p>\n<p><img  loading=\"lazy\" class=\"lazy-load-img\"\/><\/p>\n<p>No norte da Fran\u00e7a, centro de Lens re\u00fane fachadas com arquitetura art d\u00e9co\u00a0Foto:  Dmitry Kostyukov\/NYT<\/p>\n<p>Ent\u00e3o veio a Segunda Guerra Mundial. Durante os bombardeios dos Aliados em 1944, centenas de pessoas morreram e mil pr\u00e9dios foram destru\u00eddos. O carv\u00e3o perdeu valor e as minas fecharam em 1986. Devastada e decadente, Lens era um lugar improv\u00e1vel para a primeira filial regional do Museu do Louvre.<\/p>\n<p>Mas, em 2012, ele foi aberto.<\/p>\n<p>Uma visita a Lens come\u00e7a na esta\u00e7\u00e3o de trem, uma joia da arquitetura art d\u00e9co, feita de concreto armado e em formato de locomotiva a vapor. Os murais de mosaico nas paredes internas da esta\u00e7\u00e3o contam a hist\u00f3ria das ind\u00fastrias ferrovi\u00e1ria e da minera\u00e7\u00e3o. Do outro lado da rua, ficava o cinema Apollo, numa constru\u00e7\u00e3o art d\u00e9co, recentemente restaurada para virar hotel e restaurante.<\/p>\n<p><img  loading=\"lazy\" class=\"lazy-load-img\"\/><\/p>\n<p>Murais de mosaico na esta\u00e7\u00e3o de trem contam a hist\u00f3ria das ind\u00fastrias ferrovi\u00e1ria e da minera\u00e7\u00e3o\u00a0Foto:  Dmitry Kostyukov\/NYT<\/p>\n<p data-component-name=\"paragraph\" class=\"styles__ParagraphStyled-sc-6adecn-0 gsLklW  \">Comece sua visita com uma caminhada de 25 minutos at\u00e9 o Museu Louvre-Lens, que fica em um parque paisag\u00edstico de 50 acres com campos de flores silvestres, \u00e1rvores e passarelas ao longo de rotas que antigamente transportavam carv\u00e3o e um caminho de concreto curvo que evoca um jardim japon\u00eas.<\/p>\n<p data-component-name=\"paragraph\" class=\"styles__ParagraphStyled-sc-6adecn-0 gsLklW  \">Ou fa\u00e7a como eu e passeie pelo centro da cidade, uma miscel\u00e2nea arquitet\u00f4nica repleta de fachadas art d\u00e9co. Na pra\u00e7a principal fica a Maison Claude Jeanson, uma casa de ch\u00e1 e confeitaria de 85 anos com mesas com tampo de pedra e cadeiras almofadadas. As especialidades incluem croissants crocantes de am\u00eandoa, ma\u00e7\u00e3s caramelizadas e elaboradas esculturas artesanais de chocolate de obras de arte famosas (\u20ac 3,60, ou cerca de R$ 22,50, por um caf\u00e9 e um croissant).<\/p>\n<p>Museu do Louvre em Lens<\/p>\n<p>Distante 1,6 km a oeste do centro da cidade, o Louvre-Lens, projetado pelo escrit\u00f3rio de arquitetura japon\u00eas Sanaa, \u00e9 um laborat\u00f3rio para o que os museus de arte podem se tornar. Situa-se sobre uma elevada pilha de res\u00edduos da minera\u00e7\u00e3o, onde antes ficava a mina de carv\u00e3o n\u00ba 9. Para se integrar \u00e0 paisagem e ao c\u00e9u chuvoso, os arquitetos constru\u00edram cinco estruturas baixas, em cinza e prata.<\/p>\n<p>O centro do museu \u2013 a Galerie du Temps (Galeria do Tempo) \u2013 exibe a cole\u00e7\u00e3o permanente, com entrada gratuita. Um espa\u00e7o de 3 mil m\u00b2, com paredes de alum\u00ednio e pisos de pedra clara, assume a forma de um \u201cRio do Tempo\u201d, curvo, m\u00f3vel e cronol\u00f3gico, que permite aos visitantes navegar pelas obras como quiserem. A galeria alimenta o Pavillon de Verre (Pavilh\u00e3o de Vidro), destinado a exposi\u00e7\u00f5es tempor\u00e1rias, que d\u00e1 acesso aos jardins, repletos de plantas sazonais e esculturas modernas.<\/p>\n<p>A arte na Galerie du Temps abrange dezenas de civiliza\u00e7\u00f5es e estilos, da pr\u00e9-hist\u00f3ria aos tempos modernos. As obras n\u00e3o s\u00e3o exibidas geograficamente, como no Louvre, em Paris, mas em arranjos multidisciplinares, em constante mudan\u00e7a, em ordem cronol\u00f3gica flex\u00edvel.<\/p>\n<p>Em 2024, o Louvre-Lens renovou seus espa\u00e7os, substituindo a maioria das obras que estavam em exposi\u00e7\u00e3o. O museu principal, em Paris, emprestou mais de 200 obras-primas, incluindo meia d\u00fazia de esfinges eg\u00edpcias antigas e a s\u00e9rie de pinturas As Quatro Esta\u00e7\u00f5es, de Giuseppe Arcimboldo. Obras de arte de outros museus, como uma escultura de um touro em calc\u00e1rio de 18 mil a.C., enriquecem o espa\u00e7o.<\/p>\n<p><img  loading=\"lazy\" class=\"lazy-load-img\"\/><\/p>\n<p>&#8216;As Quatro Esta\u00e7\u00f5es&#8217;, de Giuseppe Arcimboldo, est\u00e3o entre as obras emprestadas pelo Louvre de Paris\u00a0Foto:  Dmitry Kostyukov\/NYT<\/p>\n<p data-component-name=\"paragraph\" class=\"styles__ParagraphStyled-sc-6adecn-0 gsLklW  \">Exposi\u00e7\u00f5es tempor\u00e1rias \u2013 \u00e0s vezes mais ousadas e inventivas do que as organizadas pelo Louvre de Paris \u2013 exploraram t\u00f3picos como a evolu\u00e7\u00e3o das imagens de guerra at\u00e9 as mesas de jantar do poder na Fran\u00e7a.<\/p>\n<p>\u2018Terrils\u2019: res\u00edduos da minera\u00e7\u00e3o<\/p>\n<p data-component-name=\"paragraph\" class=\"styles__ParagraphStyled-sc-6adecn-0 gsLklW  \">Ap\u00f3s o almo\u00e7o \u2013 seja na cafeteria do museu ou no moderno restaurante com fachada de vidro L\u2019Atelier du Cerisier, na \u00e1rea do museu \u2013 siga de bicicleta ou t\u00e1xi 3 km a noroeste at\u00e9 a entrada na base dos terrils, montes de res\u00edduos da antiga minera\u00e7\u00e3o de carv\u00e3o. Em 2012, a Unesco declarou toda a bacia de minera\u00e7\u00e3o de carv\u00e3o da regi\u00e3o Patrim\u00f4nio Mundial da Humanidade. Uma d\u00e9cada depois, as pilhas de res\u00edduos em Lens surgiram como atra\u00e7\u00e3o tur\u00edstica sustent\u00e1vel. De longe, parecem pretas, mas, ao se aproximar, \u00e9 poss\u00edvel ver o verde da grama e de plantas que crescem ali.<\/p>\n<p data-component-name=\"paragraph\" class=\"styles__ParagraphStyled-sc-6adecn-0 gsLklW  \">Como os terrils absorvem o calor do sol, criando uma condi\u00e7\u00e3o quente e seca, ecologistas plantaram arbustos e flores, incluindo orqu\u00eddeas, rosas silvestres e esp\u00e9cies como a tasneira-do-cabo-sul-africana. H\u00e1 videiras de uva chardonnay; o vinho que elas produzem, embora ainda n\u00e3o seja muito, \u00e9 chamado de brincadeira como \u201ccharbonnay\u201d (charbon \u00e9 a palavra francesa para carv\u00e3o).<\/p>\n<p><img  loading=\"lazy\" class=\"lazy-load-img\"\/><\/p>\n<p>&#8216;Terrils&#8217;, montes de res\u00edduos da minera\u00e7\u00e3o de carv\u00e3o no s\u00e9culo 19, s\u00e3o Patrim\u00f4nio da Humanidade\u00a0Foto:  Dmitry Kostyukov\/NYT<\/p>\n<p data-component-name=\"paragraph\" class=\"styles__ParagraphStyled-sc-6adecn-0 gsLklW  \">Durante uma das minhas visitas, fiz uma caminhada de uma hora at\u00e9 o topo dos dois terrils, que t\u00eam mais de 180 metros de altura. Eles se tornaram um lugar de observa\u00e7\u00e3o de p\u00e1ssaros e, \u00e0s vezes, aulas de m\u00fasica, arteterapia e medita\u00e7\u00e3o. A trilha \u00e9 pavimentada em grande parte, mas se torna pedregosa, mais \u00edngreme, ventosa e mais dif\u00edcil \u00e0 medida que se sobe. Quem for subir deve usar cal\u00e7ados para caminhada e jaqueta corta-vento, al\u00e9m de levar garrafas de \u00e1gua e bin\u00f3culos.<\/p>\n<p><img  loading=\"lazy\" class=\"lazy-load-img\"\/><\/p>\n<p>A 180 m de altura, montes de antigos res\u00edduos da minera\u00e7\u00e3o servem para observa\u00e7\u00e3o de p\u00e1ssaros e at\u00e9 medita\u00e7\u00e3o\u00a0Foto:  Dmitry Kostyukov\/NYT<\/p>\n<p data-component-name=\"paragraph\" class=\"styles__ParagraphStyled-sc-6adecn-0 gsLklW  \">A vista de 360 \u200b\u200bgraus inclui as ru\u00ednas restauradas da vila dos trabalhadores e da opera\u00e7\u00e3o da minera\u00e7\u00e3o de carv\u00e3o, Lens e seu enorme est\u00e1dio de futebol e, \u00e0 dist\u00e2ncia, um memorial canadense \u00e0s v\u00edtimas da Primeira Guerra Mundial, em Vimy Ridge.<\/p>\n<p>Lembran\u00e7a da Primeira Guerra Mundial<\/p>\n<p data-component-name=\"paragraph\" class=\"styles__ParagraphStyled-sc-6adecn-0 gsLklW  \">Os que t\u00eam interesse na Primeira Grande Guerra podem seguir 6,4 km a oeste do Museu Louvre-Lens at\u00e9 a colina chamada de Notre Dame de Lorette. A bas\u00edlica inspirada no estilo art d\u00e9co e o maior cemit\u00e9rio de guerra franc\u00eas homenageiam os cerca de 42 mil soldados da Fran\u00e7a que morreram na regi\u00e3o de Nord-Pas-de-Calais. Descendo a colina, h\u00e1 um pequeno centro de visitantes e sobre hist\u00f3ria. Nas proximidades, tamb\u00e9m fica o Anel da Mem\u00f3ria, monumento internacional com os nomes de quase 580 mil soldados que morreram na regi\u00e3o entre 1914 e 1918.<\/p>\n<p><img  loading=\"lazy\" class=\"lazy-load-img\"\/><\/p>\n<p>Bas\u00edlica inspirada no art d\u00e9co e maior cemit\u00e9rio de guerra franc\u00eas homenageiam 42 mil soldados da Fran\u00e7a\u00a0Foto:  Dmitry Kostyukov\/NYT<\/p>\n<p data-component-name=\"paragraph\" class=\"styles__ParagraphStyled-sc-6adecn-0 gsLklW  \">Localizado 6k ao sul, est\u00e1 o Memorial Canadense com monumento em Vimy, uma homenagem aos 66 mil soldados canadenses que morreram na Fran\u00e7a durante a Primeira Guerra Mundial. Os visitantes podem caminhar por trincheiras reconstru\u00eddas.<\/p>\n<p data-component-name=\"paragraph\" class=\"styles__ParagraphStyled-sc-6adecn-0 gsLklW  \">Antes de retornar a Paris, n\u00e3o deixe de parar no bar La Loco, em frente \u00e0 esta\u00e7\u00e3o de trem, para saborear a cerveja local Ch\u2019ti, tirada da torneira, e as batatas fritas, que, segundo eles, s\u00e3o as melhores do mundo. Um pedido m\u00e9dio \u2013 cerca de 900 grama de batatas fritas por \u20ac 4 \u2013 \u00e9 servido quentinho e espalhado na sua frente sobre uma folha de papel manteiga. Se estiver sem tempo, leve para a viagem, o lanche perfeito para o trem.<\/p>\n<p data-component-name=\"paragraph\" class=\"styles__ParagraphStyled-sc-6adecn-0 gsLklW  \">Este conte\u00fado foi traduzido com o aux\u00edlio de ferramentas de Intelig\u00eancia Artificial e revisado por nossa equipe editorial.<a href=\"https:\/\/www.estadao.com.br\/link\/estadao-define-politica-de-uso-de-ferramentas-de-inteligencia-artificial-por-seus-jornalistas-veja\/\" target=\"_blank\" rel=\"nofollow noopener\"> <strong>Saiba mais em nossa Pol\u00edtica de IA<\/strong><\/a><strong>.<\/strong><\/p>\n<p data-component-name=\"paragraph\" class=\"styles__ParagraphStyled-sc-6adecn-0 gsLklW  \">c.2025 The New York Times Company<\/p>\n","protected":false},"excerpt":{"rendered":"Quando amigos visitam Paris, muitas vezes me pedem para acompanh\u00e1-los num passeio de um dia. A maioria j\u00e1&hellip;\n","protected":false},"author":2,"featured_media":127175,"comment_status":"","ping_status":"","sticky":false,"template":"","format":"standard","meta":{"footnotes":""},"categories":[144],"tags":[25124,207,205,206,203,201,202,377,204,114,115,29090,29091,29092,29093,32,33,7128,29094,29095],"class_list":{"0":"post-127174","1":"post","2":"type-post","3":"status-publish","4":"format-standard","5":"has-post-thumbnail","7":"category-arte-e-design","8":"tag-architecture","9":"tag-arte","10":"tag-arte-e-design","11":"tag-artedesign","12":"tag-arts","13":"tag-arts-and-design","14":"tag-artsanddesign","15":"tag-culture","16":"tag-design","17":"tag-entertainment","18":"tag-entretenimento","19":"tag-france","20":"tag-lens","21":"tag-louvre-lens","22":"tag-museums","23":"tag-portugal","24":"tag-pt","25":"tag-travel","26":"tag-vacations","27":"tag-world-war-i"},"share_on_mastodon":{"url":"https:\/\/pubeurope.com\/@pt\/115441183132597071","error":""},"_links":{"self":[{"href":"https:\/\/www.europesays.com\/pt\/wp-json\/wp\/v2\/posts\/127174","targetHints":{"allow":["GET"]}}],"collection":[{"href":"https:\/\/www.europesays.com\/pt\/wp-json\/wp\/v2\/posts"}],"about":[{"href":"https:\/\/www.europesays.com\/pt\/wp-json\/wp\/v2\/types\/post"}],"author":[{"embeddable":true,"href":"https:\/\/www.europesays.com\/pt\/wp-json\/wp\/v2\/users\/2"}],"replies":[{"embeddable":true,"href":"https:\/\/www.europesays.com\/pt\/wp-json\/wp\/v2\/comments?post=127174"}],"version-history":[{"count":0,"href":"https:\/\/www.europesays.com\/pt\/wp-json\/wp\/v2\/posts\/127174\/revisions"}],"wp:featuredmedia":[{"embeddable":true,"href":"https:\/\/www.europesays.com\/pt\/wp-json\/wp\/v2\/media\/127175"}],"wp:attachment":[{"href":"https:\/\/www.europesays.com\/pt\/wp-json\/wp\/v2\/media?parent=127174"}],"wp:term":[{"taxonomy":"category","embeddable":true,"href":"https:\/\/www.europesays.com\/pt\/wp-json\/wp\/v2\/categories?post=127174"},{"taxonomy":"post_tag","embeddable":true,"href":"https:\/\/www.europesays.com\/pt\/wp-json\/wp\/v2\/tags?post=127174"}],"curies":[{"name":"wp","href":"https:\/\/api.w.org\/{rel}","templated":true}]}}