{"id":12718,"date":"2025-08-02T10:01:07","date_gmt":"2025-08-02T10:01:07","guid":{"rendered":"https:\/\/www.europesays.com\/pt\/12718\/"},"modified":"2025-08-02T10:01:07","modified_gmt":"2025-08-02T10:01:07","slug":"meia-usada-de-michael-jackson-e-vendida-por-mais-de-r-40-mil-veja","status":"publish","type":"post","link":"https:\/\/www.europesays.com\/pt\/12718\/","title":{"rendered":"Meia usada de Michael Jackson \u00e9 vendida por mais de R$ 40 mil; veja"},"content":{"rendered":"<p class=\"my-5 break-words\">Uma meia utilizada por <strong>Michael Jackson<\/strong>, que morreu aos 50 anos em 2009,\u00a0foi vendida por mais de<strong> R$ 40 mil<\/strong> na \u00faltima quarta-feira (30), em um leil\u00e3o realizado em Nice, na Fran\u00e7a.<\/p>\n<p class=\"my-5 break-words\">Os organizadores do evento classificaram a pe\u00e7a, usada pelo artista em 1997, como um<strong> &#8220;objeto cult&#8221;.<\/strong>\u00a0A meia, que foi vendida por <strong>$ 8000 (cerca de R$ 44 mil)<\/strong>\u00a0\u00e9<strong> bordada com cristais<\/strong> e foi utilizada pelo Rei do Pop durante um concerto na Fran\u00e7a.<\/p>\n<p class=\"my-5 break-words\">De acordo com a leiloeira Aurore Illy, um t\u00e9cnico de som encontrou a meia perto do camarim utilizado por Michael Jackson em N\u00eemes, no Sul da Fran\u00e7a. A meia foi emoldurada ao lado do crach\u00e1 original de acesso aos backstage do evento.<\/p>\n<p class=\"my-5 break-words\">Ela combinava com a famosa luva usada durante a \u201cHIStory World Tour\u201d e teria sido utilizada pelo cantor durante as apresenta\u00e7\u00f5es de &#8220;Beat It Live&#8221; e &#8220;Billie Jean&#8221;, nas quais ele executava seu ic\u00f4nico moonwalk.<\/p>\n<p class=\"my-5 break-words\">Michael Jackson faleceu em 2009, mas sua influ\u00eancia permanece viva, sendo constantemente celebrada em exposi\u00e7\u00f5es, lan\u00e7amentos p\u00f3stumos e, como no caso desta meia, em leil\u00f5es que resgatam sua presen\u00e7a nos palcos.<\/p>\n<p class=\"my-5 break-words\">Uma lote de desenhos feitos pelo cantor <a href=\"https:\/\/www.cnnbrasil.com.br\/lifestyle\/desenhos-de-michael-jackson-sao-leiloados-a-partir-de-r-56-milhoes\/\" target=\"_self\" rel=\"nofollow noopener\" class=\"text-red-600 underline hover:text-red-500 font-medium break-words\">ser\u00e1<strong>\u00a0leiloado<\/strong>\u00a0no dia <strong>9 de agosto<\/strong><\/a> em uma sess\u00e3o online. O valor inicial do pacote de obras vendido pela King&#8217;s Auctions \u00e9 de\u00a0<strong>US$ 1 milh\u00e3o (cerca de R$ 5,6 milh\u00f5es)<\/strong>.<\/p>\n<p class=\"my-5 break-words\">Entre os\u00a0<a class=\"text-red-600 underline hover:text-red-500 font-medium break-words\" href=\"https:\/\/www.cnnbrasil.com.br\/lifestyle\/bruna-biancardi-usa-anel-grifado-apos-reconciliacao-com-neymar-veja-o-valor\/\" target=\"_self\" rel=\"nofollow noopener\">itens<\/a>\u00a0est\u00e3o o trof\u00e9u do Billboard Awards de 2014 e desenhos feitos pelo cantor em pap\u00e9is presidenciais, que Jackson recebeu durante uma visita \u00e0 Casa Branca. Uma parte dos lucros adquiridos no leil\u00e3o ser\u00e1 destinada a\u00a0<a class=\"text-red-600 underline hover:text-red-500 font-medium break-words\" href=\"https:\/\/www.cnnbrasil.com.br\/lifestyle\/casa-de-criadores-veja-o-line-up-e-como-adquirir-ingressos-para-a-54a-edicao\/\" target=\"_self\" rel=\"nofollow noopener\">institui\u00e7\u00f5es<\/a>\u00a0de caridade.<\/p>\n<blockquote class=\"twitter-tweet\" data-media-max-width=\"560\">\n<p dir=\"ltr\" lang=\"en\" class=\"my-5 break-words\">Michael Jackson\u2019s old stained sock has sold for over $8,000 at an auction in France <a href=\"https:\/\/t.co\/bgNxhMZIN8\" class=\"text-red-600 underline hover:text-red-500 font-medium break-words\" target=\"_blank\" rel=\"noopener noreferrer nofollow\">pic.twitter.com\/bgNxhMZIN8<\/a><\/p>\n<p class=\"my-5 break-words\">\u2014 Dexerto (@Dexerto) <a href=\"https:\/\/twitter.com\/Dexerto\/status\/1950646031114260794?ref_src=twsrc%5Etfw\" class=\"text-red-600 underline hover:text-red-500 font-medium break-words\" target=\"_blank\" rel=\"noopener noreferrer nofollow\">July 30, 2025<\/a><\/p>\n<\/blockquote>\n<p class=\"my-5 break-words\">*Com informa\u00e7\u00f5es de Giovana Christ, da CNN<\/p>\n<p><script async src=\"https:\/\/platform.twitter.com\/widgets.js\" charset=\"utf-8\"><\/script><\/p>\n","protected":false},"excerpt":{"rendered":"Uma meia utilizada por Michael Jackson, que morreu aos 50 anos em 2009,\u00a0foi vendida por mais de R$&hellip;\n","protected":false},"author":2,"featured_media":12719,"comment_status":"","ping_status":"","sticky":false,"template":"","format":"standard","meta":{"footnotes":""},"categories":[141],"tags":[114,115,149,150,32,33],"class_list":{"0":"post-12718","1":"post","2":"type-post","3":"status-publish","4":"format-standard","5":"has-post-thumbnail","7":"category-musica","8":"tag-entertainment","9":"tag-entretenimento","10":"tag-music","11":"tag-musica","12":"tag-portugal","13":"tag-pt"},"share_on_mastodon":{"url":"","error":""},"_links":{"self":[{"href":"https:\/\/www.europesays.com\/pt\/wp-json\/wp\/v2\/posts\/12718","targetHints":{"allow":["GET"]}}],"collection":[{"href":"https:\/\/www.europesays.com\/pt\/wp-json\/wp\/v2\/posts"}],"about":[{"href":"https:\/\/www.europesays.com\/pt\/wp-json\/wp\/v2\/types\/post"}],"author":[{"embeddable":true,"href":"https:\/\/www.europesays.com\/pt\/wp-json\/wp\/v2\/users\/2"}],"replies":[{"embeddable":true,"href":"https:\/\/www.europesays.com\/pt\/wp-json\/wp\/v2\/comments?post=12718"}],"version-history":[{"count":0,"href":"https:\/\/www.europesays.com\/pt\/wp-json\/wp\/v2\/posts\/12718\/revisions"}],"wp:featuredmedia":[{"embeddable":true,"href":"https:\/\/www.europesays.com\/pt\/wp-json\/wp\/v2\/media\/12719"}],"wp:attachment":[{"href":"https:\/\/www.europesays.com\/pt\/wp-json\/wp\/v2\/media?parent=12718"}],"wp:term":[{"taxonomy":"category","embeddable":true,"href":"https:\/\/www.europesays.com\/pt\/wp-json\/wp\/v2\/categories?post=12718"},{"taxonomy":"post_tag","embeddable":true,"href":"https:\/\/www.europesays.com\/pt\/wp-json\/wp\/v2\/tags?post=12718"}],"curies":[{"name":"wp","href":"https:\/\/api.w.org\/{rel}","templated":true}]}}