{"id":127190,"date":"2025-10-26T15:47:09","date_gmt":"2025-10-26T15:47:09","guid":{"rendered":"https:\/\/www.europesays.com\/pt\/127190\/"},"modified":"2025-10-26T15:47:09","modified_gmt":"2025-10-26T15:47:09","slug":"documentario-mostra-inquietude-da-artista-amelia-toledo-26-10-2025-ilustrada","status":"publish","type":"post","link":"https:\/\/www.europesays.com\/pt\/127190\/","title":{"rendered":"Document\u00e1rio mostra inquietude da artista Amelia Toledo &#8211; 26\/10\/2025 &#8211; Ilustrada"},"content":{"rendered":"<p>Quando<a href=\"https:\/\/www1.folha.uol.com.br\/cotidiano\/2017\/11\/1933911-mortes-artista-que-acreditou-na-beleza-das-pedras.shtml\" rel=\"nofollow noopener\" target=\"\"> morreu, em 2017<\/a>, a imagem da artista <a href=\"https:\/\/www1.folha.uol.com.br\/ilustrada\/2017\/11\/1934948-amelia-toledo-foi-como-alienigena-no-cenario-artistico-do-pais.shtml\" rel=\"nofollow noopener\" target=\"\">Amelia Toledo<\/a> estava associada principalmente \u00e0s obras p\u00fablicas. Nas duas d\u00e9cadas anteriores, ela havia criado &#8220;Paisagem Subterr\u00e2nea&#8221;, no interior da esta\u00e7\u00e3o de metr\u00f4 Cardeal Arcoverde, no Rio de Janeiro, e &#8220;Caleidosc\u00f3pio&#8221;, na esta\u00e7\u00e3o Br\u00e1s, em S\u00e3o Paulo.<\/p>\n<p>Tamb\u00e9m tinha concebido &#8220;Parque das Cores do Escuro&#8221;, na avenida 23 de Maio, na capital paulista.<\/p>\n<p>S\u00e3o trabalhos relevantes, que evidenciam a capacidade da artista de lidar com as formas da natureza em grandes propor\u00e7\u00f5es. Uma estudiosa dos elementos minerais, ela reelaborava pedras das mais diferentes cores e texturas, revelando novas perspectivas. Sem levantar bandeiras, Amelia aproximou a arte da sustentabilidade em uma \u00e9poca em que pouqu\u00edssimos falavam sobre ecologia.<\/p>\n<p>No entanto, a trajet\u00f3ria dessa artista paulistana vai al\u00e9m dessa vertente, como mostra &#8220;Amelia Toledo &#8211; Lembrar de N\u00e3o Esquecer&#8221;, document\u00e1rio dirigido por <a href=\"https:\/\/www1.folha.uol.com.br\/colunas\/monicabergamo\/2024\/07\/helio-goldsztejn-prepara-documentario-sobre-a-vida-de-amelia-toledo.shtml\" rel=\"nofollow noopener\" target=\"\">Helio Goldsztejn<\/a>, com exibi\u00e7\u00f5es na <a href=\"https:\/\/www1.folha.uol.com.br\/folha-topicos\/mostra-de-cinema-de-sp\/\" rel=\"nofollow noopener\" target=\"\">Mostra de Cinema de S\u00e3o Paulo<\/a> na segunda, dia 27, e no dia seguinte.<\/p>\n<p>O filme vai ao come\u00e7o do s\u00e9culo 20 para lembrar uma parceria curiosa dos pais de Amelia. O pai, um m\u00e9dico patologista, pesquisava c\u00e9lulas usando um microsc\u00f3pio. Como na \u00e9poca o aparelho n\u00e3o fazia fotos, a m\u00e3e reproduzia as imagens em aquarelas detalhadas. A ci\u00eancia e a arte se confundiam, uma interse\u00e7\u00e3o que influenciou a filha.<\/p>\n<p>Goldsztejn tem o cuidado de apresentar os artistas que foram decisivos na forma\u00e7\u00e3o de Amelia, como o pintor japon\u00eas radicado no Brasil <a href=\"https:\/\/enciclopedia.itaucultural.org.br\/pessoas\/2644-yoshiya-takaoka\" rel=\"nofollow noopener\" target=\"_blank\">Yoshiya Takaoka<\/a> \u2013 &#8220;ele me ensinou a enxergar as coisas&#8221;, diz ela no filme\u2013 e o escultor escoc\u00eas William Turnbull, que lhe indicou rumos novos para o trabalho com as pedras.<\/p>\n<p>Amelia criou ainda discos t\u00e1cteis e bolhas de pl\u00e1stico, especialmente nos anos 1960, pintou nos mais diversos tecidos, como a juta, e explorou as possibilidades das chapas de metal, entre outros recursos.<\/p>\n<p>Vers\u00e1til e sempre inquieta, n\u00e3o integrou grupos ou movimentos, embora tenha convivido com artistas, como <a href=\"https:\/\/www1.folha.uol.com.br\/ilustrada\/2015\/02\/1588480-tomie-ohtake-grande-dama-da-arte-nacional-morre-aos-101-anos-em-sp.shtml\" rel=\"nofollow noopener\" target=\"\">Tomie Ohtake<\/a> e<a href=\"https:\/\/www1.folha.uol.com.br\/fsp\/ilustrad\/fq0405200418.htm\" rel=\"nofollow noopener\" target=\"\"> Lygia Pape<\/a>, e arquitetos, caso de <a href=\"https:\/\/www1.folha.uol.com.br\/ilustrada\/2021\/05\/morre-paulo-mendes-da-rocha-o-ultimo-gigante-da-arquitetura-brasileira.shtml\" rel=\"nofollow noopener\" target=\"\">Paulo Mendes da Rocha<\/a>.<\/p>\n<p>Ao longo do document\u00e1rio, o cr\u00edtico e professor de arquitetura Guilherme Wisnik comenta o &#8220;trabalho muito espec\u00edfico&#8221; da artista e a v\u00ea em meio a &#8220;contradi\u00e7\u00f5es complementares&#8221;.<\/p>\n<p>&#8220;Amelia tem alguma vincula\u00e7\u00e3o com o grupo racionalista, que nasceu das vanguardas e que recorre a certa geometria. Mas ela tinha um amor grande pela natureza, o que a impediu de mergulhar de cabe\u00e7a no projeto racional-geom\u00e9trico&#8221;, diz Wisnik, consultor curatorial do MuBE, o Museu Brasileiro da Escultura e Ecologia, que apresentou <a href=\"https:\/\/www1.folha.uol.com.br\/ilustrada\/2024\/04\/exposicao-de-amelia-toledo-no-mube-mostra-como-a-artista-juntou-arte-e-ecologia.shtml\" rel=\"nofollow noopener\" target=\"\">uma grande mostra com obras dela no ano passado.<\/a><\/p>\n<p>A lembran\u00e7a da atua\u00e7\u00e3o de Amelia como professora de artes nos dois primeiros anos da Universidade de Bras\u00edlia, momento revivido pelo <a href=\"https:\/\/www1.folha.uol.com.br\/ilustrada\/2025\/09\/jorge-bodanzky-filma-a-destruicao-da-amazonia-com-maestria.shtml\" rel=\"nofollow noopener\" target=\"\">cineasta Jorge Bodanzky<\/a>, \u00e9 um dos trechos surpreendentes do document\u00e1rio. Foi <a href=\"https:\/\/www1.folha.uol.com.br\/folha-100-anos\/2020\/02\/darcy-ribeiro-falou-com-a-folha-depois-de-fugir-do-hospital.shtml\" rel=\"nofollow noopener\" target=\"\">Darcy Ribeiro<\/a>, o principal respons\u00e1vel pela cria\u00e7\u00e3o da UnB e o primeiro reitor da institui\u00e7\u00e3o, quem a contratou.<\/p>\n<p>Bodansky lembra que Amelia levava os alunos para o meio do cerrado para reproduzir a plasticidade de plantas e rochas. No entanto, a experi\u00eancia inovadora durou pouco. Com <a href=\"https:\/\/www1.folha.uol.com.br\/folha-topicos\/60-anos-do-golpe\/\" rel=\"nofollow noopener\" target=\"\">o golpe de 1964<\/a>, a universidade foi v\u00edtima da intimida\u00e7\u00e3o dos militares, o que levou o corpo docente a decidir por uma demiss\u00e3o coletiva.<\/p>\n<p>O filme n\u00e3o vai fundo na seara pessoal, mas os depoimentos dos filhos Moacyr e Ruth e da galerista Nara Roesler, ainda que afetuosos, d\u00e3o sinais do temperamento dif\u00edcil da artista.<\/p>\n<p>Amelia \u00e9, em todos os aspectos, uma figura forte, para a qual o document\u00e1rio \u00e9 uma boa porta de entrada. Suas obras e suas ideias merecem mais aten\u00e7\u00e3o, como se conclui ao fim dos 82 minutos.<\/p>\n","protected":false},"excerpt":{"rendered":"Quando morreu, em 2017, a imagem da artista Amelia Toledo estava associada principalmente \u00e0s obras p\u00fablicas. Nas duas&hellip;\n","protected":false},"author":2,"featured_media":127191,"comment_status":"","ping_status":"","sticky":false,"template":"","format":"standard","meta":{"footnotes":""},"categories":[140],"tags":[29096,559,470,114,115,147,148,236,5267,25430,146,32,33],"class_list":{"0":"post-127190","1":"post","2":"type-post","3":"status-publish","4":"format-standard","5":"has-post-thumbnail","7":"category-filmes","8":"tag-amelia-toledo","9":"tag-artes-plasticas","10":"tag-cinema","11":"tag-entertainment","12":"tag-entretenimento","13":"tag-film","14":"tag-filmes","15":"tag-folha","16":"tag-mostra-de-cinema","17":"tag-mostra-de-cinema-de-sp","18":"tag-movies","19":"tag-portugal","20":"tag-pt"},"share_on_mastodon":{"url":"https:\/\/pubeurope.com\/@pt\/115441254215999397","error":""},"_links":{"self":[{"href":"https:\/\/www.europesays.com\/pt\/wp-json\/wp\/v2\/posts\/127190","targetHints":{"allow":["GET"]}}],"collection":[{"href":"https:\/\/www.europesays.com\/pt\/wp-json\/wp\/v2\/posts"}],"about":[{"href":"https:\/\/www.europesays.com\/pt\/wp-json\/wp\/v2\/types\/post"}],"author":[{"embeddable":true,"href":"https:\/\/www.europesays.com\/pt\/wp-json\/wp\/v2\/users\/2"}],"replies":[{"embeddable":true,"href":"https:\/\/www.europesays.com\/pt\/wp-json\/wp\/v2\/comments?post=127190"}],"version-history":[{"count":0,"href":"https:\/\/www.europesays.com\/pt\/wp-json\/wp\/v2\/posts\/127190\/revisions"}],"wp:featuredmedia":[{"embeddable":true,"href":"https:\/\/www.europesays.com\/pt\/wp-json\/wp\/v2\/media\/127191"}],"wp:attachment":[{"href":"https:\/\/www.europesays.com\/pt\/wp-json\/wp\/v2\/media?parent=127190"}],"wp:term":[{"taxonomy":"category","embeddable":true,"href":"https:\/\/www.europesays.com\/pt\/wp-json\/wp\/v2\/categories?post=127190"},{"taxonomy":"post_tag","embeddable":true,"href":"https:\/\/www.europesays.com\/pt\/wp-json\/wp\/v2\/tags?post=127190"}],"curies":[{"name":"wp","href":"https:\/\/api.w.org\/{rel}","templated":true}]}}