{"id":127198,"date":"2025-10-26T15:53:10","date_gmt":"2025-10-26T15:53:10","guid":{"rendered":"https:\/\/www.europesays.com\/pt\/127198\/"},"modified":"2025-10-26T15:53:10","modified_gmt":"2025-10-26T15:53:10","slug":"trump-aumenta-as-tarifas-do-canada-em-10-em-retaliacao-ao-anuncio-de-televisao-que-usa-imagens-de-reagan","status":"publish","type":"post","link":"https:\/\/www.europesays.com\/pt\/127198\/","title":{"rendered":"Trump aumenta as tarifas do Canad\u00e1 em 10% em retalia\u00e7\u00e3o ao an\u00fancio de televis\u00e3o que usa imagens de Reagan"},"content":{"rendered":"<p>\t                O an\u00fancio anti-tarif\u00e1rio, pago pelo governo da prov\u00edncia canadiana de Ont\u00e1rio, dura um minuto e utiliza excertos de um discurso de 1987 em que Ronald Reagan, ex-presidente idolatrado pelos conservadores norte-americanos,\u00a0afirma que \u201cas barreiras comerciais prejudicam todos os trabalhadores americanos\u201d<\/p>\n<p>Donald Trump anunciou no s\u00e1bado que vai aumentar em 10% as taxas alfandeg\u00e1rias impostas pelos Estados Unidos ao Canad\u00e1, em retalia\u00e7\u00e3o a um an\u00fancio anti-tarif\u00e1rio patrocinado pelo governo do Ont\u00e1rio, que veio agravar a tens\u00e3o numa das maiores parcerias comerciais do mundo.<\/p>\n<p>A declara\u00e7\u00e3o, publicada na conta Truth Social de Trump, surgiu ap\u00f3s v\u00e1rios dias de disputas p\u00fablicas sobre o an\u00fancio, que fazia refer\u00eancia ao apoio de Ronald Reagan ao com\u00e9rcio livre e provocou a ira do Presidente dos EUA.<\/p>\n<p>\u201cDevido \u00e0 sua grave deturpa\u00e7\u00e3o dos factos e ao seu ato hostil, vou aumentar as tarifas sobre o Canad\u00e1 em 10% para al\u00e9m do que est\u00e3o a pagar agora\u201d, afirmou Trump numa publica\u00e7\u00e3o nas redes sociais enquanto voava a bordo do avi\u00e3o presidencial Air Force One para a Mal\u00e1sia.\u00a0 Acusou ainda o an\u00fancio de ser uma \u201cfraude\u201d e disse que o \u201c\u00fanico objetivo\u201d do mesmo era \u201ca esperan\u00e7a do Canad\u00e1 de que o Supremo Tribunal dos Estados Unidos viesse em seu \u2018socorro\u2019 no que diz respeito \u00e0s tarifas que utilizaram durante anos para prejudicar os Estados Unidos\u201d, acrescentou. \u201cAgora, os Estados Unidos podem defender-se contra as elevadas e excessivas tarifas canadianas (e tamb\u00e9m as do resto do mundo!)\u201d, escreveu o presidente.<\/p>\n<p>\u00a0<\/p>\n<p>O primeiro-ministro do Ont\u00e1rio, Doug Ford, tinha dito na sexta-feira que a prov\u00edncia ia suspender a sua campanha publicit\u00e1ria nos EUA na segunda-feira, ap\u00f3s discuss\u00f5es com o primeiro-ministro Mark Carney, num esfor\u00e7o para reabrir as negocia\u00e7\u00f5es comerciais.<\/p>\n<p>Mas anunciou tamb\u00e9m\u00a0que o a\u00fancio seria seria transmitido durante o segundo jogo do campeonato de basebol no fim de semana.A transmiss\u00e3o foi feita em hor\u00e1rio nobre, durante o segundo jogo da World Series, a final de basebol entre os canadianos Toronto Blue Jays e os norte-americanos Los Angeles Dodgers, de acordo com a imprensa norte-americana.\u00a0<\/p>\n<p>A medida n\u00e3o satisfez Trump que este s\u00e1bado, antes de chegar \u00e0 Mal\u00e1sia, onde participa na cimeira da Associa\u00e7\u00e3o das Na\u00e7\u00f5es do Sudeste Asi\u00e1tico (ASEAN), com o primeiro-ministro canadiano Mark Carney, reiterou o aumento adicional das tarifas sobre o Canad\u00e1.\u00a0\u201cO an\u00fancio deveria ter sido retirado imediatamente, mas transmitiram-no ontem [sexta-feira] \u00e0 noite durante a World Series, sabendo que era uma fraude\u201d, disse Trump.\u00a0\u201cDevido \u00e0 grave deturpa\u00e7\u00e3o dos factos e ao ato hostil, vou aumentar a tarifa sobre o Canad\u00e1 em 10% acima do que eles est\u00e3o a pagar agora\u201d, anunciou o presidente norte-americano.<\/p>\n<p>O an\u00fancio anti-tarif\u00e1rio, pago pelo governo da prov\u00edncia canadiana de Ont\u00e1rio, dura um minuto e utiliza excertos de um discurso de 1987 em que Ronald Reagan, ex-presidente idolatrado pelos conservadores norte-americanos, afirma que \u201cas barreiras comerciais prejudicam todos os trabalhadores americanos\u201d<\/p>\n<p>A Funda\u00e7\u00e3o Ronald Reagan reagiu, declarando na rede social X que a campanha publicit\u00e1ria canadiana utilizou &#8220;de forma seletiva excertos de \u00e1udio e v\u00eddeo&#8221; de um discurso radiof\u00f3nico sobre o com\u00e9rcio do antigo presidente.<\/p>\n","protected":false},"excerpt":{"rendered":"O an\u00fancio anti-tarif\u00e1rio, pago pelo governo da prov\u00edncia canadiana de Ont\u00e1rio, dura um minuto e utiliza excertos de&hellip;\n","protected":false},"author":2,"featured_media":127199,"comment_status":"","ping_status":"","sticky":false,"template":"","format":"standard","meta":{"footnotes":""},"categories":[50],"tags":[609,836,611,27,28,2965,607,608,333,832,604,135,610,92,476,15,16,301,830,14,603,25,26,570,21,22,831,833,62,834,12,13,19,20,835,602,52,32,23,24,717,17,18,29,30,31,63,64,65],"class_list":{"0":"post-127198","1":"post","2":"type-post","3":"status-publish","4":"format-standard","5":"has-post-thumbnail","7":"category-mundo","8":"tag-alerta","9":"tag-analise","10":"tag-ao-minuto","11":"tag-breaking-news","12":"tag-breakingnews","13":"tag-canada","14":"tag-cnn","15":"tag-cnn-portugal","16":"tag-comentadores","17":"tag-costa","18":"tag-crime","19":"tag-desporto","20":"tag-direto","21":"tag-donald-trump","22":"tag-economia","23":"tag-featured-news","24":"tag-featurednews","25":"tag-governo","26":"tag-guerra","27":"tag-headlines","28":"tag-justica","29":"tag-latest-news","30":"tag-latestnews","31":"tag-live","32":"tag-main-news","33":"tag-mainnews","34":"tag-mais-vistas","35":"tag-marcelo","36":"tag-mundo","37":"tag-negocios","38":"tag-news","39":"tag-noticias","40":"tag-noticias-principais","41":"tag-noticiasprincipais","42":"tag-opiniao","43":"tag-pais","44":"tag-politica","45":"tag-portugal","46":"tag-principais-noticias","47":"tag-principaisnoticias","48":"tag-tarifas","49":"tag-top-stories","50":"tag-topstories","51":"tag-ultimas","52":"tag-ultimas-noticias","53":"tag-ultimasnoticias","54":"tag-world","55":"tag-world-news","56":"tag-worldnews"},"share_on_mastodon":{"url":"","error":"Validation failed: Text character limit of 500 exceeded"},"_links":{"self":[{"href":"https:\/\/www.europesays.com\/pt\/wp-json\/wp\/v2\/posts\/127198","targetHints":{"allow":["GET"]}}],"collection":[{"href":"https:\/\/www.europesays.com\/pt\/wp-json\/wp\/v2\/posts"}],"about":[{"href":"https:\/\/www.europesays.com\/pt\/wp-json\/wp\/v2\/types\/post"}],"author":[{"embeddable":true,"href":"https:\/\/www.europesays.com\/pt\/wp-json\/wp\/v2\/users\/2"}],"replies":[{"embeddable":true,"href":"https:\/\/www.europesays.com\/pt\/wp-json\/wp\/v2\/comments?post=127198"}],"version-history":[{"count":0,"href":"https:\/\/www.europesays.com\/pt\/wp-json\/wp\/v2\/posts\/127198\/revisions"}],"wp:featuredmedia":[{"embeddable":true,"href":"https:\/\/www.europesays.com\/pt\/wp-json\/wp\/v2\/media\/127199"}],"wp:attachment":[{"href":"https:\/\/www.europesays.com\/pt\/wp-json\/wp\/v2\/media?parent=127198"}],"wp:term":[{"taxonomy":"category","embeddable":true,"href":"https:\/\/www.europesays.com\/pt\/wp-json\/wp\/v2\/categories?post=127198"},{"taxonomy":"post_tag","embeddable":true,"href":"https:\/\/www.europesays.com\/pt\/wp-json\/wp\/v2\/tags?post=127198"}],"curies":[{"name":"wp","href":"https:\/\/api.w.org\/{rel}","templated":true}]}}