{"id":127204,"date":"2025-10-26T15:59:08","date_gmt":"2025-10-26T15:59:08","guid":{"rendered":"https:\/\/www.europesays.com\/pt\/127204\/"},"modified":"2025-10-26T15:59:08","modified_gmt":"2025-10-26T15:59:08","slug":"secret-story-apresentadora-da-tvi-ataca-sandro-fernandes-apos-comentario-porco","status":"publish","type":"post","link":"https:\/\/www.europesays.com\/pt\/127204\/","title":{"rendered":"&#8220;Secret Story&#8221;: apresentadora da TVI ataca Sandro Fernandes, ap\u00f3s &#8220;coment\u00e1rio porco&#8221;!"},"content":{"rendered":"<p><a href=\"https:\/\/selfie.iol.pt\/famosos\/ines-bras\/ines-bras-e-o-rosto-de-novo-programa-da-tvi-vao-ver-me-imensas-vezes\/20240408\/66142820d34e0498921f84de\" target=\"_blank\" rel=\"nofollow noopener\">In\u00eas Br\u00e1s<\/a>, apresentadora do programa &#8220;TVI\u00a0D\u00e1 +&#8221;, n\u00e3o se mostrou indiferente por protagonizar um v\u00eddeo que se tornou viral: nas imagens, In\u00eas Br\u00e1s fica feliz por um espetador ganhar um passatempo e, ao falar com a equipa, diz rapidamente: &#8220;Estou-me a ouvir.&#8221; No entanto, no v\u00eddeo, In\u00eas Br\u00e1s parece proferir uma frase semelhante e com uma conota\u00e7\u00e3o que acabou por divertir os internautas.<\/p>\n<p>A comunicadora n\u00e3o se mostrou indiferente a alguns coment\u00e1rios que a pr\u00f3pria considerou serem &#8220;porcos e nojentos&#8221; e escritos por homens. Ali\u00e1s, In\u00eas Br\u00e1s destacou uma mensagem de <a href=\"https:\/\/selfie.iol.pt\/famosos\/casa-dos-segredos-9\/revelacao-sandro-fernandes-avisou-cristiano-ronaldo-que-ia-entrar-em-secret-story\/20251006\/68e3cf1ed34e58bc67969373\" target=\"_blank\" rel=\"nofollow noopener\">Sandro Fernandes<\/a>, ex-concorrente de &#8220;<a href=\"https:\/\/tvi.iol.pt\/secretstory\/\" target=\"_blank\" rel=\"nofollow noopener\">Secret Story &#8211; Casa dos Segredos<\/a>&#8220;. &#8220;Como assim? O cabeleireiro do Cristiano Ronaldo? N\u00e3o acredito&#8230;&#8221;, ironizou In\u00eas Br\u00e1s.<\/p>\n<p>Veja, agora, o v\u00eddeo. E n\u00e3o deixe de espreitar algumas das melhores imagens de In\u00eas Br\u00e1s e Sandro Fernandes nas galerias de fotografias que prepar\u00e1mos para si.<\/p>\n<blockquote class=\"instagram-media\" data-instgrm-captioned=\"\" data-instgrm-permalink=\"https:\/\/www.instagram.com\/reel\/DQRXLJCjBp7\/?utm_source=ig_embed&amp;utm_campaign=loading\" data-instgrm-version=\"14\" style=\" background:#FFF; border:0; border-radius:3px; box-shadow:0 0 1px 0 rgba(0,0,0,0.5),0 1px 10px 0 rgba(0,0,0,0.15); margin: 1px; max-width:540px; min-width:326px; padding:0; width:99.375%; width:-webkit-calc(100% - 2px); width:calc(100% - 2px);\">\n<\/blockquote>\n<p>                        <script async src=\"\/\/www.instagram.com\/embed.js\"><\/script><\/p>\n","protected":false},"excerpt":{"rendered":"In\u00eas Br\u00e1s, apresentadora do programa &#8220;TVI\u00a0D\u00e1 +&#8221;, n\u00e3o se mostrou indiferente por protagonizar um v\u00eddeo que se tornou&hellip;\n","protected":false},"author":2,"featured_media":127205,"comment_status":"","ping_status":"","sticky":false,"template":"","format":"standard","meta":{"footnotes":""},"categories":[142],"tags":[2632,114,115,980,29097,1015,619,32,33,1014,19164,1315,1012,151,162],"class_list":{"0":"post-127204","1":"post","2":"type-post","3":"status-publish","4":"format-standard","5":"has-post-thumbnail","7":"category-tv","8":"tag-casa-dos-segredos","9":"tag-entertainment","10":"tag-entretenimento","11":"tag-famosos","12":"tag-ines-bras","13":"tag-instagram","14":"tag-nacional","15":"tag-portugal","16":"tag-pt","17":"tag-reality-show","18":"tag-sandro-fernandes","19":"tag-secret-story","20":"tag-selfie","21":"tag-tv","22":"tag-tvi"},"share_on_mastodon":{"url":"https:\/\/pubeurope.com\/@pt\/115441301219839272","error":""},"_links":{"self":[{"href":"https:\/\/www.europesays.com\/pt\/wp-json\/wp\/v2\/posts\/127204","targetHints":{"allow":["GET"]}}],"collection":[{"href":"https:\/\/www.europesays.com\/pt\/wp-json\/wp\/v2\/posts"}],"about":[{"href":"https:\/\/www.europesays.com\/pt\/wp-json\/wp\/v2\/types\/post"}],"author":[{"embeddable":true,"href":"https:\/\/www.europesays.com\/pt\/wp-json\/wp\/v2\/users\/2"}],"replies":[{"embeddable":true,"href":"https:\/\/www.europesays.com\/pt\/wp-json\/wp\/v2\/comments?post=127204"}],"version-history":[{"count":0,"href":"https:\/\/www.europesays.com\/pt\/wp-json\/wp\/v2\/posts\/127204\/revisions"}],"wp:featuredmedia":[{"embeddable":true,"href":"https:\/\/www.europesays.com\/pt\/wp-json\/wp\/v2\/media\/127205"}],"wp:attachment":[{"href":"https:\/\/www.europesays.com\/pt\/wp-json\/wp\/v2\/media?parent=127204"}],"wp:term":[{"taxonomy":"category","embeddable":true,"href":"https:\/\/www.europesays.com\/pt\/wp-json\/wp\/v2\/categories?post=127204"},{"taxonomy":"post_tag","embeddable":true,"href":"https:\/\/www.europesays.com\/pt\/wp-json\/wp\/v2\/tags?post=127204"}],"curies":[{"name":"wp","href":"https:\/\/api.w.org\/{rel}","templated":true}]}}