{"id":127208,"date":"2025-10-26T16:01:15","date_gmt":"2025-10-26T16:01:15","guid":{"rendered":"https:\/\/www.europesays.com\/pt\/127208\/"},"modified":"2025-10-26T16:01:15","modified_gmt":"2025-10-26T16:01:15","slug":"o-agente-secreto-com-atriz-potiguar-cotada-ao-oscar-estreia-nos-cinemas-de-natal","status":"publish","type":"post","link":"https:\/\/www.europesays.com\/pt\/127208\/","title":{"rendered":"\u201cO Agente Secreto\u201d, com atriz potiguar cotada ao Oscar, estreia nos cinemas de Natal"},"content":{"rendered":"<p>\u201cO Agente Secreto\u201d, novo filme do diretor pernambucano Kleber Mendon\u00e7a Filho, que tem no elenco a atriz potiguar T\u00e2nia Maria, 78 anos, cotada ao Oscar 2026 pela revista \u201cVariety\u201d e pelo site especializado \u201cThe Hollywood Reporter\u201d, estreou no \u00faltimo s\u00e1bado (25) nos cinemas de Natal. A estreia nacional est\u00e1 prevista para o dia 6 de novembro.<\/p>\n<p>O longa acompanha a hist\u00f3ria de Marcelo, interpretado pelo ator Wagner Moura, um professor especializado em tecnologia que se muda de S\u00e3o Paulo para Recife em 1977 com o objetivo de recome\u00e7ar a vida, mas, ao chegar \u00e0 capital pernambucana em plena semana de carnaval, em plena ditadura militar, se v\u00ea envolvido em uma rede de conspira\u00e7\u00f5es e espionagem ao tentar descobrir segredos sobre sua m\u00e3e e fugir de seu pr\u00f3prio passado.<\/p>\n<p><img fetchpriority=\"high\" decoding=\"async\" width=\"1024\" height=\"599\" src=\"https:\/\/www.europesays.com\/pt\/wp-content\/uploads\/2025\/10\/o-agente-secreto-e1747062130358-1024x599.webp.webp\" alt=\"\" class=\"wp-image-158487\"  \/>Wagner Moura em \u201cO Agente Secreto\u201d\u00a0 \u2022\u00a0Divulga\u00e7\u00e3o\/Victor Juc\u00e1<\/p>\n<p>J\u00e1 a seridoense T\u00e2nia Maria, moradora do povoado da Cobra, no munic\u00edpio de Parelhas, interpreta Sebastiana. Ela \u00e9 a dona de um pr\u00e9dio onde funcionava um \u201caparelho\u201d que abrigava dissidentes da ditadura militar brasileira na d\u00e9cada de 1970, entre os quais Marcelo, personagem de Wagner Moura.<\/p>\n<p><img loading=\"lazy\" decoding=\"async\" width=\"1024\" height=\"524\" src=\"https:\/\/www.europesays.com\/pt\/wp-content\/uploads\/2025\/10\/WhatsApp-Image-2025-09-20-at-23.56.09-1024x524.jpeg\" alt=\"\" class=\"wp-image-157652\"  \/>T\u00e2nia Maria em \u2018O Agente Secreto\u2019. Foto: Divulga\u00e7\u00e3o<\/p>\n<p>\u201cO Agente Secreto\u201d foi ovacionado na estreia em maio no 78\u00aa Edi\u00e7\u00e3o do Festival de Cannes. O filme obteve duas premia\u00e7\u00f5es: melhor ator para Wagner Moura e melhor diretor para Kleber Mendon\u00e7a Filho. A Palma de Ouro ficou com o longa \u201cUm simples Acidente\u201d, do cineasta dissidente iraniano Jafar Panahi.<\/p>\n<p>Na \u00faltima quarta-feira (22), o filme teve uma sess\u00e3o de pr\u00e9-estreia em Natal, com a participa\u00e7\u00e3o de T\u00e2nia Maria e do ator potiguar Kaiony Ven\u00e2ncio, que interpreta o personagem Valmir, um estivador que trabalha no Porto de Recife, mas, na verdade, \u00e9 um matador de aluguel.<\/p>\n<p>O longa tem ainda no elenco a tamb\u00e9m potiguar Alice Carvalho, que, ao lado do restante das estrelas do filme, passou pelo tapete vermelho do Festival de Cannes ao som de uma orquestra de frevo.<\/p>\n<p><img loading=\"lazy\" decoding=\"async\" width=\"1024\" height=\"584\" src=\"https:\/\/www.europesays.com\/pt\/wp-content\/uploads\/2025\/10\/WhatsApp-Image-2025-05-19-at-10.35.58-1024x584.jpeg\" alt=\"\" class=\"wp-image-158489\"  \/>Alice Carvalho e Kaiony Ven\u00e2ncio I Foto: Reprodu\u00e7\u00e3o Redes Sociais<\/p>\n<p>T\u00e2nia Maria n\u00e3o foi \u00e0 pr\u00e9-estreia internacional porque, na \u00e9poca, ainda fumava. A artes\u00e3 que virou atriz ap\u00f3s aparecer pela primeira vez nas telonas como figurante em \u201cBacurau\u201d (2019), outro longa de Kleber Mendon\u00e7a Filho, rodado em Parelhas e Acari, achou que n\u00e3o aguentaria passar a longa viagem do Brasil \u00e0 Fran\u00e7a sem ao menos um cigarro.<\/p>\n<p>\u201cO cigarro me empatou de ir, a\u00ed eu disse: ent\u00e3o pronto, a partir de hoje n\u00e3o fumo mais. O \u00faltimo cigarro que fumei foi no dia 30 de maio de 2025. De l\u00e1 pra c\u00e1, nenhum cigarro mais. J\u00e1 engordei 8 kg. Vou ter que renovar o guarda-roupa\u201d, brincou.<\/p>\n<p><strong>Wagner Moura disser ser \u201clouco\u201d por T\u00e2nia Maria<\/strong><\/p>\n<p><img loading=\"lazy\" decoding=\"async\" width=\"664\" height=\"364\" src=\"https:\/\/www.europesays.com\/pt\/wp-content\/uploads\/2025\/10\/WhatsApp-Image-2025-09-20-at-23.56.12-1-1.jpeg\" alt=\"\" class=\"wp-image-158490\" style=\"width:840px;height:auto\"  \/>T\u00e2nia e Wagner Moura nos bastidores de \u201cO Agente Secreto\u201d. Foto: Cedida<\/p>\n<p>Ela foi a estrela do primeiro teaser divulgado pela Vitrine Filmes, produtora de \u201cO Agente Secreto\u201d. Na pequena pr\u00e9via do filme, ela apareceu em algumas cenas contracenando com o protagonista Wagner Moura.<\/p>\n<p>\u201cApocal\u00edptica, enigm\u00e1tica, fascinante: Essa \u00e9 Dona Sebastiana, interpretada por T\u00e2nia Maria\u201d. Foi assim que a produtora do filme definiu a atua\u00e7\u00e3o de T\u00e2nia Maria.<\/p>\n<p>Na pr\u00e9-estreia do longa do \u201cFestival do Rio\u201d, no in\u00edcio de outubro, Wagner Moura chamou n\u00e3o economizou nos elogios a T\u00e2nia Maria.<\/p>\n<p>\u201cMaravilhosa. Ela \u00e9 uma loucura, eu sou louco por ela\u201d, disse o protagonista de \u201cO Agente Secreto\u201d. O longa foi escolhido pela Academia Brasileira de Cinema para representar o pa\u00eds no Oscar 2026, na categoria de \u201cMelhor Filme Internacional\u201d.<\/p>\n<blockquote class=\"instagram-media\" data-instgrm-captioned=\"\" data-instgrm-permalink=\"https:\/\/www.instagram.com\/reel\/DPiwMLvDVEl\/?utm_source=ig_embed&amp;utm_campaign=loading\" data-instgrm-version=\"14\" style=\" background:#FFF; border:0; border-radius:3px; box-shadow:0 0 1px 0 rgba(0,0,0,0.5),0 1px 10px 0 rgba(0,0,0,0.15); margin: 1px; max-width:540px; min-width:326px; padding:0; width:99.375%; width:-webkit-calc(100% - 2px); width:calc(100% - 2px);\"\/>\n<p>\u201cAs primeiras cenas que eu fa\u00e7o com ela foram as primeiras cenas que eu filmei. Voc\u00ea vai ver, eu t\u00f4 na cena, eu assim, olhando pra ela, admirando ela, besta com ela, reagindo ao que ela me falava. Ela \u00e9 uma loucura, eu sou louco por ela. Pena que ela n\u00e3o t\u00e1 aqui\u201d, disse o ator ao chegar para a exibi\u00e7\u00e3o especial no Festival do Rio.<\/p>\n<p>Wagner Moura brincou dizendo que a atriz potiguar, entre os integrantes do elenco, seria \u201co melhor agente secreto\u201d.<\/p>\n<p>\u201cDona T\u00e2nia n\u00e3o tem compara\u00e7\u00e3o com ningu\u00e9m. \u00c9 uma loucura essa mulher. Ela \u00e9 uma loucura. Essa tinha que ganhar um Oscar\u201d, declarou.<\/p>\n<p><strong>Atua\u00e7\u00e3o em \u201cO Agente Secreto\u201d faz T\u00e2nia Maria ser cotada ao Oscar 2026<\/strong><\/p>\n<p><img loading=\"lazy\" decoding=\"async\" width=\"782\" height=\"532\" src=\"https:\/\/www.europesays.com\/pt\/wp-content\/uploads\/2025\/10\/WhatsApp-Image-2025-09-13-at-12.11.56.jpeg\" alt=\"\" class=\"wp-image-158491\"  \/><\/p>\n<p>A atua\u00e7\u00e3o em \u201cO Agente Secreto\u201d rendeu a T\u00e2nia Maria duas cita\u00e7\u00f5es em publica\u00e7\u00f5es norte-americanas como poss\u00edvel indicada ao Oscar 2026 na categoria de \u201cMelhor Atriz Coadjuvante\u201d.<\/p>\n<p>A primeira a cotar a atriz seridoense para a maior premia\u00e7\u00e3o do cinema mundial foi a revista \u201cVariety\u201d. Depois, ela surgiu na lista da \u201cThe Hollywood Reporter\u201d.<\/p>\n<p>As duas publica\u00e7\u00f5es norte-americanas colocam T\u00e2nia Maria com \u201cbaixa possibilidade\u201d de concorrer ao Oscar 2026. A Variety cita a atriz seridoense como a 25\u00aa colocada no ranking de poss\u00edveis indicadas.<\/p>\n<p>J\u00e1 na The Hollywood Reporter, ela figura na 17\u00aa posi\u00e7\u00e3o. A atriz, que tamb\u00e9m \u00e9 artes\u00e3 e costureira, no entanto, n\u00e3o liga para isso.<\/p>\n<p>O simples fato de ser citada entre as poss\u00edveis indicadas ao pr\u00eamio, ao lado de atrizes j\u00e1 consagradas internacionalmente, \u00e9 motivo de comemora\u00e7\u00e3o \u2013 al\u00e9m de uma grande surpresa.<\/p>\n<p>Ela disse que \u201ca ficha ainda n\u00e3o caiu\u201d, afirmou que n\u00e3o se imagina passando pelo tapete vermelho do Oscar, mas que, se a indica\u00e7\u00e3o se concretizar, \u201co passaporte j\u00e1 t\u00e1 quase pronto\u201d para ir a Los Angeles.<\/p>\n<p>Em entrevista ao jornal \u201cO Globo\u201d, ap\u00f3s aparecer na lista da The Hollywood Reporter, T\u00e2nia reagiu com a mesma simplicidade que cativou os diretores Kleber Mendon\u00e7a Filho, Juliano Donelles e Leonardo Lacca durantes as filmagens de \u201cBacurau\u201d: \u201cN\u00e3o sei nem o que \u00e9 Oscar\u201d.<\/p>\n<p>O editor da The Hollywood Reporter, Scott Feinberg, colocou \u201cO Agente Secreto\u201d na lista de \u201cfortes candidaturas\u201d em cinco categorias: Melhor Filme, Melhor Diretor para Kleber Mendon\u00e7a Filho, Melhor Ator para Wagner Moura, Melhor Roteiro Original e Melhor Filme Internacional.<\/p>\n<p><strong>O m\u00e9todo da atriz seridoense para decorar o roteiro<\/strong><\/p>\n<p>T\u00e2nia, que s\u00f3 estudou at\u00e9 o quinto ano, revelou que n\u00e3o tem dificuldades para decorar texto. Em um m\u00eas, segundo ela, memorizou suas falas em \u201cO Agente Secreto\u201d, mas ao chegar para iniciar as grava\u00e7\u00f5es em Recife, Kleber Mendon\u00e7a filho disse que havia \u201cmudado tudo\u201d.<\/p>\n<p>\u201cEle mudou o roteiro todinho. Tudo que eu estudei foi perdido. A\u00ed eu decorei de novo. Tive que decorar tudo de novo\u201d, contou, divertindo-se.<\/p>\n<p>Ela publicou um v\u00eddeo nas redes sociais mostrando como se preparou para gravar \u201cO Agente Secreto\u201d: transcrevendo suas falas para o papel.<\/p>\n<blockquote class=\"instagram-media\" data-instgrm-captioned=\"\" data-instgrm-permalink=\"https:\/\/www.instagram.com\/reel\/DPCPOgBiQBQ\/?utm_source=ig_embed&amp;utm_campaign=loading\" data-instgrm-version=\"14\" style=\" background:#FFF; border:0; border-radius:3px; box-shadow:0 0 1px 0 rgba(0,0,0,0.5),0 1px 10px 0 rgba(0,0,0,0.15); margin: 1px; max-width:540px; min-width:326px; padding:0; width:99.375%; width:-webkit-calc(100% - 2px); width:calc(100% - 2px);\"\/>\n<p>Kleber Mendon\u00e7a Filho afirmou que fez \u201cO Agente Secreto\u201d para Wagner Moura, porque queria muito trabalhar com ele, mas que, quando come\u00e7ou a escrever a personagem Sebastiana, pensou de imediato em T\u00e2nia Maria.<\/p>\n<p>\u201cQuando comecei a escrever este personagem da Sebastiana, n\u00e3o conseguia n\u00e3o pensar em dona T\u00e2nia, escrevi pensando nela e nas coisas que ela falaria\u201d, declarou o diretor pernambucano.<\/p>\n<p>\u201c<strong>Vou at\u00e9 os 100 anos\u201d, diz atriz potiguar sobre desejo de seguir na carreira<\/strong><\/p>\n<p>Em entrevista \u00e0 <strong>Ag\u00eancia Saiba Mais<\/strong>, ap\u00f3s aparecer na lista da Variety, ela contou que nunca tinha pensado em ser atriz, n\u00e3o era muito chegada na s\u00e9tima arte, mas depois de se ver na telona foi capturada pelo encanto do cinema: \u201cEu acho bom me ver. \u00c9 bom demais a gente ver que est\u00e1 sendo aplaudida\u201d.<\/p>\n<p>Al\u00e9m de \u201cBacurau\u201d e \u201cO Agente Secreto\u201d, T\u00e2nia j\u00e1 rodou outros quatro filmes: \u201cYellow Cake\u201d, \u201cO Delegado\u201d, \u201cSeu Cavalcanti\u201d e \u201cAlmeidinha\u201d \u2013 esse \u00faltimo est\u00e1 sendo gravado em Caic\u00f3, tamb\u00e9m na regi\u00e3o Serid\u00f3, com dire\u00e7\u00e3o de Gustavo Guedes e J\u00falio Castro.<\/p>\n<p>\u201cEu vou at\u00e9 os 100 anos se me chamarem\u201d, disse ela, garantindo que est\u00e1 disposta a seguir na carreira de atriz.<\/p>\n<p>\t\t\t\t\t\t\t\t\t\t<script async src=\"\/\/www.instagram.com\/embed.js\"><\/script><\/p>\n","protected":false},"excerpt":{"rendered":"\u201cO Agente Secreto\u201d, novo filme do diretor pernambucano Kleber Mendon\u00e7a Filho, que tem no elenco a atriz potiguar&hellip;\n","protected":false},"author":2,"featured_media":127209,"comment_status":"","ping_status":"","sticky":false,"template":"","format":"standard","meta":{"footnotes":""},"categories":[140],"tags":[114,115,17349,147,148,2153,146,2158,12350,32,33,29098,22404],"class_list":{"0":"post-127208","1":"post","2":"type-post","3":"status-publish","4":"format-standard","5":"has-post-thumbnail","7":"category-filmes","8":"tag-entertainment","9":"tag-entretenimento","10":"tag-festival-de-cannes","11":"tag-film","12":"tag-filmes","13":"tag-kleber-mendonca-filho","14":"tag-movies","15":"tag-o-agente-secreto","16":"tag-oscar-2026","17":"tag-portugal","18":"tag-pt","19":"tag-sebastiana","20":"tag-tania-maria"},"share_on_mastodon":{"url":"https:\/\/pubeurope.com\/@pt\/115441309315189519","error":""},"_links":{"self":[{"href":"https:\/\/www.europesays.com\/pt\/wp-json\/wp\/v2\/posts\/127208","targetHints":{"allow":["GET"]}}],"collection":[{"href":"https:\/\/www.europesays.com\/pt\/wp-json\/wp\/v2\/posts"}],"about":[{"href":"https:\/\/www.europesays.com\/pt\/wp-json\/wp\/v2\/types\/post"}],"author":[{"embeddable":true,"href":"https:\/\/www.europesays.com\/pt\/wp-json\/wp\/v2\/users\/2"}],"replies":[{"embeddable":true,"href":"https:\/\/www.europesays.com\/pt\/wp-json\/wp\/v2\/comments?post=127208"}],"version-history":[{"count":0,"href":"https:\/\/www.europesays.com\/pt\/wp-json\/wp\/v2\/posts\/127208\/revisions"}],"wp:featuredmedia":[{"embeddable":true,"href":"https:\/\/www.europesays.com\/pt\/wp-json\/wp\/v2\/media\/127209"}],"wp:attachment":[{"href":"https:\/\/www.europesays.com\/pt\/wp-json\/wp\/v2\/media?parent=127208"}],"wp:term":[{"taxonomy":"category","embeddable":true,"href":"https:\/\/www.europesays.com\/pt\/wp-json\/wp\/v2\/categories?post=127208"},{"taxonomy":"post_tag","embeddable":true,"href":"https:\/\/www.europesays.com\/pt\/wp-json\/wp\/v2\/tags?post=127208"}],"curies":[{"name":"wp","href":"https:\/\/api.w.org\/{rel}","templated":true}]}}