{"id":127211,"date":"2025-10-26T16:03:17","date_gmt":"2025-10-26T16:03:17","guid":{"rendered":"https:\/\/www.europesays.com\/pt\/127211\/"},"modified":"2025-10-26T16:03:17","modified_gmt":"2025-10-26T16:03:17","slug":"tem-sensibilidade-ao-gluten-novo-estudo-mostra-que-pode-ser-algo-completamente-diferente","status":"publish","type":"post","link":"https:\/\/www.europesays.com\/pt\/127211\/","title":{"rendered":"Tem sensibilidade ao gl\u00faten? Novo estudo mostra que pode ser algo completamente diferente"},"content":{"rendered":"\n<p class=\" content-text__container theme-color-primary-first-letter\" data-track-category=\"Link no Texto\" data-track-links=\"\"> As m\u00eddias sociais e revistas de estilo de vida transformaram o gl\u00faten \u2013 uma prote\u00edna presente no trigo, centeio e cevada \u2013 em um vil\u00e3o da dieta. Atletas e celebridades t\u00eam promovido a <a class=\"\" href=\"https:\/\/oglobo.globo.com\/tudo-sobre\/assunto\/alimentacao\" rel=\"nofollow noopener\" target=\"_blank\">alimenta\u00e7\u00e3o<\/a> sem gl\u00faten como o segredo para uma melhor sa\u00fade e desempenho. <\/p>\n<p class=\" content-text__container \" data-track-category=\"Link no Texto\" data-track-links=\"\"> Mas nossa an\u00e1lise na The Lancet desafia essa ideia. Ao analisar d\u00e9cadas de pesquisa, descobrimos que, para a maioria das pessoas que acreditam ter rea\u00e7\u00f5es ao gl\u00faten, o pr\u00f3prio gl\u00faten raramente \u00e9 a causa. <\/p>\n<p>Sintomas, mas n\u00e3o cel\u00edacos<\/p>\n<p class=\" content-text__container \" data-track-category=\"Link no Texto\" data-track-links=\"\"> A doen\u00e7a cel\u00edaca ocorre quando o sistema imunol\u00f3gico do corpo ataca a si mesmo quando algu\u00e9m ingere gl\u00faten, causando inflama\u00e7\u00e3o e danos ao intestino. Mas pessoas com sintomas intestinais ou outros ap\u00f3s consumir alimentos que cont\u00eam gl\u00faten podem apresentar resultado negativo para doen\u00e7a cel\u00edaca ou alergia ao trigo. Diz-se que elas t\u00eam sensibilidade ao gl\u00faten n\u00e3o cel\u00edaca. <\/p>\n<p class=\" content-text__container \" data-track-category=\"Link no Texto\" data-track-links=\"\"> Quer\u00edamos entender se o pr\u00f3prio gl\u00faten, ou outros fatores, realmente causam seus sintomas. <\/p>\n<p>O que fizemos e o que descobrimos<\/p>\n<p class=\" content-text__container \" data-track-category=\"Link no Texto\" data-track-links=\"\"> Nosso estudo combinou mais de 58 estudos que abrangeram altera\u00e7\u00f5es nos sintomas e suas poss\u00edveis origens. Isso incluiu o estudo do sistema imunol\u00f3gico, da barreira intestinal, dos micr\u00f3bios intestinais e explica\u00e7\u00f5es psicol\u00f3gicas. <\/p>\n<p class=\" content-text__container \" data-track-category=\"Link no Texto\" data-track-links=\"\"> Em todos os estudos, as rea\u00e7\u00f5es espec\u00edficas ao gl\u00faten foram incomuns e, quando ocorreram, as altera\u00e7\u00f5es nos sintomas foram geralmente pequenas. Muitos participantes que acreditavam ser &#8220;sens\u00edveis ao gl\u00faten&#8221; reagiram igualmente \u2013 ou mais intensamente \u2013 a um placebo. <\/p>\n<p class=\" content-text__container \" data-track-category=\"Link no Texto\" data-track-links=\"\"> Um estudo hist\u00f3rico analisou o papel dos carboidratos ferment\u00e1veis \u200b\u200b(conhecidos como FODMAPs) em pessoas que disseram ser sens\u00edveis ao gl\u00faten (mas n\u00e3o tinham doen\u00e7a cel\u00edaca). Quando as pessoas seguiam uma dieta com baixo teor de FODMAPs \u2013 evitando alimentos como certas frutas, vegetais, leguminosas e cereais \u2013 seus sintomas melhoravam, mesmo quando o gl\u00faten era reintroduzido. <\/p>\n<p class=\" content-text__container \" data-track-category=\"Link no Texto\" data-track-links=\"\"> Outro estudo mostrou que os frutanos \u2013 um tipo de FODMAP presente no trigo, cebola, alho e outros alimentos \u2013 causavam mais incha\u00e7o e desconforto do que o pr\u00f3prio gl\u00faten. <\/p>\n<p class=\" content-text__container \" data-track-category=\"Link no Texto\" data-track-links=\"\"> Isso sugere que a maioria das pessoas que se sentem mal ap\u00f3s consumir gl\u00faten s\u00e3o sens\u00edveis a outra coisa. Isso poderia ser FODMAPs, como os frutanos, ou outras prote\u00ednas do trigo. Outra explica\u00e7\u00e3o poderia ser que os sintomas refletem um dist\u00farbio na forma como o intestino interage com o c\u00e9rebro, semelhante \u00e0 s\u00edndrome do intestino irrit\u00e1vel. <\/p>\n<p class=\" content-text__container \" data-track-category=\"Link no Texto\" data-track-links=\"\"> Algumas pessoas podem ser realmente sens\u00edveis ao gl\u00faten. No entanto, evid\u00eancias atuais sugerem que isso \u00e9 incomum. <\/p>\n<p>As pessoas esperavam sintomas<\/p>\n<p class=\" content-text__container \" data-track-category=\"Link no Texto\" data-track-links=\"\"> Uma descoberta consistente \u00e9 como a expectativa de ter sintomas molda profundamente os sintomas das pessoas. Em ensaios cl\u00ednicos cegos, quando as pessoas ingeriram gl\u00faten ou placebo sem saber, as diferen\u00e7as nos sintomas quase desapareceram. <\/p>\n<p class=\" content-text__container \" data-track-category=\"Link no Texto\" data-track-links=\"\"> Algumas pessoas que esperavam que o gl\u00faten as fizesse mal desenvolveram desconforto id\u00eantico quando expostas a um placebo. Este efeito nocebo \u2013 a contrapartida negativa do placebo \u2013 mostra que a cren\u00e7a e a experi\u00eancia pr\u00e9via influenciam a forma como o c\u00e9rebro processa os sinais do intestino. <\/p>\n<p class=\" content-text__container \" data-track-category=\"Link no Texto\" data-track-links=\"\"> Pesquisas de imagens cerebrais corroboram isso, mostrando que a expectativa e a emo\u00e7\u00e3o ativam regi\u00f5es do c\u00e9rebro envolvidas na dor e na forma como percebemos amea\u00e7as. Isso pode aumentar a sensibilidade \u00e0s sensa\u00e7\u00f5es intestinais normais. <\/p>\n<p class=\" content-text__container \" data-track-category=\"Link no Texto\" data-track-links=\"\"> Essas s\u00e3o respostas fisiol\u00f3gicas reais. O que as evid\u00eancias nos dizem \u00e9 que concentrar a aten\u00e7\u00e3o no intestino, juntamente com a ansiedade em rela\u00e7\u00e3o aos sintomas ou experi\u00eancias negativas repetidas com a comida, tem efeitos reais. Isso pode sensibilizar a forma como o intestino interage com o c\u00e9rebro (conhecido como eixo intestino-c\u00e9rebro), de modo que as sensa\u00e7\u00f5es digestivas normais s\u00e3o sentidas como dor ou urg\u00eancia. <\/p>\n<p class=\" content-text__container \" data-track-category=\"Link no Texto\" data-track-links=\"\"> Reconhecer essa contribui\u00e7\u00e3o psicol\u00f3gica n\u00e3o significa que os sintomas sejam imaginados. Quando o c\u00e9rebro prev\u00ea que uma refei\u00e7\u00e3o pode causar danos, as vias sensoriais intestinais amplificam cada c\u00f3lica ou sensa\u00e7\u00e3o de desconforto, criando um sofrimento genu\u00edno. <\/p>\n<p class=\" content-text__container \" data-track-category=\"Link no Texto\" data-track-links=\"\"> Isso ajuda a explicar por que as pessoas continuam convencidas de que o gl\u00faten \u00e9 o culpado, mesmo quando estudos cegos mostram o contr\u00e1rio. Os sintomas s\u00e3o reais, mas o mecanismo geralmente \u00e9 impulsionado pela expectativa e n\u00e3o pelo gl\u00faten. <\/p>\n<p class=\" content-text__container \" data-track-category=\"Link no Texto\" data-track-links=\"\"> Ent\u00e3o, o que mais poderia explicar por que algumas pessoas se sentem melhor depois de deixar de consumir gl\u00faten? Essa mudan\u00e7a na dieta tamb\u00e9m reduz alimentos ricos em FODMAP e produtos ultraprocessados, incentiva a alimenta\u00e7\u00e3o consciente e oferece uma sensa\u00e7\u00e3o de controle. Tudo isso pode melhorar nosso bem-estar. <\/p>\n<p class=\" content-text__container \" data-track-category=\"Link no Texto\" data-track-links=\"\"> As pessoas tamb\u00e9m tendem a consumir mais alimentos naturalmente sem gl\u00faten e ricos em nutrientes, como frutas, verduras, legumes e nozes, o que pode contribuir ainda mais para a sa\u00fade intestinal. <\/p>\n<p>O custo de uma dieta sem gl\u00faten<\/p>\n<p class=\" content-text__container \" data-track-category=\"Link no Texto\" data-track-links=\"\"> Para aproximadamente 1% da popula\u00e7\u00e3o com doen\u00e7a cel\u00edaca, evitar o gl\u00faten por toda a vida \u00e9 essencial. Mas para a maioria que se sente melhor sem gl\u00faten, \u00e9 improv\u00e1vel que o gl\u00faten seja o verdadeiro problema. <\/p>\n<p class=\" content-text__container \" data-track-category=\"Link no Texto\" data-track-links=\"\"> Tamb\u00e9m h\u00e1 um custo em uma dieta sem gl\u00faten desnecess\u00e1ria. Alimentos sem gl\u00faten s\u00e3o, em m\u00e9dia, 139% mais caros do que os tradicionais. Eles tamb\u00e9m costumam ter menos fibras e nutrientes essenciais. <\/p>\n<p class=\" content-text__container \" data-track-category=\"Link no Texto\" data-track-links=\"\"> Evitar o gl\u00faten a longo prazo tamb\u00e9m pode reduzir a diversidade da sua dieta, alterar a microbiota intestinal e refor\u00e7ar a ansiedade em rela\u00e7\u00e3o \u00e0 alimenta\u00e7\u00e3o. <\/p>\n<p>Vale a pena fazer o teste?<\/p>\n<p class=\" content-text__container \" data-track-category=\"Link no Texto\" data-track-links=\"\"> Ao contr\u00e1rio da doen\u00e7a cel\u00edaca ou da alergia ao trigo, a sensibilidade ao gl\u00faten n\u00e3o cel\u00edaca n\u00e3o possui biomarcador \u2013 n\u00e3o h\u00e1 exame de sangue ou marcador tecidual que possa confirm\u00e1-la. <\/p>\n<p class=\" content-text__container \" data-track-category=\"Link no Texto\" data-track-links=\"\"> O diagn\u00f3stico, em vez disso, depende da exclus\u00e3o de outras condi\u00e7\u00f5es e de testes diet\u00e9ticos estruturados. Com base em nossa revis\u00e3o, recomendamos aos m\u00e9dicos: <\/p>\n<ul class=\"content-unordered-list\">\n<li>descartar a doen\u00e7a cel\u00edaca e a alergia ao trigo primeiro<\/li>\n<li>otimizar a qualidade da dieta geral<\/li>\n<li>experimentar uma dieta com baixo teor de FODMAP se os sintomas persistirem<\/li>\n<li>s\u00f3 ent\u00e3o, considerar um teste sem gl\u00faten de quatro a seis semanas supervisionado por um nutricionista, seguido por uma reintrodu\u00e7\u00e3o estruturada de alimentos que cont\u00eam gl\u00faten para verificar se o gl\u00faten realmente causa sintomas.<\/li>\n<\/ul>\n<p class=\" content-text__container \" data-track-category=\"Link no Texto\" data-track-links=\"\"> Essa abordagem mant\u00e9m a restri\u00e7\u00e3o direcionada e tempor\u00e1ria, evitando a exclus\u00e3o desnecess\u00e1ria do gl\u00faten a longo prazo. <\/p>\n<p class=\" content-text__container \" data-track-category=\"Link no Texto\" data-track-links=\"\"> Se o gl\u00faten n\u00e3o explica os sintomas de algu\u00e9m, combinar orienta\u00e7\u00e3o diet\u00e9tica com apoio psicol\u00f3gico geralmente funciona melhor. Isso porque a expectativa, o estresse e a emo\u00e7\u00e3o influenciam nossos sintomas. Terapias cognitivo-comportamentais ou baseadas em exposi\u00e7\u00e3o podem reduzir o medo relacionado \u00e0 comida e ajudar as pessoas a reintroduzir com seguran\u00e7a alimentos que antes evitavam. <\/p>\n<p class=\" content-text__container \" data-track-category=\"Link no Texto\" data-track-links=\"\"> Este modelo integrado vai al\u00e9m da narrativa simplista de que &#8220;gl\u00faten faz mal&#8221; em dire\u00e7\u00e3o a um cuidado intestinal-c\u00e9rebro personalizado e baseado em evid\u00eancias. <\/p>\n<p class=\" content-text__container \" data-track-category=\"Link no Texto\" data-track-links=\"\"> *Jessica Biesiekierski \u00e9 professora associada de Nutri\u00e7\u00e3o Humana na Universidade de Melbourne <\/p>\n","protected":false},"excerpt":{"rendered":"As m\u00eddias sociais e revistas de estilo de vida transformaram o gl\u00faten \u2013 uma prote\u00edna presente no trigo,&hellip;\n","protected":false},"author":2,"featured_media":127212,"comment_status":"","ping_status":"","sticky":false,"template":"","format":"standard","meta":{"footnotes":""},"categories":[86],"tags":[2369,887,116,32,33,117],"class_list":{"0":"post-127211","1":"post","2":"type-post","3":"status-publish","4":"format-standard","5":"has-post-thumbnail","7":"category-saude","8":"tag-alimentacao","9":"tag-contexto-ou-analise","10":"tag-health","11":"tag-portugal","12":"tag-pt","13":"tag-saude"},"share_on_mastodon":{"url":"https:\/\/pubeurope.com\/@pt\/115441316858094003","error":""},"_links":{"self":[{"href":"https:\/\/www.europesays.com\/pt\/wp-json\/wp\/v2\/posts\/127211","targetHints":{"allow":["GET"]}}],"collection":[{"href":"https:\/\/www.europesays.com\/pt\/wp-json\/wp\/v2\/posts"}],"about":[{"href":"https:\/\/www.europesays.com\/pt\/wp-json\/wp\/v2\/types\/post"}],"author":[{"embeddable":true,"href":"https:\/\/www.europesays.com\/pt\/wp-json\/wp\/v2\/users\/2"}],"replies":[{"embeddable":true,"href":"https:\/\/www.europesays.com\/pt\/wp-json\/wp\/v2\/comments?post=127211"}],"version-history":[{"count":0,"href":"https:\/\/www.europesays.com\/pt\/wp-json\/wp\/v2\/posts\/127211\/revisions"}],"wp:featuredmedia":[{"embeddable":true,"href":"https:\/\/www.europesays.com\/pt\/wp-json\/wp\/v2\/media\/127212"}],"wp:attachment":[{"href":"https:\/\/www.europesays.com\/pt\/wp-json\/wp\/v2\/media?parent=127211"}],"wp:term":[{"taxonomy":"category","embeddable":true,"href":"https:\/\/www.europesays.com\/pt\/wp-json\/wp\/v2\/categories?post=127211"},{"taxonomy":"post_tag","embeddable":true,"href":"https:\/\/www.europesays.com\/pt\/wp-json\/wp\/v2\/tags?post=127211"}],"curies":[{"name":"wp","href":"https:\/\/api.w.org\/{rel}","templated":true}]}}