{"id":127245,"date":"2025-10-26T16:31:20","date_gmt":"2025-10-26T16:31:20","guid":{"rendered":"https:\/\/www.europesays.com\/pt\/127245\/"},"modified":"2025-10-26T16:31:20","modified_gmt":"2025-10-26T16:31:20","slug":"prefeitura-de-maceio-saude-reforca-a-importancia-do-combate-a","status":"publish","type":"post","link":"https:\/\/www.europesays.com\/pt\/127245\/","title":{"rendered":"Prefeitura de Macei\u00f3 | Sa\u00fade refor\u00e7a a import\u00e2ncia do combate \u00e0\u2026"},"content":{"rendered":"<p>Transmitidas principalmente por rela\u00e7\u00e3o sexual desprotegida (vaginal, anal ou oral) com uma pessoa infectada, atrav\u00e9s do contato com les\u00f5es, ou da m\u00e3e para o filho durante a gravidez ou o parto, a s\u00edfilis e a s\u00edfilis cong\u00eanita s\u00e3o doen\u00e7as que podem apresentar diversas manifesta\u00e7\u00f5es cl\u00ednicas, a depender da fase que se encontra, como feridas, manchas na pele, febre e at\u00e9 mesmo les\u00f5es cut\u00e2neas, \u00f3sseas, cardiovasculares e neurol\u00f3gicas, podendo levar \u00e0 morte.\u00a0<\/p>\n<p class=\"text-justify\">Dessa forma, durante o m\u00eas de outubro, onde \u00e9 celebrado o Outubro Verde, m\u00eas de combate \u00e0 s\u00edfilis e \u00e0 s\u00edfilis cong\u00eanita, a Secretaria de Sa\u00fade de Macei\u00f3 refor\u00e7a e intensifica a import\u00e2ncia da preven\u00e7\u00e3o, da testagem r\u00e1pida e do tratamento adequado no combate \u00e0 s\u00edfilis.\u00a0<\/p>\n<p class=\"text-justify\">De acordo com dados extra\u00eddos do Sistema de Informa\u00e7\u00e3o de Agravos de Notifica\u00e7\u00e3o (SINAN NET), at\u00e9 21 de outubro de 2025,\u00a0 foram registrados 1.961 casos de s\u00edfilis em adultos, 514 casos em gestantes e 161 casos de s\u00edfilis cong\u00eanita em menores de um ano.<\/p>\n<p class=\"text-justify\">O tratamento da s\u00edfilis \u00e9 realizado em todas as Unidades B\u00e1sicas de Sa\u00fade, sendo conduzido tanto por m\u00e9dicos quanto por enfermeiros. Tereza Carvalho, t\u00e9cnica da Coordena\u00e7\u00e3o de Infec\u00e7\u00f5es Sexualmente Transmiss\u00edveis (ISTs) da SMS, explica.<\/p>\n<p class=\"text-justify\">\u201cA preven\u00e7\u00e3o da s\u00edfilis adquirida ocorre atrav\u00e9s de sexo protegido,\u00a0 j\u00e1 da s\u00edfilis cong\u00eanita por meio de pr\u00e9-natal adequado. \u00c9 importante realizar testes r\u00e1pidos com regularidade, ao menos uma vez ao ano e a depender do estilo de vida em per\u00edodos mais reduzidos. Se confirmado o diagn\u00f3stico, por exame laboratorial, o usu\u00e1rio deve realizar o tratamento corretamente, cumprindo o cronograma estabelecido pelo profissional de sa\u00fade. O tratamento \u00e9 simples, r\u00e1pido e se realizado corretamente e em tempo oportuno promover\u00e1 a cura e evitar\u00e1 sequelas\u201d, esclarece a t\u00e9cnica.\u00a0<\/p>\n<p class=\"text-justify\"><strong>Sobre o Outubro Verde<\/strong><\/p>\n<p class=\"text-justify\">Como parte das atividades da campanha, ser\u00e1 realizado um semin\u00e1rio voltado ao combate da s\u00edfilis, direcionado a profissionais de sa\u00fade, estudantes e usu\u00e1rios dos servi\u00e7os. A a\u00e7\u00e3o, promovida pelo Programa de ISTs, HIV\/Aids e Hepatites Virais, acontece no pr\u00f3ximo dia 30 de outubro, das 8h \u00e0s 14h, no Audit\u00f3rio da Uninassau(Farol). As inscri\u00e7\u00f5es est\u00e3o abertas em:<a href=\"https:\/\/eventos.sms.maceio.al.gov.br\/login\" rel=\"nofollow noopener\" target=\"_blank\"> https:\/\/eventos.sms.maceio.al.gov.br\/login<\/a>.<\/p>\n<p class=\"text-justify\">Outubro \u00e9 o m\u00eas nacional de combate \u00e0 s\u00edfilis, com o objetivo de alertar a popula\u00e7\u00e3o, refor\u00e7ar a import\u00e2ncia da preven\u00e7\u00e3o com o uso de preservativos e promover o diagn\u00f3stico e o tratamento precoce da infec\u00e7\u00e3o. A campanha foca especialmente em jovens, gestantes e seus parceiros, e tamb\u00e9m na preven\u00e7\u00e3o da s\u00edfilis cong\u00eanita, transmitida da m\u00e3e para o beb\u00ea durante a gravidez ou o parto. O terceiro s\u00e1bado de outubro marca o Dia Nacional de Combate \u00e0 S\u00edfilis e \u00e0 S\u00edfilis Cong\u00eanita, refor\u00e7ando as a\u00e7\u00f5es de conscientiza\u00e7\u00e3o ao longo do m\u00eas.<\/p>\n<p><a href=\"https:\/\/maceio.al.gov.br\/secretarias-e-orgaos\/sms\" rel=\"nofollow noopener\" target=\"_blank\">SMS<\/a>Secretaria Municipal de Sa\u00fade<\/p>\n<p>Rua Dias Cabral, 569 &#8211; Centro<br \/>CEP 57020-250 \/\/ Telefone: 82 3312-5400<br \/>Hor\u00e1rio de atendimento: segunda a sexta, de 8h \u00e0s 14h.<\/p>\n","protected":false},"excerpt":{"rendered":"Transmitidas principalmente por rela\u00e7\u00e3o sexual desprotegida (vaginal, anal ou oral) com uma pessoa infectada, atrav\u00e9s do contato com&hellip;\n","protected":false},"author":2,"featured_media":127246,"comment_status":"","ping_status":"","sticky":false,"template":"","format":"standard","meta":{"footnotes":""},"categories":[86],"tags":[116,23353,32,33,117,18930,24389],"class_list":{"0":"post-127245","1":"post","2":"type-post","3":"status-publish","4":"format-standard","5":"has-post-thumbnail","7":"category-saude","8":"tag-health","9":"tag-outubro-verde","10":"tag-portugal","11":"tag-pt","12":"tag-saude","13":"tag-sifilis","14":"tag-sifilis-congenita"},"share_on_mastodon":{"url":"https:\/\/pubeurope.com\/@pt\/115441426930419666","error":""},"_links":{"self":[{"href":"https:\/\/www.europesays.com\/pt\/wp-json\/wp\/v2\/posts\/127245","targetHints":{"allow":["GET"]}}],"collection":[{"href":"https:\/\/www.europesays.com\/pt\/wp-json\/wp\/v2\/posts"}],"about":[{"href":"https:\/\/www.europesays.com\/pt\/wp-json\/wp\/v2\/types\/post"}],"author":[{"embeddable":true,"href":"https:\/\/www.europesays.com\/pt\/wp-json\/wp\/v2\/users\/2"}],"replies":[{"embeddable":true,"href":"https:\/\/www.europesays.com\/pt\/wp-json\/wp\/v2\/comments?post=127245"}],"version-history":[{"count":0,"href":"https:\/\/www.europesays.com\/pt\/wp-json\/wp\/v2\/posts\/127245\/revisions"}],"wp:featuredmedia":[{"embeddable":true,"href":"https:\/\/www.europesays.com\/pt\/wp-json\/wp\/v2\/media\/127246"}],"wp:attachment":[{"href":"https:\/\/www.europesays.com\/pt\/wp-json\/wp\/v2\/media?parent=127245"}],"wp:term":[{"taxonomy":"category","embeddable":true,"href":"https:\/\/www.europesays.com\/pt\/wp-json\/wp\/v2\/categories?post=127245"},{"taxonomy":"post_tag","embeddable":true,"href":"https:\/\/www.europesays.com\/pt\/wp-json\/wp\/v2\/tags?post=127245"}],"curies":[{"name":"wp","href":"https:\/\/api.w.org\/{rel}","templated":true}]}}