{"id":127254,"date":"2025-10-26T16:42:08","date_gmt":"2025-10-26T16:42:08","guid":{"rendered":"https:\/\/www.europesays.com\/pt\/127254\/"},"modified":"2025-10-26T16:42:08","modified_gmt":"2025-10-26T16:42:08","slug":"helloween-ja-tem-mes-definido-para-tocar-no-brasil-saiba-mais","status":"publish","type":"post","link":"https:\/\/www.europesays.com\/pt\/127254\/","title":{"rendered":"Helloween j\u00e1 tem m\u00eas definido para tocar no Brasil; saiba mais"},"content":{"rendered":"\n<p>J\u00e1 se sabe quando o <strong><a href=\"https:\/\/igormiranda.com.br\/tag\/helloween\/\" target=\"_blank\" rel=\"noreferrer noopener nofollow\">Helloween<\/a><\/strong> voltar\u00e1 para o Brasil. O grupo trar\u00e1 a sua turn\u00ea de 40 anos em setembro de 2026, para shows em datas e locais ainda n\u00e3o especificados.<\/p>\n<p id=\"block-8da58100-9744-4e2d-a676-70a7182c8055\">A informa\u00e7\u00e3o foi veiculada pela produtora <strong>Mercury Concerts<\/strong> nos tel\u00f5es do show do\u00a0<strong><a href=\"https:\/\/igormiranda.com.br\/tag\/guns-n-roses\/\" target=\"_blank\" rel=\"noreferrer noopener nofollow\">Guns N\u2019 Roses<\/a><\/strong>\u00a0no Allianz Parque, em S\u00e3o Paulo, no \u00faltimo s\u00e1bado (25). Veja todos os an\u00fancios feitos pela empresa na ocasi\u00e3o:<\/p>\n<p>&#8211; Advertisement &#8211;<\/p>\n<ul id=\"block-d75f3ee7-e09e-4ada-bfb2-09d81826e1c6\" class=\"wp-block-list\">\n<li><strong><a href=\"https:\/\/igormiranda.com.br\/2025\/10\/monsters-of-rock-2026-data-brasil\/\" target=\"_blank\" rel=\"noreferrer noopener nofollow\">Monsters of Rock 2026<\/a><\/strong> est\u00e1 marcado para 4 de abril de 2026, ainda sem local ou lineup revelados;<\/li>\n<li><strong><a href=\"https:\/\/igormiranda.com.br\/tag\/megadeth\/\" target=\"_blank\" rel=\"noreferrer noopener nofollow\">Megadeth<\/a><\/strong> traz sua turn\u00ea de despedida para o Espa\u00e7o Unimed, em S\u00e3o Paulo, dia 2 de maio de 2026, com ingressos \u00e0 venda em 5 de novembro via Eventim;<\/li>\n<li><strong><a href=\"https:\/\/igormiranda.com.br\/tag\/kiss\/\" target=\"_blank\" rel=\"noreferrer noopener nofollow\">Bryan Adams<\/a><\/strong> leva sua \u201cRoll with the Punches Tour\u201d \u00e0 Vibra, em S\u00e3o Paulo, dia 7 de mar\u00e7o, com ingressos \u00e0 venda em 4 de novembro via Eventim;<\/li>\n<li><strong><a href=\"https:\/\/igormiranda.com.br\/tag\/helloween\/\" target=\"_blank\" rel=\"noreferrer noopener nofollow\">Helloween<\/a><\/strong> retorna ao Brasil com sua turn\u00ea de 40 anos em setembro de 2026, ainda sem datas ou locais revelados.<\/li>\n<\/ul>\n<p>Em entrevista a este jornalista, publicada na\u00a0<a href=\"https:\/\/rollingstone.com.br\/musica\/helloween-fala-a-rs-sobre-giants-monsters-brasil-roland-grapow-e-ingo-schwichtenberg\/\" target=\"_blank\" rel=\"noreferrer noopener nofollow\">Rolling Stone Brasil<\/a>, o baixista <strong>Markus Grosskopf<\/strong> havia assegurado que a atual turn\u00ea passaria pelo Brasil no primeiro semestre de 2026, \u201centre mar\u00e7o e abril\u201d. O retorno ao pa\u00eds realmente ocorrer\u00e1, mas n\u00e3o no per\u00edodo especificado pelo membro fundador.<\/p>\n<p>Ser\u00e1 a 13\u00aa excurs\u00e3o nacional do Helloween, que segue tendo forte demanda por aqui \u2014 n\u00e3o \u00e0 toa, nosso pa\u00eds \u00e9 o quinto que mais recebeu seus shows, atr\u00e1s somente da terra natal Alemanha, Estados Unidos, Jap\u00e3o e Espanha. O baixista reflete:<\/p>\n<p>\u201cOs brasileiros sabem como mostrar suas emo\u00e7\u00f5es. \u00c0s vezes, os f\u00e3s da\u00ed cantam nossas m\u00fasicas todos juntos no local do show antes mesmo de estarmos no palco! Ficamos arrepiados nos bastidores. Quando entramos no palco, alguns na plateia chegam a chorar. Ent\u00e3o, se voc\u00ea tem tanta energia, voc\u00ea d\u00e1 muita energia de volta, \u00e9 claro.\u201d<\/p>\n<p> Helloween em turn\u00ea de 40 anos <\/p>\n<p>Hoje um septeto composto por <strong>Andi Deris<\/strong> (voz), <strong>Michael Kiske<\/strong> (voz), <strong>Michael Weikath<\/strong> (guitarra), <strong>Kai Hansen<\/strong> (guitarra e voz), <strong>Markus Grosskopf<\/strong> (baixo), <strong>Sascha Gerstner<\/strong> (guitarra) e <strong>Dani L\u00f6ble<\/strong> (bateria), o Helloween deu in\u00edcio a uma turn\u00ea que celebra seu 40\u00ba anivers\u00e1rio. O giro tamb\u00e9m promove <strong>\u201cGiants &amp; Monsters\u201d<\/strong>, seu \u00e1lbum de est\u00fadio mais recente, lan\u00e7ado em agosto \u00faltimo.<\/p>\n<p>O setlist trouxe uma s\u00e9rie de m\u00fasicas exclu\u00eddas de turn\u00eas anteriores h\u00e1 algum tempo. A abertura j\u00e1 veio com\u00a0<strong>\u201cMarch of Time\u201d<\/strong>, pedrada do cl\u00e1ssico \u00e1lbum\u00a0<strong>\u201cKeeper of the Seven Keys: Part 2\u201d<\/strong>\u00a0(1988) que n\u00e3o era tocada desde 2018, e\u00a0<strong>\u201cThe King for a 1000 Years\u201d<\/strong>, do disco\u00a0<strong>\u201cKeeper of the Seven Keys: The Legacy\u201d<\/strong>\u00a0(2005), fora do set desde 2011. A\u00a0<strong>faixa-t\u00edtulo<\/strong>\u00a0de\u00a0<strong>\u201cPink Bubbles Go Ape\u201d<\/strong>\u00a0(1991), surgida em formato ac\u00fastico, n\u00e3o era executada desde 1993.<\/p>\n<p>Outras surpresas inclu\u00edram\u00a0<strong>\u201cTwilight of the Gods\u201d<\/strong>, de\u00a0<strong>\u201cKeeper of the Seven Keys: Part 1\u201d<\/strong>\u00a0(1987), n\u00e3o tocada desde o ano do lan\u00e7amento, e\u00a0<strong>\u201cIn the Middle of a Heartbeat\u201d<\/strong>, balada de\u00a0<strong>\u201cMaster of the Rings\u201d<\/strong>\u00a0(1994), sem execu\u00e7\u00f5es desde 1996.<\/p>\n<p>Ao todo, 9 m\u00fasicas foram resgatadas, al\u00e9m da estreia ao vivo de algumas das novas. Confira o setlist completo:<\/p>\n<ol class=\"wp-block-list\">\n<li>March of Time (primeira vez desde 2018)<\/li>\n<li>The King for a 1000 Years (primeira vez desde 2011)<\/li>\n<li>Future World<\/li>\n<li>This Is Tokyo (primeira vez ao vivo)<\/li>\n<li>We Burn (primeira vez desde 2016)<\/li>\n<li>Twilight of the Gods (primeira vez desde 1987)<\/li>\n<li>Ride the Sky<\/li>\n<li>Into the Sun (primeira vez ao vivo)<\/li>\n<li>Solo de bateria<\/li>\n<li>Hey Lord! (primeira vez desde 2004)<\/li>\n<li>Universe (Gravity for Hearts) (primeira vez ao vivo)<\/li>\n<li>Hell Was Made in Heaven (primeira vez desde 2014)<\/li>\n<li>I Want Out<\/li>\n<li>Pink Bubbles Go Ape (ac\u00fastico, primeira vez desde 1993)<\/li>\n<li>In the Middle of a Heartbeat (ac\u00fastico, primeira vez desde 1996)<\/li>\n<li>A Tale That Wasn\u2019t Right (trecho ac\u00fastico antes da vers\u00e3o completa)<\/li>\n<li>Power<\/li>\n<li>Heavy Metal (Is the Law)<\/li>\n<li>Halloween (primeira vez desde 2018)<\/li>\n<li>Eagle Fly Free<\/li>\n<li>A Little Is a Little Too Much (primeira vez ao vivo)<\/li>\n<li>Dr. Stein<\/li>\n<li>Keeper of the Seven Keys (trecho)<\/li>\n<\/ol>\n<p><strong>Clique<\/strong> para seguir IgorMiranda.com.br no: <a href=\"https:\/\/instagram.com\/igormirandasite\" target=\"_blank\" rel=\"noreferrer noopener nofollow\">Instagram<\/a> | <a href=\"https:\/\/bsky.app\/profile\/igormirandasite.bsky.social\" target=\"_blank\" rel=\"noreferrer noopener nofollow\">Bluesky<\/a> | <a href=\"https:\/\/twitter.com\/igormirandasite\" target=\"_blank\" rel=\"noreferrer noopener nofollow\">Twitter<\/a> | <a href=\"https:\/\/tiktok.com\/@igormirandasite\" target=\"_blank\" rel=\"noreferrer noopener nofollow\">TikTok<\/a> | <a href=\"https:\/\/facebook.com\/igormirandasite\" target=\"_blank\" rel=\"noreferrer noopener nofollow\">Facebook<\/a> | <a href=\"https:\/\/www.youtube.com\/igormirandasite\" target=\"_blank\" rel=\"noreferrer noopener nofollow\">YouTube<\/a> | <a href=\"https:\/\/www.threads.net\/@igormirandasite\" target=\"_blank\" rel=\"noreferrer noopener nofollow\">Threads<\/a>.<\/p>\n<p> <script async src=\"https:\/\/platform.twitter.com\/widgets.js\" charset=\"utf-8\"><\/script><script async src=\"\/\/www.instagram.com\/embed.js\"><\/script><script async src=\"\/\/www.tiktok.com\/embed.js\"><\/script><\/p>\n","protected":false},"excerpt":{"rendered":"J\u00e1 se sabe quando o Helloween voltar\u00e1 para o Brasil. O grupo trar\u00e1 a sua turn\u00ea de 40&hellip;\n","protected":false},"author":2,"featured_media":127255,"comment_status":"","ping_status":"","sticky":false,"template":"","format":"standard","meta":{"footnotes":""},"categories":[141],"tags":[114,115,29112,149,150,32,33,9215],"class_list":{"0":"post-127254","1":"post","2":"type-post","3":"status-publish","4":"format-standard","5":"has-post-thumbnail","7":"category-musica","8":"tag-entertainment","9":"tag-entretenimento","10":"tag-helloween","11":"tag-music","12":"tag-musica","13":"tag-portugal","14":"tag-pt","15":"tag-shows-no-brasil"},"share_on_mastodon":{"url":"https:\/\/pubeurope.com\/@pt\/115441470635229990","error":""},"_links":{"self":[{"href":"https:\/\/www.europesays.com\/pt\/wp-json\/wp\/v2\/posts\/127254","targetHints":{"allow":["GET"]}}],"collection":[{"href":"https:\/\/www.europesays.com\/pt\/wp-json\/wp\/v2\/posts"}],"about":[{"href":"https:\/\/www.europesays.com\/pt\/wp-json\/wp\/v2\/types\/post"}],"author":[{"embeddable":true,"href":"https:\/\/www.europesays.com\/pt\/wp-json\/wp\/v2\/users\/2"}],"replies":[{"embeddable":true,"href":"https:\/\/www.europesays.com\/pt\/wp-json\/wp\/v2\/comments?post=127254"}],"version-history":[{"count":0,"href":"https:\/\/www.europesays.com\/pt\/wp-json\/wp\/v2\/posts\/127254\/revisions"}],"wp:featuredmedia":[{"embeddable":true,"href":"https:\/\/www.europesays.com\/pt\/wp-json\/wp\/v2\/media\/127255"}],"wp:attachment":[{"href":"https:\/\/www.europesays.com\/pt\/wp-json\/wp\/v2\/media?parent=127254"}],"wp:term":[{"taxonomy":"category","embeddable":true,"href":"https:\/\/www.europesays.com\/pt\/wp-json\/wp\/v2\/categories?post=127254"},{"taxonomy":"post_tag","embeddable":true,"href":"https:\/\/www.europesays.com\/pt\/wp-json\/wp\/v2\/tags?post=127254"}],"curies":[{"name":"wp","href":"https:\/\/api.w.org\/{rel}","templated":true}]}}