{"id":127269,"date":"2025-10-26T16:55:13","date_gmt":"2025-10-26T16:55:13","guid":{"rendered":"https:\/\/www.europesays.com\/pt\/127269\/"},"modified":"2025-10-26T16:55:13","modified_gmt":"2025-10-26T16:55:13","slug":"ze-felipe-faz-pool-party-dos-filhos-na-fazenda-talisma","status":"publish","type":"post","link":"https:\/\/www.europesays.com\/pt\/127269\/","title":{"rendered":"Z\u00e9 Felipe faz &#8216;Pool Party&#8217; dos filhos na fazenda Talism\u00e3"},"content":{"rendered":"<p>O fim de semana foi de festa e divers\u00e3o na fazenda Talism\u00e3, em Goi\u00e2nia. <strong>Z\u00e9 Felipe<\/strong> organizou a \u201cPool Party das Marias e do Jos\u00e9 Leonardo\u201d, um evento dedicado aos tr\u00eas filhos \u2014 Maria Alice, de 4 anos, Maria Flor, de 3, e o ca\u00e7ula Jos\u00e9 Leonardo, de 1. O cantor reuniu amigos e familiares para um dia de sol, piscina e brincadeiras, mostrando o clima animado da celebra\u00e7\u00e3o infantil.<\/p>\n<p>A fazenda, conhecida por receber grandes eventos da fam\u00edlia Costa, virou cen\u00e1rio de uma verdadeira tarde de ver\u00e3o. <strong>Z\u00e9 Felipe<\/strong> registrou tudo nas redes sociais, exibindo os filhos se divertindo na piscina, dan\u00e7ando e brincando com as outras crian\u00e7as.<\/p>\n<p>Enquanto Maria Alice e Maria Flor aproveitaram o calor com boias coloridas, o pequeno Jos\u00e9 Leonardo roubou a cena com carisma e sorrisos no colo do pai.<\/p>\n<p><img data-lazyloaded=\"1\" fetchpriority=\"high\" decoding=\"async\" width=\"500\" height=\"750\" src=\"https:\/\/www.europesays.com\/pt\/wp-content\/uploads\/2025\/10\/as-marias-na-pool-party-500x750.jpg\" alt=\"As Marias\" class=\"wp-image-2162283 webpexpress-processed\"  data-\/>As Marias  \u2013 Foto: Reprodu\u00e7\u00e3o\/ Instagram @zefelipecantor<strong>Festa animada na fazenda Talism\u00e3<\/strong><\/p>\n<p>Conforme registros, o espa\u00e7o foi decorado com bal\u00f5es, brinquedos infl\u00e1veis e mesas tem\u00e1ticas. A \u201cPool Party\u201d teve trilha sonora agitada e card\u00e1pio leve, reunindo amigos pr\u00f3ximos e filhos de outros artistas que vivem em Goi\u00e2nia. O clima familiar se destacou, com <strong>Z\u00e9 Felipe<\/strong> e os pais circulando pelo evento e acompanhando cada detalhe.<\/p>\n<p>Al\u00e9m da piscina, as crian\u00e7as curtiram atividades ao ar livre, com direito a cavalgadas pelo haras e espa\u00e7o de recrea\u00e7\u00e3o montado especialmente para a festa. Entre uma brincadeira e outra, o cantor registrou os momentos em v\u00eddeos que rapidamente viralizaram, com f\u00e3s elogiando a intera\u00e7\u00e3o entre ele e os filhos.<\/p>\n<p><strong>Divers\u00e3o entre haras e fantasia<\/strong><\/p>\n<p>Mais cedo, <strong>Z\u00e9 Felipe<\/strong> postou v\u00eddeos de casa, exibindo momentos distintos. <strong>Maria Flor <\/strong>surgiu fantasiada de m\u00famia, ao som de \u201cThriller\u201d, de <strong>Michael Jackson<\/strong>, enquanto empurrava um carrinho de boneca de biqu\u00edni. J\u00e1 <strong>Maria Alice<\/strong> posou no cavalo antes de brincar com o irm\u00e3o.<\/p>\n<p>Em cena separada, o ca\u00e7ula recebeu carinho no colo do pai, que sorriu para as c\u00e2meras. O ambiente demonstrou afeto e leveza, entre brincadeiras e olhares atentos. Conforme o artista comentou, \u201ctudo incr\u00edvel\u201d durante a estadia em fam\u00edlia.<\/p>\n<p><strong>Vida familiar em foco ap\u00f3s destaque nas redes<\/strong><\/p>\n<p>Desde que ganhou maior visibilidade, <strong>Z\u00e9 Felipe<\/strong> vem mostrando a rotina com os filhos e refor\u00e7ando o v\u00ednculo com eles. A mans\u00e3o em Goi\u00e2nia ganhou contornos de ref\u00fagio e palco dos momentos mais \u00edntimos, com passeios ao ar livre e atividades descontra\u00eddas.<\/p>\n<p>O cantor, ali\u00e1s, enfrentou cr\u00edticas nas redes sociais em outro epis\u00f3dio, quando dirigiu com o filho no colo \u2014 fato que gerou debate sobre seguran\u00e7a infantil.<\/p>\n<p><a href=\"https:\/\/chat.whatsapp.com\/FnDWEihz4meDvhNL3hsfMi\" target=\"_blank\" rel=\"noreferrer noopener nofollow\"><strong>Receba as not\u00edcias de OFuxico no seu celular!<\/strong><\/a><\/p>\n<p>Nesse s\u00e1bado, 25 de outubro, por\u00e9m, o foco voltou-se \u00e0 alegria dos pequenos e \u00e0 presen\u00e7a paterna ativa. Os cliques no haras, a fantasia e o som de brincadeira refor\u00e7am a imagem de um s\u00e1bado leve, voltado ao calor humano e \u00e0 conviv\u00eancia habitual.<\/p>\n<p><strong>Z\u00e9 Felipe<\/strong> prova que entre compromissos e agenda, sobra espa\u00e7o para os filhos tomarem conta de parte do dia e mostrarem sorrisos, fantasias e cavalos.<\/p>\n","protected":false},"excerpt":{"rendered":"O fim de semana foi de festa e divers\u00e3o na fazenda Talism\u00e3, em Goi\u00e2nia. Z\u00e9 Felipe organizou a&hellip;\n","protected":false},"author":2,"featured_media":127270,"comment_status":"","ping_status":"","sticky":false,"template":"","format":"standard","meta":{"footnotes":""},"categories":[142],"tags":[114,115,6831,32,33,151],"class_list":{"0":"post-127269","1":"post","2":"type-post","3":"status-publish","4":"format-standard","5":"has-post-thumbnail","7":"category-tv","8":"tag-entertainment","9":"tag-entretenimento","10":"tag-festa","11":"tag-portugal","12":"tag-pt","13":"tag-tv"},"share_on_mastodon":{"url":"https:\/\/pubeurope.com\/@pt\/115441521546571459","error":""},"_links":{"self":[{"href":"https:\/\/www.europesays.com\/pt\/wp-json\/wp\/v2\/posts\/127269","targetHints":{"allow":["GET"]}}],"collection":[{"href":"https:\/\/www.europesays.com\/pt\/wp-json\/wp\/v2\/posts"}],"about":[{"href":"https:\/\/www.europesays.com\/pt\/wp-json\/wp\/v2\/types\/post"}],"author":[{"embeddable":true,"href":"https:\/\/www.europesays.com\/pt\/wp-json\/wp\/v2\/users\/2"}],"replies":[{"embeddable":true,"href":"https:\/\/www.europesays.com\/pt\/wp-json\/wp\/v2\/comments?post=127269"}],"version-history":[{"count":0,"href":"https:\/\/www.europesays.com\/pt\/wp-json\/wp\/v2\/posts\/127269\/revisions"}],"wp:featuredmedia":[{"embeddable":true,"href":"https:\/\/www.europesays.com\/pt\/wp-json\/wp\/v2\/media\/127270"}],"wp:attachment":[{"href":"https:\/\/www.europesays.com\/pt\/wp-json\/wp\/v2\/media?parent=127269"}],"wp:term":[{"taxonomy":"category","embeddable":true,"href":"https:\/\/www.europesays.com\/pt\/wp-json\/wp\/v2\/categories?post=127269"},{"taxonomy":"post_tag","embeddable":true,"href":"https:\/\/www.europesays.com\/pt\/wp-json\/wp\/v2\/tags?post=127269"}],"curies":[{"name":"wp","href":"https:\/\/api.w.org\/{rel}","templated":true}]}}