{"id":127314,"date":"2025-10-26T17:36:08","date_gmt":"2025-10-26T17:36:08","guid":{"rendered":"https:\/\/www.europesays.com\/pt\/127314\/"},"modified":"2025-10-26T17:36:08","modified_gmt":"2025-10-26T17:36:08","slug":"farioli-e-as-criticas-apos-a-derrota-em-nottingham-ganhamos-92-dos-jogos","status":"publish","type":"post","link":"https:\/\/www.europesays.com\/pt\/127314\/","title":{"rendered":"Farioli e as cr\u00edticas ap\u00f3s a derrota em Nottingham: &#8220;Ganh\u00e1mos 92% dos jogos&#8221;"},"content":{"rendered":"<p data-remotead-prev-elm=\"true\" data-remotead-elm-id=\"inread\">Na antevis\u00e3o da partida de segunda-feira em Moreira de C\u00f3negos, que fechar\u00e1 a nona jornada do campeonato, Francesco Farioli foi questionado sobre as consequ\u00eancia da primeira derrota da \u00e9poca, sofrida na Liga Europa diante do Nottingham Forest.<\/p>\n<p>&#8220;No futebol, ganhamos, empatamos e perdemos alguns jogos. Estamos a fazer de tudo para ganhar sempre, porque \u00e9 o que o F. C. Porto exige. Creio que os adeptos est\u00e3o connosco e apreciaram a nossa exibi\u00e7\u00e3o l\u00e1. Vi alguns coment\u00e1rios, de alguns de voc\u00eas, ap\u00f3s o jogo e para ser justo, creio que muitos deles foram emocionais e n\u00e3o sobre a realidade do jogo, para ser honesto&#8221;, defendeu o treinador. &#8220;Jog\u00e1mos um jogo muito corajoso. Vi uma equipa que tentou jogar contra uma equipa de bloco baixo. Pression\u00e1mos, defendemos bem e atac\u00e1mos tamb\u00e9m bem. Como sabem, sou muito cr\u00edtico. Depois do 3-0 contra o Rio Ave, vim \u00e0 confer\u00eancia e recebi muitos coment\u00e1rios positivos e estava furioso por dentro porque n\u00e3o jog\u00e1mos t\u00e3o bem. Contra o Nottingham foi um bom jogo decidido por pen\u00e1ltis&#8221;, afirmou o t\u00e9cnico portista, justificando a quebra nos n\u00fameros da produ\u00e7\u00e3o ofensiva nos jogos com Benfica e Forest.<\/p>\n<blockquote data-type=\"articles\" data-id=\"related-article-18012052\"><p>\n              <strong>Leia tamb\u00e9m <\/strong><br \/>\n              <a href=\"https:\/\/www.jn.pt\/desporto\/artigo\/f-c-porto-sofre-primeira-derrota-da-epoca-em-nottingham\/18012052\" rel=\"nofollow noopener\" target=\"_blank\">F. C. Porto sofre primeira derrota da \u00e9poca em Nottingham<\/a>\n            <\/p><\/blockquote>\n<p data-remotead-prev-elm=\"true\" data-remotead-elm-id=\"centro1\">&#8220;Quando defrontamos equipas que decidem defender em bloco baixo, \u00e9 normal que a qualidade possa ser mais baixa. A realidade \u00e9 que em ambos os jogos a equipa teve as melhores oportunidades. Se n\u00e3o fossem os pen\u00e1ltis em Nottingham, o advers\u00e1rio nem teve golos esperados em jogo jogado. N\u00e3o concedemos isso, nem contra o Benfica, nem contra o Nottingham. Penso, mais uma vez, que as duas exibi\u00e7\u00f5es foram positivas, n\u00e3o brilhantes, mas tamb\u00e9m depende da forma como o advers\u00e1rio joga. S\u00e3o dois resultados que temos de aceitar. Desde que estou aqui ganh\u00e1mos 92% dos jogos&#8221;, sublinhou.<\/p>\n<p>Sobre o facto de o primeiro desaire poder tirar um peso dos ombros da equipa portista, Farioli foi objetivo. &#8220;[Estar 11 jogos sem perder] Foi um grande sentimento. Temos um calend\u00e1rio com muitos jogos. Depois das vit\u00f3rias, tentamos esquecer e continuar. Depois de uma boa performance, temos de continuar e preparar o jogo de amanh\u00e3 que vai pedir muito de n\u00f3s&#8221;, disse, com elogios para o Moreirense.<\/p>\n<p>&#8220;Ganharam os quatro jogos em casa. \u00c9 um grande registo. Trata-se de uma equipa muito bem organizada, muito bem orientada, com jogadores com muita qualidade. Temos de estar prontos para competir e para recome\u00e7ar o nosso caminho na Liga&#8221;, disse, com uma men\u00e7\u00e3o a Gabri Veiga, suplente utilizado em Nottingham e habitualmente substitu\u00eddo quando \u00e9 titular.<\/p>\n<p data-remotead-prev-elm=\"true\" data-remotead-elm-id=\"centro2\">&#8220;O in\u00edcio foi complicado, teve uma les\u00e3o. Tem trabalhado muito, \u00e9 um jogador que tem de estar no seu melhor para apoiar a parte f\u00edsica. \u00c9 um jogador explosivo. Tem trabalhado muito, a dar muita aten\u00e7\u00e3o em diferentes \u00e1reas, dentro e fora de campo. Est\u00e1 a adaptar-se. Estou feliz com que est\u00e1 a fazer. Estamos aqui para ajud\u00e1-lo a estar no seu melhor e penso que ainda n\u00e3o o vimos ao melhor n\u00edvel. Acreditamos que em breve vamos ver o Gabri Veiga que esperamos&#8221;, disse, rejeitando que a equipa tenha perdido a criatividade revelada at\u00e9 ao cl\u00e1ssico com o Benfica.<\/p>\n<p>&#8220;Depende da equipa com quem jogamos. Tenho em mente que no jogo com o Benfica tivemos tr\u00eas oportunidades importantes. \u00c0s vezes somos mais felizes e as bolas entram. N\u00e3o estamos aqui para fazer an\u00e1lises emocionais&#8221;, concluiu.<\/p>\n","protected":false},"excerpt":{"rendered":"Na antevis\u00e3o da partida de segunda-feira em Moreira de C\u00f3negos, que fechar\u00e1 a nona jornada do campeonato, Francesco&hellip;\n","protected":false},"author":2,"featured_media":127315,"comment_status":"","ping_status":"","sticky":false,"template":"","format":"standard","meta":{"footnotes":""},"categories":[87],"tags":[135,20558,1011,524,36,32,33,134],"class_list":{"0":"post-127314","1":"post","2":"type-post","3":"status-publish","4":"format-standard","5":"has-post-thumbnail","7":"category-desporto","8":"tag-desporto","9":"tag-f-c-porto","10":"tag-francesco-farioli","11":"tag-futebol","12":"tag-liga","13":"tag-portugal","14":"tag-pt","15":"tag-sports"},"share_on_mastodon":{"url":"https:\/\/pubeurope.com\/@pt\/115441682731739329","error":""},"_links":{"self":[{"href":"https:\/\/www.europesays.com\/pt\/wp-json\/wp\/v2\/posts\/127314","targetHints":{"allow":["GET"]}}],"collection":[{"href":"https:\/\/www.europesays.com\/pt\/wp-json\/wp\/v2\/posts"}],"about":[{"href":"https:\/\/www.europesays.com\/pt\/wp-json\/wp\/v2\/types\/post"}],"author":[{"embeddable":true,"href":"https:\/\/www.europesays.com\/pt\/wp-json\/wp\/v2\/users\/2"}],"replies":[{"embeddable":true,"href":"https:\/\/www.europesays.com\/pt\/wp-json\/wp\/v2\/comments?post=127314"}],"version-history":[{"count":0,"href":"https:\/\/www.europesays.com\/pt\/wp-json\/wp\/v2\/posts\/127314\/revisions"}],"wp:featuredmedia":[{"embeddable":true,"href":"https:\/\/www.europesays.com\/pt\/wp-json\/wp\/v2\/media\/127315"}],"wp:attachment":[{"href":"https:\/\/www.europesays.com\/pt\/wp-json\/wp\/v2\/media?parent=127314"}],"wp:term":[{"taxonomy":"category","embeddable":true,"href":"https:\/\/www.europesays.com\/pt\/wp-json\/wp\/v2\/categories?post=127314"},{"taxonomy":"post_tag","embeddable":true,"href":"https:\/\/www.europesays.com\/pt\/wp-json\/wp\/v2\/tags?post=127314"}],"curies":[{"name":"wp","href":"https:\/\/api.w.org\/{rel}","templated":true}]}}