{"id":127324,"date":"2025-10-26T17:43:09","date_gmt":"2025-10-26T17:43:09","guid":{"rendered":"https:\/\/www.europesays.com\/pt\/127324\/"},"modified":"2025-10-26T17:43:09","modified_gmt":"2025-10-26T17:43:09","slug":"cabo-louvado-pelo-presidente-da-republica-contesta-expulsao-da-gnr","status":"publish","type":"post","link":"https:\/\/www.europesays.com\/pt\/127324\/","title":{"rendered":"Cabo louvado pelo presidente da Rep\u00fablica contesta expuls\u00e3o da GNR"},"content":{"rendered":"<p>Sempre lhe foi reconhecido um &#8220;comportamento exemplar&#8221;, nunca tivera nenhum processo disciplinar e at\u00e9 foi louvado duas vezes, uma delas pelo presidente da Rep\u00fablica, distin\u00e7\u00e3o formalizada no in\u00edcio do seu mandato, em 2016, mas cujo processo havia sido iniciado ainda sob o anterior chefe de Estado. Mas uma condena\u00e7\u00e3o por viol\u00eancia dom\u00e9stica, em 2020, sobre a ex-companheira, de quem ainda hoje diz ser v\u00edtima, levou \u00e0 expuls\u00e3o de um cabo da GNR.<\/p>\n","protected":false},"excerpt":{"rendered":"Sempre lhe foi reconhecido um &#8220;comportamento exemplar&#8221;, nunca tivera nenhum processo disciplinar e at\u00e9 foi louvado duas vezes,&hellip;\n","protected":false},"author":2,"featured_media":127325,"comment_status":"","ping_status":"","sticky":false,"template":"","format":"standard","meta":{"footnotes":""},"categories":[8],"tags":[27,28,15,16,2002,29128,14,603,25,26,21,22,588,12,13,19,20,32,23,24,33,17,18,29,30,31],"class_list":{"0":"post-127324","1":"post","2":"type-post","3":"status-publish","4":"format-standard","5":"has-post-thumbnail","7":"category-principais-noticias","8":"tag-breaking-news","9":"tag-breakingnews","10":"tag-featured-news","11":"tag-featurednews","12":"tag-gnr","13":"tag-guarda-nacional-republicana","14":"tag-headlines","15":"tag-justica","16":"tag-latest-news","17":"tag-latestnews","18":"tag-main-news","19":"tag-mainnews","20":"tag-marcelo-rebelo-de-sousa","21":"tag-news","22":"tag-noticias","23":"tag-noticias-principais","24":"tag-noticiasprincipais","25":"tag-portugal","26":"tag-principais-noticias","27":"tag-principaisnoticias","28":"tag-pt","29":"tag-top-stories","30":"tag-topstories","31":"tag-ultimas","32":"tag-ultimas-noticias","33":"tag-ultimasnoticias"},"share_on_mastodon":{"url":"https:\/\/pubeurope.com\/@pt\/115441710149924566","error":""},"_links":{"self":[{"href":"https:\/\/www.europesays.com\/pt\/wp-json\/wp\/v2\/posts\/127324","targetHints":{"allow":["GET"]}}],"collection":[{"href":"https:\/\/www.europesays.com\/pt\/wp-json\/wp\/v2\/posts"}],"about":[{"href":"https:\/\/www.europesays.com\/pt\/wp-json\/wp\/v2\/types\/post"}],"author":[{"embeddable":true,"href":"https:\/\/www.europesays.com\/pt\/wp-json\/wp\/v2\/users\/2"}],"replies":[{"embeddable":true,"href":"https:\/\/www.europesays.com\/pt\/wp-json\/wp\/v2\/comments?post=127324"}],"version-history":[{"count":0,"href":"https:\/\/www.europesays.com\/pt\/wp-json\/wp\/v2\/posts\/127324\/revisions"}],"wp:featuredmedia":[{"embeddable":true,"href":"https:\/\/www.europesays.com\/pt\/wp-json\/wp\/v2\/media\/127325"}],"wp:attachment":[{"href":"https:\/\/www.europesays.com\/pt\/wp-json\/wp\/v2\/media?parent=127324"}],"wp:term":[{"taxonomy":"category","embeddable":true,"href":"https:\/\/www.europesays.com\/pt\/wp-json\/wp\/v2\/categories?post=127324"},{"taxonomy":"post_tag","embeddable":true,"href":"https:\/\/www.europesays.com\/pt\/wp-json\/wp\/v2\/tags?post=127324"}],"curies":[{"name":"wp","href":"https:\/\/api.w.org\/{rel}","templated":true}]}}