{"id":127326,"date":"2025-10-26T17:44:09","date_gmt":"2025-10-26T17:44:09","guid":{"rendered":"https:\/\/www.europesays.com\/pt\/127326\/"},"modified":"2025-10-26T17:44:09","modified_gmt":"2025-10-26T17:44:09","slug":"nasce-eloah-filha-de-maira-cardi-e-thiago-nigro","status":"publish","type":"post","link":"https:\/\/www.europesays.com\/pt\/127326\/","title":{"rendered":"Nasce Elo\u00e1h, filha de Maira Cardi e Thiago Nigro"},"content":{"rendered":"<p>Nasceu na manh\u00e3 deste domingo (26\/10) Elo\u00e1h, a primeira filha de Maira Cardi e Thiago Nigro. Cardi j\u00e1 \u00e9 m\u00e3e de Lucas e Sophia, de outros relacionamentos. O an\u00fancio foi feito por Maira hoje, em v\u00eddeo no TikTok.<br \/>Maira apareceu no v\u00eddeo, gravado no dia anterior, com o aviso: &#8220;Elo\u00e1h nasceu!&#8221;. A influenciadora explicou que gravou o v\u00eddeo um dia antes da chegada da terceira filha. &#8220;Se voc\u00ea est\u00e1 vendo este v\u00eddeo, significa que eu acabei de parir&#8221;, disse antes de contar sobre a organiza\u00e7\u00e3o do quarto da filha.\u00a0<\/p>\n<p>Mais cedo, Thiago mostrou a prepara\u00e7\u00e3o no hospital. &#8220;Meu Deus, t\u00e1 chegando a hora&#8221;, escreveu o pai.\u00a0<\/p>\n<p>O nascimento de Elo\u00e1h estava previsto para acontecer entre os dias 6 e 7 de novembro para &#8220;n\u00e3o prejudicar a sa\u00fade mental da irm\u00e3&#8221;, que tem uma apresenta\u00e7\u00e3o importante da escola no dia 5. No entanto, foi antecipado em dez dias por recomenda\u00e7\u00e3o m\u00e9dica.<br \/>Maira Cardi j\u00e1 estava internada desde ontem. &#8220;Hoje internamos para ela vir ao mundo. J\u00e1 n\u00e3o respiro direito h\u00e1 meses, durmo sentada com falta de ar, o barrig\u00e3o est\u00e1 espremendo todos meus \u00f3rg\u00e3os por aqui&#8221;, escreveu ela. A beb\u00ea nasceu em uma ces\u00e1rea programada.<\/p>\n<p>Outubro foi m\u00eas movimentado para a fam\u00edlia. Thiago Nigro comemorou 35 anos no \u00faltimo dia 7 de outubro. J\u00e1 no dia 21, foi a vez de Sophia celebrar 7 anos. O casal tamb\u00e9m realizou uma nova cerim\u00f4nia de casamento neste m\u00eas.<\/p>\n","protected":false},"excerpt":{"rendered":"Nasceu na manh\u00e3 deste domingo (26\/10) Elo\u00e1h, a primeira filha de Maira Cardi e Thiago Nigro. Cardi j\u00e1&hellip;\n","protected":false},"author":2,"featured_media":127327,"comment_status":"","ping_status":"","sticky":false,"template":"","format":"standard","meta":{"footnotes":""},"categories":[145],"tags":[2557,211,210,114,115,7142,32,33,7143],"class_list":{"0":"post-127326","1":"post","2":"type-post","3":"status-publish","4":"format-standard","5":"has-post-thumbnail","7":"category-celebridades","8":"tag-bebe","9":"tag-celebridades","10":"tag-celebrities","11":"tag-entertainment","12":"tag-entretenimento","13":"tag-maira-cardi","14":"tag-portugal","15":"tag-pt","16":"tag-thiago-nigro"},"share_on_mastodon":{"url":"https:\/\/pubeurope.com\/@pt\/115441713993507921","error":""},"_links":{"self":[{"href":"https:\/\/www.europesays.com\/pt\/wp-json\/wp\/v2\/posts\/127326","targetHints":{"allow":["GET"]}}],"collection":[{"href":"https:\/\/www.europesays.com\/pt\/wp-json\/wp\/v2\/posts"}],"about":[{"href":"https:\/\/www.europesays.com\/pt\/wp-json\/wp\/v2\/types\/post"}],"author":[{"embeddable":true,"href":"https:\/\/www.europesays.com\/pt\/wp-json\/wp\/v2\/users\/2"}],"replies":[{"embeddable":true,"href":"https:\/\/www.europesays.com\/pt\/wp-json\/wp\/v2\/comments?post=127326"}],"version-history":[{"count":0,"href":"https:\/\/www.europesays.com\/pt\/wp-json\/wp\/v2\/posts\/127326\/revisions"}],"wp:featuredmedia":[{"embeddable":true,"href":"https:\/\/www.europesays.com\/pt\/wp-json\/wp\/v2\/media\/127327"}],"wp:attachment":[{"href":"https:\/\/www.europesays.com\/pt\/wp-json\/wp\/v2\/media?parent=127326"}],"wp:term":[{"taxonomy":"category","embeddable":true,"href":"https:\/\/www.europesays.com\/pt\/wp-json\/wp\/v2\/categories?post=127326"},{"taxonomy":"post_tag","embeddable":true,"href":"https:\/\/www.europesays.com\/pt\/wp-json\/wp\/v2\/tags?post=127326"}],"curies":[{"name":"wp","href":"https:\/\/api.w.org\/{rel}","templated":true}]}}