{"id":127337,"date":"2025-10-26T17:57:12","date_gmt":"2025-10-26T17:57:12","guid":{"rendered":"https:\/\/www.europesays.com\/pt\/127337\/"},"modified":"2025-10-26T17:57:12","modified_gmt":"2025-10-26T17:57:12","slug":"familia-escapa-a-tragedia-devido-a-intoxicacao-por-monoxido-de-carbono","status":"publish","type":"post","link":"https:\/\/www.europesays.com\/pt\/127337\/","title":{"rendered":"Fam\u00edlia escapa a trag\u00e9dia devido a intoxica\u00e7\u00e3o por mon\u00f3xido de carbono"},"content":{"rendered":"\n<p class=\"p_0\">Um esquentador quase causou uma trag\u00e9dia na Camacha. Pai, m\u00e3e e filho foram hospitalizados com intoxica\u00e7\u00e3o grave por mon\u00f3xido de carbono, mas est\u00e3o fora de perigo.<\/p>\n<p class=\"p_1\">Uma fam\u00edlia escapou por muito pouco a uma trag\u00e9dia, no final da tarde de ontem, numa habita\u00e7\u00e3o situada na zona da Levada da Serra do Faial, na Camacha.<\/p>\n<p class=\"p_2\">Foram acionados os Bombeiros Sapadores de Santa Cruz, como tamb\u00e9m a equipa da Cruz Vermelha Portuguesa.<\/p>\n<p class=\"p_3\">A fam\u00edlia foi assistida no Hospital Dr. N\u00e9lio Mendon\u00e7a ap\u00f3s sofrerem uma intoxica\u00e7\u00e3o grave provocada pela inala\u00e7\u00e3o de mon\u00f3xido de carbono.<\/p>\n","protected":false},"excerpt":{"rendered":"Um esquentador quase causou uma trag\u00e9dia na Camacha. Pai, m\u00e3e e filho foram hospitalizados com intoxica\u00e7\u00e3o grave por&hellip;\n","protected":false},"author":2,"featured_media":127338,"comment_status":"","ping_status":"","sticky":false,"template":"","format":"standard","meta":{"footnotes":""},"categories":[10],"tags":[27,28,15,16,14,25,26,21,22,12,13,19,20,32,23,24,33,29129,17,18,29,30,31],"class_list":{"0":"post-127337","1":"post","2":"type-post","3":"status-publish","4":"format-standard","5":"has-post-thumbnail","7":"category-portugal","8":"tag-breaking-news","9":"tag-breakingnews","10":"tag-featured-news","11":"tag-featurednews","12":"tag-headlines","13":"tag-latest-news","14":"tag-latestnews","15":"tag-main-news","16":"tag-mainnews","17":"tag-news","18":"tag-noticias","19":"tag-noticias-principais","20":"tag-noticiasprincipais","21":"tag-portugal","22":"tag-principais-noticias","23":"tag-principaisnoticias","24":"tag-pt","25":"tag-sara-ricardo","26":"tag-top-stories","27":"tag-topstories","28":"tag-ultimas","29":"tag-ultimas-noticias","30":"tag-ultimasnoticias"},"share_on_mastodon":{"url":"https:\/\/pubeurope.com\/@pt\/115441765133355150","error":""},"_links":{"self":[{"href":"https:\/\/www.europesays.com\/pt\/wp-json\/wp\/v2\/posts\/127337","targetHints":{"allow":["GET"]}}],"collection":[{"href":"https:\/\/www.europesays.com\/pt\/wp-json\/wp\/v2\/posts"}],"about":[{"href":"https:\/\/www.europesays.com\/pt\/wp-json\/wp\/v2\/types\/post"}],"author":[{"embeddable":true,"href":"https:\/\/www.europesays.com\/pt\/wp-json\/wp\/v2\/users\/2"}],"replies":[{"embeddable":true,"href":"https:\/\/www.europesays.com\/pt\/wp-json\/wp\/v2\/comments?post=127337"}],"version-history":[{"count":0,"href":"https:\/\/www.europesays.com\/pt\/wp-json\/wp\/v2\/posts\/127337\/revisions"}],"wp:featuredmedia":[{"embeddable":true,"href":"https:\/\/www.europesays.com\/pt\/wp-json\/wp\/v2\/media\/127338"}],"wp:attachment":[{"href":"https:\/\/www.europesays.com\/pt\/wp-json\/wp\/v2\/media?parent=127337"}],"wp:term":[{"taxonomy":"category","embeddable":true,"href":"https:\/\/www.europesays.com\/pt\/wp-json\/wp\/v2\/categories?post=127337"},{"taxonomy":"post_tag","embeddable":true,"href":"https:\/\/www.europesays.com\/pt\/wp-json\/wp\/v2\/tags?post=127337"}],"curies":[{"name":"wp","href":"https:\/\/api.w.org\/{rel}","templated":true}]}}