{"id":127347,"date":"2025-10-26T18:11:14","date_gmt":"2025-10-26T18:11:14","guid":{"rendered":"https:\/\/www.europesays.com\/pt\/127347\/"},"modified":"2025-10-26T18:11:14","modified_gmt":"2025-10-26T18:11:14","slug":"o-mirante-financas-vai-fazer-entrega-de-casa-penhorada-e-encontra-residente-morto","status":"publish","type":"post","link":"https:\/\/www.europesays.com\/pt\/127347\/","title":{"rendered":"O MIRANTE | Finan\u00e7as vai fazer entrega de casa penhorada e encontra residente morto"},"content":{"rendered":"<p>     <img decoding=\"async\" src=\"https:\/\/www.europesays.com\/pt\/wp-content\/uploads\/2025\/10\/1761502274_49_mw-900.webp\" alt=\"Finan\u00e7as vai fazer entrega de casa penhorada e encontra residente morto\" title=\"Finan\u00e7as vai fazer entrega de casa penhorada e encontra residente morto\"\/>  <\/p>\n<p>A habita\u00e7\u00e3o penhorada onde foi encontrado um cad\u00e1ver quando as Finan\u00e7as iam entregar a casa \u00e0 pessoa que a comprou em leil\u00e3o. &#8211; foto O MIRANTE<\/p>\n<p>O caso aconteceu em Our\u00e9m e deixou consternados os elementos da Autoridade Tribut\u00e1ria e da ac\u00e7\u00e3o social da c\u00e2mara municipal, acompanhados da GNR. Presume-se que o falecido, que tudo indica ser o executado, estivesse desaparecido desde Julho, j\u00e1 que as cartas registadas enviadas nunca foram nem recebidas nem reclamadas na esta\u00e7\u00e3o dos Correios.<\/p>\n<p>No dia em que a Autoridade Tribut\u00e1ria foi entregar uma casa a um comprador que tinha adquirido o im\u00f3vel no \u00e2mbito de uma penhora, que tinha ocorrido h\u00e1 uma d\u00e9cada, encontrou o executado morto dentro da habita\u00e7\u00e3o. A situa\u00e7\u00e3o ocorreu em Our\u00e9m e deixou os elementos que acompanhavam a dilig\u00eancia com os funcion\u00e1rios das Finan\u00e7as, escoltados pela GNR, bastante abalados com a situa\u00e7\u00e3o, at\u00e9 porque ningu\u00e9m tinha dado pela falta do falecido.<br \/>O caso levanta uma quest\u00e3o social relacionada com o isolamento e as rela\u00e7\u00f5es da sociedade, uma vez que o habitante estaria, segundo se suspeita, desaparecido h\u00e1 algum tempo. H\u00e1 informa\u00e7\u00f5es de que n\u00e3o era visto desde pelo menos Junho, n\u00e3o tendo havido qualquer sinal de alerta dessa situa\u00e7\u00e3o, desconhecendo-se a causa da morte que, entretanto, ser\u00e1 apurada em investiga\u00e7\u00e3o. A situa\u00e7\u00e3o foi descoberta na quarta-feira, dia 8, quando se reuniram as condi\u00e7\u00f5es para se fazer a entrega da casa num processo que se arrastava no tempo e que precisava de ser conclu\u00eddo. <br \/>A situa\u00e7\u00e3o n\u00e3o se podia arrastar mais e tinha de ficar conclu\u00edda depois de v\u00e1rios anos em que o adquirente do im\u00f3vel, segundo apur\u00e1mos, aceitara que o morador ficasse no local por se tratar de uma situa\u00e7\u00e3o de vulnerabilidade social. A situa\u00e7\u00e3o tamb\u00e9m se arrastou porque era necess\u00e1rio reunir para a mesma altura, al\u00e9m da GNR, os t\u00e9cnicos da ac\u00e7\u00e3o social da c\u00e2mara. Tendo-se conseguido mobilizar todas as entidades, os elementos das finan\u00e7as deslocaram-se ao local com a pessoa a quem ia ser entregue o im\u00f3vel. <br \/>Perante a situa\u00e7\u00e3o, j\u00e1 tinha sido estudada a solu\u00e7\u00e3o para o residente, com 78 anos de idade, uma vez que este teria de abandonar o espa\u00e7o localizado na Corredoura onde vivia e ser realojado. A habita\u00e7\u00e3o n\u00e3o tem casas vizinhas cont\u00edguas e algumas pessoas com quem O MIRANTE falou disseram n\u00e3o saber que havia algu\u00e9m a morar no espa\u00e7o, que tem um aspecto exterior de abandono. <br \/>No \u201caviso de entrega efectiva de bem\u201d, colocado na porta da habita\u00e7\u00e3o, refere que o executado foi notificado em 30 de Julho e em 14 de Agosto por cartas com aviso de recep\u00e7\u00e3o, que foram devolvidas por n\u00e3o terem sido levantadas nos CTT depois de ningu\u00e9m ter respondido em casa quando o carteiro se deslocou ao local. As Finan\u00e7as ainda mandaram mais uma carta com registo simples, que foi depositada na caixa do correio a 4 de Setembro. No aviso refere-se que a entrega pode ser executada com arrombamento da porta e substitui\u00e7\u00e3o das fechaduras, se tal for necess\u00e1rio, o que veio a acontecer e foi a forma de descobrir o cad\u00e1ver. <br \/>O aviso descreve ainda a habita\u00e7\u00e3o, como tendo tr\u00eas assoalhadas com cave destinada a arrecada\u00e7\u00e3o, bem como cozinha e uma casa de banho.<\/p>\n","protected":false},"excerpt":{"rendered":"A habita\u00e7\u00e3o penhorada onde foi encontrado um cad\u00e1ver quando as Finan\u00e7as iam entregar a casa \u00e0 pessoa que&hellip;\n","protected":false},"author":2,"featured_media":127348,"comment_status":"","ping_status":"","sticky":false,"template":"","format":"standard","meta":{"footnotes":""},"categories":[10],"tags":[27,28,15,16,14,6569,6568,25,26,21,22,12,13,19,20,32,23,24,33,3551,5314,17,18,29,30,31],"class_list":{"0":"post-127347","1":"post","2":"type-post","3":"status-publish","4":"format-standard","5":"has-post-thumbnail","7":"category-portugal","8":"tag-breaking-news","9":"tag-breakingnews","10":"tag-featured-news","11":"tag-featurednews","12":"tag-headlines","13":"tag-jornal-regional","14":"tag-jornalismo-de-proximidade","15":"tag-latest-news","16":"tag-latestnews","17":"tag-main-news","18":"tag-mainnews","19":"tag-news","20":"tag-noticias","21":"tag-noticias-principais","22":"tag-noticiasprincipais","23":"tag-portugal","24":"tag-principais-noticias","25":"tag-principaisnoticias","26":"tag-pt","27":"tag-regiao","28":"tag-ribatejo","29":"tag-top-stories","30":"tag-topstories","31":"tag-ultimas","32":"tag-ultimas-noticias","33":"tag-ultimasnoticias"},"share_on_mastodon":{"url":"https:\/\/pubeurope.com\/@pt\/115441820316425609","error":""},"_links":{"self":[{"href":"https:\/\/www.europesays.com\/pt\/wp-json\/wp\/v2\/posts\/127347","targetHints":{"allow":["GET"]}}],"collection":[{"href":"https:\/\/www.europesays.com\/pt\/wp-json\/wp\/v2\/posts"}],"about":[{"href":"https:\/\/www.europesays.com\/pt\/wp-json\/wp\/v2\/types\/post"}],"author":[{"embeddable":true,"href":"https:\/\/www.europesays.com\/pt\/wp-json\/wp\/v2\/users\/2"}],"replies":[{"embeddable":true,"href":"https:\/\/www.europesays.com\/pt\/wp-json\/wp\/v2\/comments?post=127347"}],"version-history":[{"count":0,"href":"https:\/\/www.europesays.com\/pt\/wp-json\/wp\/v2\/posts\/127347\/revisions"}],"wp:featuredmedia":[{"embeddable":true,"href":"https:\/\/www.europesays.com\/pt\/wp-json\/wp\/v2\/media\/127348"}],"wp:attachment":[{"href":"https:\/\/www.europesays.com\/pt\/wp-json\/wp\/v2\/media?parent=127347"}],"wp:term":[{"taxonomy":"category","embeddable":true,"href":"https:\/\/www.europesays.com\/pt\/wp-json\/wp\/v2\/categories?post=127347"},{"taxonomy":"post_tag","embeddable":true,"href":"https:\/\/www.europesays.com\/pt\/wp-json\/wp\/v2\/tags?post=127347"}],"curies":[{"name":"wp","href":"https:\/\/api.w.org\/{rel}","templated":true}]}}