{"id":127371,"date":"2025-10-26T18:41:10","date_gmt":"2025-10-26T18:41:10","guid":{"rendered":"https:\/\/www.europesays.com\/pt\/127371\/"},"modified":"2025-10-26T18:41:10","modified_gmt":"2025-10-26T18:41:10","slug":"rui-costa-vence-eleicoes-do-benfica-mas-ha-segunda-volta-com-noronha-lopes-futebol","status":"publish","type":"post","link":"https:\/\/www.europesays.com\/pt\/127371\/","title":{"rendered":"Rui Costa vence elei\u00e7\u00f5es do Benfica \u2013 mas h\u00e1 segunda volta com Noronha Lopes | Futebol"},"content":{"rendered":"<p>Foi preciso esperar pela tarde de domingo para saber que as elei\u00e7\u00f5es do Benfica n\u00e3o est\u00e3o resolvidas para j\u00e1. Os resultados oficiais das elei\u00e7\u00f5es do clube da Luz mostram uma vit\u00f3ria de Rui Costa (42,13%), mas o actual presidente das &#8220;\u00e1guias&#8221; n\u00e3o conseguiu maioria absoluta, algo que o obriga a disputar uma segunda volta contra Jo\u00e3o Noronha Lopes, segundo classificado com 30,26% dos votos.<\/p>\n<p>A possibilidade de uma vit\u00f3ria de Rui Costa \u00e0 primeira volta come\u00e7ou a discutir-se quando se viu a vantagem destacada do presidente &#8220;encarnado&#8221; no in\u00edcio da madrugada, com valores de vota\u00e7\u00e3o muito pr\u00f3ximos dos 50%. Mas a diferen\u00e7a entre os candidatos estagnou e o cen\u00e1rio de segunda volta come\u00e7ou a tornar-se o desfecho ainda mais prov\u00e1vel.<\/p>\n<p>Quando se percebeu que Lu\u00eds Filipe Vieira, terceiro classificado nestas elei\u00e7\u00f5es, ia conseguia recolher cerca de 15% dos votos que podiam ter sido dirigidos a Rui Costa, a segunda volta tornou-se realidade.<\/p>\n<p>Apesar da desvantagem e vit\u00f3ria clara de Rui Costa, o empres\u00e1rio Jo\u00e3o Noronha Lopes n\u00e3o vai desistir da inten\u00e7\u00e3o de ser presidente do Benfica e avan\u00e7ar\u00e1 para a segunda volta contra o presidente do Benfica. O candidato ter\u00e1 agora de anular o favoritismo atribu\u00eddo ao dirigente, depois de uma vit\u00f3ria expressiva em Portugal e no mundo.<\/p>\n<p>Resultados \u00e0 parte, esta foi uma elei\u00e7\u00e3o hist\u00f3rica para o clube. O Benfica bateu o recorde do mundo de vota\u00e7\u00f5es de clubes, com mais de 85 mil eleitores. O anterior recorde tinha sido fixado em Junho de 2010 e pertencia ao Barcelona, que somou 57.088 s\u00f3cios nas elei\u00e7\u00f5es para a presid\u00eancia &#8220;blaugrana&#8221;.<\/p>\n<p>Na Luz, <a href=\"https:\/\/www.publico.pt\/2025\/10\/25\/desporto\/noticia\/eleicoes-benfica-2152129\" rel=\"nofollow noopener\" target=\"_blank\">as urnas<\/a> fecharam \u00e0s 22h de s\u00e1bado, 26 de Outubro, e os votos foram contados durante toda a madrugada. Foi preciso esperar pelo final da manh\u00e3 de domingo para se perceber o desfecho da vota\u00e7\u00e3o hist\u00f3rica. Sem voto electr\u00f3nico, foi tudo feito \u00e0 m\u00e3o, como explicou Jos\u00e9 Pereira da Costa, presidente da Mesa da Assembleia-Geral do Benfica. O respons\u00e1vel justificou aos associados a demora na contagem dos votos, relembrando que foram contados cerca de 350 mil votos para quatro \u00f3rg\u00e3os distintos e com valores de voto vari\u00e1veis consoante cada associado.<\/p>\n<p>&#8220;Face \u00e0 n\u00e3o-aceita\u00e7\u00e3o do voto electr\u00f3nico, todo o processo foi manual. O processo acabou por ser quase voto a voto e a inser\u00e7\u00e3o dos dados foi feita \u00e0 m\u00e3o para que os delegados assinassem as fichas&#8221;, reitera. <\/p>\n<p>Uma das primeiras tend\u00eancias nos primeiros dados inicialmente divulgados apontava a prefer\u00eancia dos associados com maior n\u00famero de votos pela continuidade de <a href=\"https:\/\/www.publico.pt\/2025\/10\/25\/desporto\/cronica_de_jogo\/dia-eleitoral-benfica-presente-2152175\" rel=\"nofollow noopener\" target=\"_blank\">Rui Costa<\/a>. J\u00e1 <a href=\"https:\/\/www.publico.pt\/2025\/10\/24\/desporto\/noticia\/seis-candidatos-objectivo-querem-benfica-great-again-2152054\" rel=\"nofollow noopener\" target=\"_blank\">Noronha Lopes<\/a> reuniu mais consenso nos s\u00f3cios com menos anos de liga\u00e7\u00e3o ao Benfica.<\/p>\n<p>A sec\u00e7\u00e3o de voto de Elvas, no distrito de Portalegre, foi o exemplo perfeito desta tend\u00eancia. Tanto a lista de Noronha Lopes (F) como a de Rui Costa (G) foram escolhidas por 102 s\u00f3cios do clube da Luz. Ainda assim, o advers\u00e1rio do actual presidente contabilizou apenas 1692 votos, enquanto o antigo jogador soma mais de dois mil.<\/p>\n<p>Esta diferen\u00e7a \u00e9 poss\u00edvel porque <a href=\"https:\/\/www.publico.pt\/2025\/10\/25\/desporto\/noticia\/principais-ideias-candidatos-vao-votos-eleicoes-benfica-2152056\" rel=\"nofollow noopener\" target=\"_blank\">os eleitores<\/a> de Rui Costa tinham mais anos de associados do que os hom\u00f3logos que votaram Noronha Lopes, dando assim mais votos e a vit\u00f3ria a Rui Costa nesta casa do Benfica.<\/p>\n<p>Mas, apesar destes casos pontuais, a verdade \u00e9 que Rui Costa reuniu um apoio muito s\u00f3lido por todo o pa\u00eds. O presidente do Benfica teve mais votos no estrangeiro, nas ilhas e na esmagadora maioria das casas do clube.<\/p>\n<p>A segunda volta das elei\u00e7\u00f5es est\u00e1 marcada para o dia 8 de Novembro.<\/p>\n","protected":false},"excerpt":{"rendered":"Foi preciso esperar pela tarde de domingo para saber que as elei\u00e7\u00f5es do Benfica n\u00e3o est\u00e3o resolvidas para&hellip;\n","protected":false},"author":2,"featured_media":127372,"comment_status":"","ping_status":"","sticky":false,"template":"","format":"standard","meta":{"footnotes":""},"categories":[8],"tags":[995,27,28,135,2258,353,15,16,524,280,14,25,26,21,22,12,13,19,20,32,23,24,33,3099,17,18,29,30,31],"class_list":{"0":"post-127371","1":"post","2":"type-post","3":"status-publish","4":"format-standard","5":"has-post-thumbnail","7":"category-principais-noticias","8":"tag-abre-conteudo","9":"tag-breaking-news","10":"tag-breakingnews","11":"tag-desporto","12":"tag-eleicoes","13":"tag-em-destaque","14":"tag-featured-news","15":"tag-featurednews","16":"tag-futebol","17":"tag-futebol-nacional","18":"tag-headlines","19":"tag-latest-news","20":"tag-latestnews","21":"tag-main-news","22":"tag-mainnews","23":"tag-news","24":"tag-noticias","25":"tag-noticias-principais","26":"tag-noticiasprincipais","27":"tag-portugal","28":"tag-principais-noticias","29":"tag-principaisnoticias","30":"tag-pt","31":"tag-sl-benfica","32":"tag-top-stories","33":"tag-topstories","34":"tag-ultimas","35":"tag-ultimas-noticias","36":"tag-ultimasnoticias"},"share_on_mastodon":{"url":"https:\/\/pubeurope.com\/@pt\/115441938187298078","error":""},"_links":{"self":[{"href":"https:\/\/www.europesays.com\/pt\/wp-json\/wp\/v2\/posts\/127371","targetHints":{"allow":["GET"]}}],"collection":[{"href":"https:\/\/www.europesays.com\/pt\/wp-json\/wp\/v2\/posts"}],"about":[{"href":"https:\/\/www.europesays.com\/pt\/wp-json\/wp\/v2\/types\/post"}],"author":[{"embeddable":true,"href":"https:\/\/www.europesays.com\/pt\/wp-json\/wp\/v2\/users\/2"}],"replies":[{"embeddable":true,"href":"https:\/\/www.europesays.com\/pt\/wp-json\/wp\/v2\/comments?post=127371"}],"version-history":[{"count":0,"href":"https:\/\/www.europesays.com\/pt\/wp-json\/wp\/v2\/posts\/127371\/revisions"}],"wp:featuredmedia":[{"embeddable":true,"href":"https:\/\/www.europesays.com\/pt\/wp-json\/wp\/v2\/media\/127372"}],"wp:attachment":[{"href":"https:\/\/www.europesays.com\/pt\/wp-json\/wp\/v2\/media?parent=127371"}],"wp:term":[{"taxonomy":"category","embeddable":true,"href":"https:\/\/www.europesays.com\/pt\/wp-json\/wp\/v2\/categories?post=127371"},{"taxonomy":"post_tag","embeddable":true,"href":"https:\/\/www.europesays.com\/pt\/wp-json\/wp\/v2\/tags?post=127371"}],"curies":[{"name":"wp","href":"https:\/\/api.w.org\/{rel}","templated":true}]}}