{"id":127381,"date":"2025-10-26T18:51:09","date_gmt":"2025-10-26T18:51:09","guid":{"rendered":"https:\/\/www.europesays.com\/pt\/127381\/"},"modified":"2025-10-26T18:51:09","modified_gmt":"2025-10-26T18:51:09","slug":"insider-compartilha-noticias-sobre-o-proximo-remake-de-resident-evil","status":"publish","type":"post","link":"https:\/\/www.europesays.com\/pt\/127381\/","title":{"rendered":"Insider compartilha not\u00edcias sobre o pr\u00f3ximo remake de Resident Evil"},"content":{"rendered":"<p>A <strong>Capcom<\/strong> continua expandindo o universo de <strong>Resident Evil<\/strong>, e novas informa\u00e7\u00f5es apontam que o pr\u00f3ximo remake da franquia ser\u00e1 <strong>Resident Evil Code: Veronica<\/strong>, com lan\u00e7amento previsto para <strong>2027<\/strong>. As revela\u00e7\u00f5es vieram do insider <strong>Dusk Golem<\/strong>, conhecido por antecipar corretamente detalhes de t\u00edtulos anteriores da s\u00e9rie.<\/p>\n<p>    <img loading=\"lazy\" decoding=\"async\" width=\"72\" height=\"72\" alt=\"Critical Hits\" class=\"webpexpress-processed perfmatters-lazy\" src=\"https:\/\/www.europesays.com\/pt\/wp-content\/uploads\/2025\/10\/playpng72.png\"\/><\/p>\n<p>\n    <strong>Siga o Critical Hits no Google e acompanhe as \u00faltimas not\u00edcias e guias sobre games, animes e cultura pop<\/strong>\n  <\/p>\n<p>  <a href=\"https:\/\/news.google.com\/publications\/CAAqMAgKIipDQklTR1FnTWFoVUtFMk55YVhScFkyRnNhR2wwY3k1amIyMHVZbklvQUFQAQ?hl=pt-BR&amp;gl=BR&amp;ceid=BR%3Apt-419\" target=\"_blank\" title=\"Seguir Critical Hits no Google News\" rel=\"nofollow noopener\"><\/p>\n<p>  <\/a><\/p>\n<p><a href=\"https:\/\/www.europesays.com\/pt\/wp-content\/uploads\/2025\/10\/resident-evil-code-veronica-02.jpg\"><img fetchpriority=\"high\" decoding=\"async\" class=\"aligncenter size-full wp-image-647626 webpexpress-processed no-lazy\" src=\"https:\/\/www.europesays.com\/pt\/wp-content\/uploads\/2025\/10\/resident-evil-code-veronica-02.jpg\" alt=\"Insider compartilha not\u00edcias sobre o pr\u00f3ximo remake de Resident Evil\" width=\"1280\" height=\"720\"  \/><\/a><\/p>\n<p>De acordo com o insider, o <strong>Resident Evil: Code Veronica Remake<\/strong> contar\u00e1 com <strong>or\u00e7amento AAA<\/strong> e ser\u00e1 desenvolvido pela <strong>mesma equipe respons\u00e1vel por Resident Evil 4 Remake<\/strong>, o que aumenta as expectativas quanto \u00e0 qualidade do projeto. O an\u00fancio oficial deve ocorrer em <strong>2026<\/strong>, ap\u00f3s o lan\u00e7amento de <strong>Resident Evil 9<\/strong>, que continua a hist\u00f3ria principal da saga.<\/p>\n<p>O desenvolvimento do remake est\u00e1 \u201cindo excepcionalmente bem\u201d, segundo Dusk Golem. Ele afirma que a Capcom est\u00e1 <strong>muito satisfeita<\/strong> com o andamento do projeto e que o ritmo de produ\u00e7\u00e3o \u00e9 compar\u00e1vel ao de <strong>RE4 Remake<\/strong>, que ficou pronto antes do cronograma. O insider destacou ainda que o feedback interno sobre o jogo tem sido extremamente positivo, com poucos ajustes sendo necess\u00e1rios.<\/p>\n<p>Al\u00e9m de <strong>Code: Veronica<\/strong>, rumores indicam que a Capcom tamb\u00e9m trabalha em um <strong>remake de Resident Evil 0<\/strong>, previsto para <strong>2028<\/strong>, enquanto <strong>Resident Evil 5<\/strong> ainda n\u00e3o faz parte dos planos imediatos da empresa.<\/p>\n","protected":false},"excerpt":{"rendered":"A Capcom continua expandindo o universo de Resident Evil, e novas informa\u00e7\u00f5es apontam que o pr\u00f3ximo remake da&hellip;\n","protected":false},"author":2,"featured_media":127382,"comment_status":"","ping_status":"","sticky":false,"template":"","format":"standard","meta":{"footnotes":""},"categories":[84],"tags":[109,107,108,1942,32,33,11154,105,103,104,106,110],"class_list":{"0":"post-127381","1":"post","2":"type-post","3":"status-publish","4":"format-standard","5":"has-post-thumbnail","7":"category-ciencia-e-tecnologia","8":"tag-ciencia","9":"tag-ciencia-e-tecnologia","10":"tag-cienciaetecnologia","11":"tag-feat","12":"tag-portugal","13":"tag-pt","14":"tag-resident-evil","15":"tag-science","16":"tag-science-and-technology","17":"tag-scienceandtechnology","18":"tag-technology","19":"tag-tecnologia"},"share_on_mastodon":{"url":"https:\/\/pubeurope.com\/@pt\/115441977575502440","error":""},"_links":{"self":[{"href":"https:\/\/www.europesays.com\/pt\/wp-json\/wp\/v2\/posts\/127381","targetHints":{"allow":["GET"]}}],"collection":[{"href":"https:\/\/www.europesays.com\/pt\/wp-json\/wp\/v2\/posts"}],"about":[{"href":"https:\/\/www.europesays.com\/pt\/wp-json\/wp\/v2\/types\/post"}],"author":[{"embeddable":true,"href":"https:\/\/www.europesays.com\/pt\/wp-json\/wp\/v2\/users\/2"}],"replies":[{"embeddable":true,"href":"https:\/\/www.europesays.com\/pt\/wp-json\/wp\/v2\/comments?post=127381"}],"version-history":[{"count":0,"href":"https:\/\/www.europesays.com\/pt\/wp-json\/wp\/v2\/posts\/127381\/revisions"}],"wp:featuredmedia":[{"embeddable":true,"href":"https:\/\/www.europesays.com\/pt\/wp-json\/wp\/v2\/media\/127382"}],"wp:attachment":[{"href":"https:\/\/www.europesays.com\/pt\/wp-json\/wp\/v2\/media?parent=127381"}],"wp:term":[{"taxonomy":"category","embeddable":true,"href":"https:\/\/www.europesays.com\/pt\/wp-json\/wp\/v2\/categories?post=127381"},{"taxonomy":"post_tag","embeddable":true,"href":"https:\/\/www.europesays.com\/pt\/wp-json\/wp\/v2\/tags?post=127381"}],"curies":[{"name":"wp","href":"https:\/\/api.w.org\/{rel}","templated":true}]}}