{"id":127383,"date":"2025-10-26T18:54:17","date_gmt":"2025-10-26T18:54:17","guid":{"rendered":"https:\/\/www.europesays.com\/pt\/127383\/"},"modified":"2025-10-26T18:54:17","modified_gmt":"2025-10-26T18:54:17","slug":"chuva-forte-em-cinco-distritos-de-portugal","status":"publish","type":"post","link":"https:\/\/www.europesays.com\/pt\/127383\/","title":{"rendered":"Chuva Forte em Cinco Distritos de Portugal"},"content":{"rendered":"<p>O Instituto Portugu\u00eas do Mar e da Atmosfera (IPMA) elevou o aviso meteorol\u00f3gico em vigor este s\u00e1bado, 25 de outubro, em vigor devido \u00e0 previs\u00e3o de chuva forte para laranja em cinco distritos.<\/p>\n<p>Aveiro, Coimbra, Guarda, Leiria e Viseu passam assim a estar sob aviso laranja, o interm\u00e9dio numa escala de tr\u00eas, at\u00e9 \u00e0s 15h00 deste s\u00e1bado, per\u00edodo durante o qual est\u00e1 prevista &#8220;precipita\u00e7\u00e3o forte e persistente&#8221;.<\/p>\n<p>Sob aviso amarelo, o menos grave, continuam at\u00e9 \u00e0s 15h00 os distritos de Castelo Branco, Lisboa, Portalegre e Santar\u00e9m, por causa da chuva forte, enquanto no Porto este alerta terminava pelas 12h00.<\/p>\n<p>O estado do tempo em Portugal continental, em especial as regi\u00f5es do norte e centro, est\u00e1 a ser afetado pelos efeitos da depress\u00e3o Benjamim.<\/p>\n<p>Para este s\u00e1bado, o IPMA prev\u00ea c\u00e9u muito nublado ou encoberto, com precipita\u00e7\u00e3o por vezes forte e persistente nas regi\u00f5es Norte e Centro, sendo fraca no Baixo Alentejo e no Algarve.<\/p>\n<p>Aponta ainda para uma pequena descida da temperatura m\u00e1xima no Norte, no Centro e no Algarve.<\/p>\n<p>No domingo, prev\u00ea-se um desagravamento das condi\u00e7\u00f5es meteorol\u00f3gicas nas regi\u00f5es do norte e do centro, mas com o sistema frontal a deslocar-se para sul, onde a precipita\u00e7\u00e3o poder\u00e1 ser temporariamente mais intensa at\u00e9 ao in\u00edcio da tarde.<\/p>\n","protected":false},"excerpt":{"rendered":"O Instituto Portugu\u00eas do Mar e da Atmosfera (IPMA) elevou o aviso meteorol\u00f3gico em vigor este s\u00e1bado, 25&hellip;\n","protected":false},"author":2,"featured_media":127384,"comment_status":"","ping_status":"","sticky":false,"template":"","format":"standard","meta":{"footnotes":""},"categories":[10],"tags":[27,28,2139,15,16,14,350,25,26,21,22,12,13,19,20,32,23,24,33,17,18,29,30,31],"class_list":{"0":"post-127383","1":"post","2":"type-post","3":"status-publish","4":"format-standard","5":"has-post-thumbnail","7":"category-portugal","8":"tag-breaking-news","9":"tag-breakingnews","10":"tag-chuva","11":"tag-featured-news","12":"tag-featurednews","13":"tag-headlines","14":"tag-ipma","15":"tag-latest-news","16":"tag-latestnews","17":"tag-main-news","18":"tag-mainnews","19":"tag-news","20":"tag-noticias","21":"tag-noticias-principais","22":"tag-noticiasprincipais","23":"tag-portugal","24":"tag-principais-noticias","25":"tag-principaisnoticias","26":"tag-pt","27":"tag-top-stories","28":"tag-topstories","29":"tag-ultimas","30":"tag-ultimas-noticias","31":"tag-ultimasnoticias"},"share_on_mastodon":{"url":"https:\/\/pubeurope.com\/@pt\/115441989465785887","error":""},"_links":{"self":[{"href":"https:\/\/www.europesays.com\/pt\/wp-json\/wp\/v2\/posts\/127383","targetHints":{"allow":["GET"]}}],"collection":[{"href":"https:\/\/www.europesays.com\/pt\/wp-json\/wp\/v2\/posts"}],"about":[{"href":"https:\/\/www.europesays.com\/pt\/wp-json\/wp\/v2\/types\/post"}],"author":[{"embeddable":true,"href":"https:\/\/www.europesays.com\/pt\/wp-json\/wp\/v2\/users\/2"}],"replies":[{"embeddable":true,"href":"https:\/\/www.europesays.com\/pt\/wp-json\/wp\/v2\/comments?post=127383"}],"version-history":[{"count":0,"href":"https:\/\/www.europesays.com\/pt\/wp-json\/wp\/v2\/posts\/127383\/revisions"}],"wp:featuredmedia":[{"embeddable":true,"href":"https:\/\/www.europesays.com\/pt\/wp-json\/wp\/v2\/media\/127384"}],"wp:attachment":[{"href":"https:\/\/www.europesays.com\/pt\/wp-json\/wp\/v2\/media?parent=127383"}],"wp:term":[{"taxonomy":"category","embeddable":true,"href":"https:\/\/www.europesays.com\/pt\/wp-json\/wp\/v2\/categories?post=127383"},{"taxonomy":"post_tag","embeddable":true,"href":"https:\/\/www.europesays.com\/pt\/wp-json\/wp\/v2\/tags?post=127383"}],"curies":[{"name":"wp","href":"https:\/\/api.w.org\/{rel}","templated":true}]}}