{"id":127392,"date":"2025-10-26T19:03:09","date_gmt":"2025-10-26T19:03:09","guid":{"rendered":"https:\/\/www.europesays.com\/pt\/127392\/"},"modified":"2025-10-26T19:03:09","modified_gmt":"2025-10-26T19:03:09","slug":"depressao-e-ansiedade-aumentam-riscos-de-desenvolver-doencas-cardiacas-jornalmetropolis-com-br","status":"publish","type":"post","link":"https:\/\/www.europesays.com\/pt\/127392\/","title":{"rendered":"Depress\u00e3o e ansiedade aumentam riscos de desenvolver doen\u00e7as card\u00edacas &#8211; jornalmetropolis.com.br"},"content":{"rendered":"<ol>\n<li><a href=\"https:\/\/news.google.com\/rss\/articles\/CBMiywFBVV95cUxNczBSVW5EM1I5N0NhOF9FR2pab3dXRlQ0OHdFTVFQY2ZmYjRVSVJ0c0UwV1NfeDZmeHdBY1V0a1c4RGZ6WkNYbG8teklzeGtKTVUwZG5EYjZEQ2JoMlVHSVN4V09iaGdfWk5nSFIwSmlYRHBaY0J3RXVDRmM0TnllRHJRcEdpa1BNR1B3Zi1qVFJmZUxvNXI5MUJfWmZKbzVoWGk0SjUxVEIwN2R0ay01ZmhCSE0zblhtMnJ3dDRFWnlKYndSLTFTYWZWdw?oc=5\" target=\"_blank\" rel=\"nofollow noopener\">Depress\u00e3o e ansiedade aumentam riscos de desenvolver doen\u00e7as card\u00edacas<\/a>&nbsp;&nbsp;jornalmetropolis.com.br<\/li>\n<li><a href=\"https:\/\/news.google.com\/rss\/articles\/CBMi0wFBVV95cUxNbXVfb1I2VlEzNTFtcFdlemI3R2N0Z3ZnSTdnS0hVQkdNbnhWVnAtSVNqWld1TXRGLTdRd2JVMHZkSDdFbkF2MThybTNTT2doZTNZWnVQeG9UVkxkSjRpQU9DN2h6dXhCVmlqeGZ2dTFYckd6a1ZEMDdZYzlHeVBHYXBTUFhwT2ZLNEZlTzVmcVBlM3NlbWQ3eXFSeGxNQURONmdDMnF0bDRWdDVidHM5Nmdlakw5TUoxSlUyMW1TeFVLczRrR1FYQkNnMUIxM1o5M1dZ0gHiAUFVX3lxTE1kbHdEbktER21LQ2VXU1hmQU55OUtYVmxHek5zNjNfYWVIMkdnTkx5WUFVYjZNbGVudTcxZ1I2S3pwOFYxSWFjUFEwcDVRcmdSZWhrTmRtWUk3YURyYlhieXZCWC1maVlrY21yR0hseDJIWlIwcEZMOFU2UFk5SHZiellsVzN0bXpLMjZteWpBR0NhV1JIWFJUUUp4NWt5dF9aNTRlS3JaVk5CUjYwaDNMZkdzUXQxQ0cwU09sRHRNVnA1cm1rNURHXzhISUdZbXdERmhYUjNlNnlkUXoybGNSbUE?oc=5\" target=\"_blank\" rel=\"nofollow noopener\">Fiquei nervoso e meu cora\u00e7\u00e3o disparou: quando \u00e9 ansiedade e quando \u00e9 problema card\u00edaco?<\/a>&nbsp;&nbsp;Extra online<\/li>\n<li><a href=\"https:\/\/news.google.com\/rss\/articles\/CBMixAFBVV95cUxNX3U3U1FDSjk3ZmxXRG4tOXdFYU1VaUxjVnYtRWs2VWdFNmtRWU0tVDNma1k0NWxxNTBsU3ZZeHctd3hNYXlHVnhaZ1lPaUQ0WlFJZzdKQ20tQWtyQ3pqNkxvaHczLWhHTUQ0aV8zaGp2VklhMnhkVkJnMnRxd1VVcFBhY29ZOXdqQ3hPRGdmSVUwR1hsMmNIZEJ4OXM2cUxJS1NwdXJMX1liMEE2SDY5WXJYaGdnVVJvcWhORDVDOUFiYTZ2?oc=5\" target=\"_blank\" rel=\"nofollow noopener\">Depress\u00e3o e ansiedade aumentam at\u00e9 tr\u00eas vezes o risco de doen\u00e7as cardiovasculares, aponta estudo<\/a>&nbsp;&nbsp;Forte na Not\u00edcia<\/li>\n<\/ol>\n","protected":false},"excerpt":{"rendered":"Depress\u00e3o e ansiedade aumentam riscos de desenvolver doen\u00e7as card\u00edacas&nbsp;&nbsp;jornalmetropolis.com.br Fiquei nervoso e meu cora\u00e7\u00e3o disparou: quando \u00e9 ansiedade&hellip;\n","protected":false},"author":2,"featured_media":127393,"comment_status":"","ping_status":"","sticky":false,"template":"","format":"standard","meta":{"footnotes":""},"categories":[86],"tags":[4843,29135,3169,1531,29136,529,116,32,33,6806,117],"class_list":{"0":"post-127392","1":"post","2":"type-post","3":"status-publish","4":"format-standard","5":"has-post-thumbnail","7":"category-saude","8":"tag-ansiedade","9":"tag-aumentam","10":"tag-cardiacas","11":"tag-depressao","12":"tag-desenvolver","13":"tag-doencas","14":"tag-health","15":"tag-portugal","16":"tag-pt","17":"tag-riscos","18":"tag-saude"},"share_on_mastodon":{"url":"https:\/\/pubeurope.com\/@pt\/115442024757829900","error":""},"_links":{"self":[{"href":"https:\/\/www.europesays.com\/pt\/wp-json\/wp\/v2\/posts\/127392","targetHints":{"allow":["GET"]}}],"collection":[{"href":"https:\/\/www.europesays.com\/pt\/wp-json\/wp\/v2\/posts"}],"about":[{"href":"https:\/\/www.europesays.com\/pt\/wp-json\/wp\/v2\/types\/post"}],"author":[{"embeddable":true,"href":"https:\/\/www.europesays.com\/pt\/wp-json\/wp\/v2\/users\/2"}],"replies":[{"embeddable":true,"href":"https:\/\/www.europesays.com\/pt\/wp-json\/wp\/v2\/comments?post=127392"}],"version-history":[{"count":0,"href":"https:\/\/www.europesays.com\/pt\/wp-json\/wp\/v2\/posts\/127392\/revisions"}],"wp:featuredmedia":[{"embeddable":true,"href":"https:\/\/www.europesays.com\/pt\/wp-json\/wp\/v2\/media\/127393"}],"wp:attachment":[{"href":"https:\/\/www.europesays.com\/pt\/wp-json\/wp\/v2\/media?parent=127392"}],"wp:term":[{"taxonomy":"category","embeddable":true,"href":"https:\/\/www.europesays.com\/pt\/wp-json\/wp\/v2\/categories?post=127392"},{"taxonomy":"post_tag","embeddable":true,"href":"https:\/\/www.europesays.com\/pt\/wp-json\/wp\/v2\/tags?post=127392"}],"curies":[{"name":"wp","href":"https:\/\/api.w.org\/{rel}","templated":true}]}}