{"id":127410,"date":"2025-10-26T19:17:10","date_gmt":"2025-10-26T19:17:10","guid":{"rendered":"https:\/\/www.europesays.com\/pt\/127410\/"},"modified":"2025-10-26T19:17:10","modified_gmt":"2025-10-26T19:17:10","slug":"novo-exame-de-sangue-testado-no-brasil-tem-90-de-precisao-para-detectar-alzheimer","status":"publish","type":"post","link":"https:\/\/www.europesays.com\/pt\/127410\/","title":{"rendered":"Novo exame de sangue testado no Brasil tem 90% de precis\u00e3o para detectar Alzheimer"},"content":{"rendered":"<p>Um novo exame de sangue capaz de detectar o Alzheimer com mais de 90% de precis\u00e3o foi testado com sucesso no Brasil, marcando um avan\u00e7o promissor no diagn\u00f3stico precoce da doen\u00e7a neurodegenerativa.<\/p>\n<p>Desenvolvido pela empresa norte-americana Quanterix e avaliado por pesquisadores da Universidade Federal do Rio Grande do Sul (UFRGS), o teste mostrou resultados equivalentes aos de exames invasivos e de alto custo, como o de l\u00edquor e o PET-CT cerebral.<\/p>\n<blockquote class=\"pullquote align-center\">\n<p>A pesquisa, publicada na revista cient\u00edfica Molecular Psychiatry, contou com apoio do Instituto Serrapilheira e representa um passo importante no uso de biomarcadores, subst\u00e2ncias detect\u00e1veis no sangue que ajudam a identificar altera\u00e7\u00f5es cerebrais t\u00edpicas do Alzheimer.<\/p>\n<\/blockquote>\n<p>\u00a0<\/p>\n<p><strong>Um novo paradigma no diagn\u00f3stico<\/strong><\/p>\n<p>O estudo avaliou 59 pacientes do Hospital de Cl\u00ednicas de Porto Alegre, comparando os resultados do novo teste com os m\u00e9todos j\u00e1 consagrados. O exame analisa a prote\u00edna p-tau217, que est\u00e1 relacionada ao ac\u00famulo de tau no c\u00e9rebro, uma das principais caracter\u00edsticas da doen\u00e7a.<\/p>\n<p>Os resultados foram impressionantes: a prote\u00edna foi capaz de distinguir pacientes com e sem Alzheimer com acur\u00e1cia entre 94% e 96%, desempenho similar ao dos exames de l\u00edquor (considerados o padr\u00e3o-ouro) e muito superior ao de avalia\u00e7\u00f5es cl\u00ednicas isoladas.<\/p>\n<p>Para o P\u00f3s PhD em neuroci\u00eancias, Dr. Fabiano de Abreu Agrela, a descoberta pode transformar a forma como a doen\u00e7a \u00e9 identificada.<\/p>\n<blockquote>\n<blockquote class=\"pullquote align-center\">\n<p><strong>\u201cO grande desafio no Alzheimer \u00e9 o diagn\u00f3stico precoce. Quando conseguimos detectar altera\u00e7\u00f5es neurodegenerativas antes do comprometimento cognitivo avan\u00e7ar, temos uma chance real de intervir com mais efic\u00e1cia\u201d.<\/strong><\/p>\n<\/blockquote>\n<\/blockquote>\n<p>\u201cEsse tipo de tecnologia pode mudar o paradigma cl\u00ednico, permitindo monitorar o c\u00e9rebro como monitoramos outros \u00f3rg\u00e3os do corpo\u201d, complementa.<\/p>\n<p>\u00a0<\/p>\n<p><strong>Menos invasivo e mais acess\u00edvel<\/strong><\/p>\n<p>Enquanto o exame de l\u00edquor exige uma pun\u00e7\u00e3o lombar e o PET-CT cerebral pode custar at\u00e9 R$ 10 mil, o novo exame de sangue utiliza apenas uma amostra simples de plasma e equipamentos ultra-sens\u00edveis, sendo cerca de dez vezes mais barato.<\/p>\n<blockquote class=\"pullquote align-center\">\n<p>Al\u00e9m do custo, outro diferencial \u00e9 a inclus\u00e3o de pacientes brasileiros de baixa escolaridade, um grupo muitas vezes ausente em pesquisas internacionais, mas essencial para validar a efic\u00e1cia do teste em popula\u00e7\u00f5es diversas.<\/p>\n<\/blockquote>\n<p>Segundo o estudo, a simplicidade do exame pode torn\u00e1-lo uma alternativa vi\u00e1vel para ampliar o acesso ao diagn\u00f3stico precoce no Brasil, inclusive em redes p\u00fablicas de sa\u00fade, caso seja aprovado futuramente pela Anvisa.<\/p>\n<p>\u00a0<\/p>\n<p><strong>Pr\u00f3ximos passos da pesquisa<\/strong><\/p>\n<p>O grupo da UFRGS coordena agora a Iniciativa Brasileira de Biomarcadores para Doen\u00e7as Neurodegenerativas (IB-BioNeuro), que pretende testar a tecnologia em 3 mil volunt\u00e1rios de dez cidades do Rio Grande do Sul.<\/p>\n<p>Com investimento de aproximadamente R$ 20 milh\u00f5es, o projeto conta com apoio de institui\u00e7\u00f5es como o Minist\u00e9rio da Ci\u00eancia, Tecnologia e Inova\u00e7\u00e3o (MCTI), a Finep e o Fundo Nacional de Desenvolvimento Cient\u00edfico e Tecnol\u00f3gico (FNDCT).<\/p>\n<blockquote class=\"pullquote align-center\">\n<p>A pesquisa deve durar 24 meses, per\u00edodo necess\u00e1rio para avaliar o desempenho do exame em larga escala e confirmar sua aplicabilidade cl\u00ednica.<\/p>\n<\/blockquote>\n<p>Para Fabiano de Abreu Agrela, um dos respons\u00e1veis pelo desenvolvimento do Relat\u00f3rio Gen\u00e9tico GIP, que avalia atrav\u00e9s da an\u00e1lise dos genes caracter\u00edsticas como longevidade e predisposi\u00e7\u00e3o a doen\u00e7as, como o Alzheimer, esse \u00e9 um momento hist\u00f3rico para a neuroci\u00eancia brasileira.<\/p>\n<p>\u201cEstamos caminhando para uma era em que o c\u00e9rebro poder\u00e1 ser avaliado de forma r\u00e1pida, segura e acess\u00edvel, o que representa um salto na sa\u00fade p\u00fablica e na qualidade de vida da popula\u00e7\u00e3o\u201d, conclui.<\/p>\n","protected":false},"excerpt":{"rendered":"Um novo exame de sangue capaz de detectar o Alzheimer com mais de 90% de precis\u00e3o foi testado&hellip;\n","protected":false},"author":2,"featured_media":127411,"comment_status":"","ping_status":"","sticky":false,"template":"","format":"standard","meta":{"footnotes":""},"categories":[86],"tags":[314,29138,29139,14320,116,1348,32,26596,33,3800,117,4146],"class_list":{"0":"post-127410","1":"post","2":"type-post","3":"status-publish","4":"format-standard","5":"has-post-thumbnail","7":"category-saude","8":"tag-alzheimer","9":"tag-biomarcasdor","10":"tag-diagnosrtico","11":"tag-exame","12":"tag-health","13":"tag-pesquisa","14":"tag-portugal","15":"tag-precoce","16":"tag-pt","17":"tag-rio-grande-do-sul","18":"tag-saude","19":"tag-teste"},"share_on_mastodon":{"url":"https:\/\/pubeurope.com\/@pt\/115442079790377029","error":""},"_links":{"self":[{"href":"https:\/\/www.europesays.com\/pt\/wp-json\/wp\/v2\/posts\/127410","targetHints":{"allow":["GET"]}}],"collection":[{"href":"https:\/\/www.europesays.com\/pt\/wp-json\/wp\/v2\/posts"}],"about":[{"href":"https:\/\/www.europesays.com\/pt\/wp-json\/wp\/v2\/types\/post"}],"author":[{"embeddable":true,"href":"https:\/\/www.europesays.com\/pt\/wp-json\/wp\/v2\/users\/2"}],"replies":[{"embeddable":true,"href":"https:\/\/www.europesays.com\/pt\/wp-json\/wp\/v2\/comments?post=127410"}],"version-history":[{"count":0,"href":"https:\/\/www.europesays.com\/pt\/wp-json\/wp\/v2\/posts\/127410\/revisions"}],"wp:featuredmedia":[{"embeddable":true,"href":"https:\/\/www.europesays.com\/pt\/wp-json\/wp\/v2\/media\/127411"}],"wp:attachment":[{"href":"https:\/\/www.europesays.com\/pt\/wp-json\/wp\/v2\/media?parent=127410"}],"wp:term":[{"taxonomy":"category","embeddable":true,"href":"https:\/\/www.europesays.com\/pt\/wp-json\/wp\/v2\/categories?post=127410"},{"taxonomy":"post_tag","embeddable":true,"href":"https:\/\/www.europesays.com\/pt\/wp-json\/wp\/v2\/tags?post=127410"}],"curies":[{"name":"wp","href":"https:\/\/api.w.org\/{rel}","templated":true}]}}