{"id":127416,"date":"2025-10-26T19:20:08","date_gmt":"2025-10-26T19:20:08","guid":{"rendered":"https:\/\/www.europesays.com\/pt\/127416\/"},"modified":"2025-10-26T19:20:08","modified_gmt":"2025-10-26T19:20:08","slug":"irao-declara-falencia-de-um-dos-maiores-bancos-privados-do-pais","status":"publish","type":"post","link":"https:\/\/www.europesays.com\/pt\/127416\/","title":{"rendered":"Ir\u00e3o declara fal\u00eancia de um dos maiores bancos privados do pa\u00eds"},"content":{"rendered":"<p>        Para al\u00e9m do Banco Ayandeh, outras cinco entidades financeiras tamb\u00e9m est\u00e3o a enfrentar dificuldades: Sarmayeh, Day, Sepah, Iran Zamin e Melal. Analistas apontam a responsabilidade \u00e0s san\u00e7\u00f5es exteriores aplicadas pelos EUA entre outros pa\u00edses.    <\/p>\n<p>O Ir\u00e3o declarou a fal\u00eancia de um dos maiores bancos privados do pa\u00eds, o Banco Ayandeh, devido a perdas acumuladas de 5,2 mil milh\u00f5es de d\u00f3lares e a d\u00edvidas que tocavam os tr\u00eas mil milh\u00f5es de d\u00f3lares.<\/p>\n<p>A informa\u00e7\u00e3o \u00e9 avan\u00e7ada pela ag\u00eancia ISNA e destaca que os ativos de um dos maiores bancos privados do Ir\u00e3o acabaram por ser absorvidos por uma institui\u00e7\u00e3o financeira estatal.<\/p>\n<p data-mrf-recirculation=\"Desktop - Links P\u00e1rrafos \">Hamidreza Ghaniabadi, funcion\u00e1rio do Banco Central iraniano, destacou \u00e0 ag\u00eancia IRNA que as \u201cd\u00edvidas incobr\u00e1veis\u201d provocaram a quebra. \u201cMais de 90 % dos fundos do Banco Ayandeh estava vinculado a entidades ligadas ao pr\u00f3prio banco ou a projetos administrados por esta entidade\u201d, os quais nunca foram reembolsados\u201d, explicou este respons\u00e1vel.<\/p>\n<p data-mrf-recirculation=\"Desktop - Links P\u00e1rrafos \">O Banco Ayandeh, fundado en 2012, esteve na base de projetos de luxo, como o colossal Iran Mall, um complexo comercial em Teer\u00e3o que inclui uma pista de patinagem no gelo e v\u00e1rios cinemas. A entidade contava com uma rede de 270 sucursais em todo o pa\u00eds, 150 destas em Teer\u00e3o, as quais foram absorvidas pelo estatal Banco Meli.<\/p>\n<p data-mrf-recirculation=\"Desktop - Links P\u00e1rrafos \">\u201cA transfer\u00eancia do Banco Ayandeh para o Banco Meli j\u00e1 est\u00e1 conclu\u00edda\u201d, declarou este domingo, \u00e0 televis\u00e3o estatal, o diretor da entidade financeira p\u00fablica, Abolfazl Najarzadeh. O Banco Meli assumiu tamb\u00e9m a responsabilidade, a partir de este s\u00e1bado, das contas dos clientes do agora desaparecido Ayandeh.<\/p>\n<p data-mrf-recirculation=\"Desktop - Links P\u00e1rrafos \">Para al\u00e9m do Banco Ayandeh, outras cinco entidades financeiras tamb\u00e9m est\u00e3o a enfrentar dificuldades: Sarmayeh, Day, Sepah, Iran Zamin e Melal; isto de acordo com a ag\u00eancia Tasnim.<\/p>\n<p data-mrf-recirculation=\"Desktop - Links P\u00e1rrafos \">A banca iraniana foi afetada por san\u00e7\u00f5es norte-americanas que pesam sobre o pa\u00eds desde 2018 sobre o programa nuclear iraniano, ap\u00f3s os EUA terem abandonado o acordo nuclear de 2015, assinado ainda pela Fran\u00e7a, Alemanha, Reino Unido, R\u00fassia e China.<\/p>\n<p data-mrf-recirculation=\"Desktop - Links P\u00e1rrafos \">\u00c0s san\u00e7\u00f5es decretadas pelos EUA juntam-se as seis resolu\u00e7\u00f5es da ONU, aprovadas contra o Ir\u00e3o entre 2006 e 2016 e que voltaram a ser implementadas no final de setembro: a proibi\u00e7\u00e3o do enriquecimento de ur\u00e2nio e as atividades bal\u00edsticas, estabelecem um embargo de armas e o congelamento de ativos e autorizam inspe\u00e7\u00f5es de avi\u00f5es e navios em \u00e1guas internacionais.<\/p>\n","protected":false},"excerpt":{"rendered":"Para al\u00e9m do Banco Ayandeh, outras cinco entidades financeiras tamb\u00e9m est\u00e3o a enfrentar dificuldades: Sarmayeh, Day, Sepah, Iran&hellip;\n","protected":false},"author":2,"featured_media":127417,"comment_status":"","ping_status":"","sticky":false,"template":"","format":"standard","meta":{"footnotes":""},"categories":[83],"tags":[88,89,90,5453,32,33],"class_list":{"0":"post-127416","1":"post","2":"type-post","3":"status-publish","4":"format-standard","5":"has-post-thumbnail","7":"category-empresas","8":"tag-business","9":"tag-economy","10":"tag-empresas","11":"tag-irao","12":"tag-portugal","13":"tag-pt"},"share_on_mastodon":{"url":"https:\/\/pubeurope.com\/@pt\/115442091564679878","error":""},"_links":{"self":[{"href":"https:\/\/www.europesays.com\/pt\/wp-json\/wp\/v2\/posts\/127416","targetHints":{"allow":["GET"]}}],"collection":[{"href":"https:\/\/www.europesays.com\/pt\/wp-json\/wp\/v2\/posts"}],"about":[{"href":"https:\/\/www.europesays.com\/pt\/wp-json\/wp\/v2\/types\/post"}],"author":[{"embeddable":true,"href":"https:\/\/www.europesays.com\/pt\/wp-json\/wp\/v2\/users\/2"}],"replies":[{"embeddable":true,"href":"https:\/\/www.europesays.com\/pt\/wp-json\/wp\/v2\/comments?post=127416"}],"version-history":[{"count":0,"href":"https:\/\/www.europesays.com\/pt\/wp-json\/wp\/v2\/posts\/127416\/revisions"}],"wp:featuredmedia":[{"embeddable":true,"href":"https:\/\/www.europesays.com\/pt\/wp-json\/wp\/v2\/media\/127417"}],"wp:attachment":[{"href":"https:\/\/www.europesays.com\/pt\/wp-json\/wp\/v2\/media?parent=127416"}],"wp:term":[{"taxonomy":"category","embeddable":true,"href":"https:\/\/www.europesays.com\/pt\/wp-json\/wp\/v2\/categories?post=127416"},{"taxonomy":"post_tag","embeddable":true,"href":"https:\/\/www.europesays.com\/pt\/wp-json\/wp\/v2\/tags?post=127416"}],"curies":[{"name":"wp","href":"https:\/\/api.w.org\/{rel}","templated":true}]}}