{"id":127422,"date":"2025-10-26T19:25:16","date_gmt":"2025-10-26T19:25:16","guid":{"rendered":"https:\/\/www.europesays.com\/pt\/127422\/"},"modified":"2025-10-26T19:25:16","modified_gmt":"2025-10-26T19:25:16","slug":"esqueceram-o-picasso-na-portaria-de-um-predio-em-madri","status":"publish","type":"post","link":"https:\/\/www.europesays.com\/pt\/127422\/","title":{"rendered":"Esqueceram o Picasso na portaria de um pr\u00e9dio em Madri"},"content":{"rendered":"<p>                    <a class=\"resumo_title\"><br \/>\n                        <b>Ler o resumo da mat\u00e9ria<\/b><br \/>\n                    <\/a><\/p>\n<p>Ap\u00f3s duas semanas de buscas pela obra &#8220;Naturaleza muerta con guitarra&#8221;, de Picasso, a pol\u00edcia espanhola descobriu que o quadro nunca deixou Madri: foi esquecido na portaria de um pr\u00e9dio, de onde deveria ter seguido para uma exposi\u00e7\u00e3o em Granada.<\/p>\n<p>O erro foi causado por uma falha log\u00edstica e falta de confer\u00eancia na embalagem dos quadros para o transporte. Uma moradora, acreditando ser uma encomenda esquecida, guardou o pacote em casa.<\/p>\n<p>S\u00f3 ap\u00f3s a divulga\u00e7\u00e3o do sumi\u00e7o, ela reconheceu o objeto e fez a devolu\u00e7\u00e3o intacta \u00e0 pol\u00edcia. O caso ganhou destaque pois obras de Picasso s\u00e3o frequentemente alvo de furtos e possuem alto valor no mercado internacional.<\/p>\n<p class=\"small-text\">\n                        * Resumo gerado por intelig\u00eancia artificial e revisado pelos jornalistas do NeoFeed\n                    <\/p>\n<p>Onde est\u00e1 o Picasso?<\/p>\n<p>O caso surgiu como um grande mist\u00e9rio. E, como tal, ganhou as manchetes. Depois de cerca de duas semanas, a pol\u00edcia espanhola anunciou na sexta-feira, 24 de outubro: a obra Naturaleza muerta con guitarra nunca saiu de Madri. Foi, sim, esquecida na entrada de um pr\u00e9dio na avenida Pio XII, de onde deveria ter sido embarcada para uma <a href=\"https:\/\/neofeed.com.br\/finde\/os-quadros-de-la-de-uma-brasileira-simples-e-autodidata-ganham-exposicao-nos-eua\" rel=\"nofollow noopener\" target=\"_blank\">exposi\u00e7\u00e3o<\/a> em Granada.<\/p>\n<p>Ao que tudo indica, n\u00e3o houve crime algum. De perfeito, apenas o descuido \u2014 uma falha terr\u00edvel de log\u00edstica envolvendo uma pintura de \u20ac 600 mil, assinada pelo g\u00eanio cubista.<\/p>\n<p>Pintado em 1919, com 12,7 por 9,8 cent\u00edmetros e pertencente a um colecionador particular, o trabalho em guache e grafite estava programado para integrar a mostra Bodeg\u00f3n \u2014 La eternidad de lo inerte, organizada pela Fundaci\u00f3n CajaGranada.<\/p>\n<p>A exibi\u00e7\u00e3o, por\u00e9m, foi inaugurada em 9 de outubro com apenas 57 das 58 naturezas-mortas dos s\u00e9culos 17 e 20, como previsto no programa do centro cultural. Onde est\u00e1 o Picasso?<\/p>\n<p>O mist\u00e9rio come\u00e7ou em 25 de setembro, quando as obras come\u00e7aram a ser reunidas em Madri e embaladas para a viagem at\u00e9 Granada. Cerca de uma semana depois, elas deixaram a capital. E chegaram ao seu destino em 3 de outubro.<\/p>\n<p>&#8220;Como nem todos os pacotes estavam devidamente numerados, n\u00e3o foi poss\u00edvel realizar uma verifica\u00e7\u00e3o completa sem desembrulh\u00e1-los&#8221;, explicaria o porta-voz da entidade.<\/p>\n<p>Tr\u00eas dias se passaram at\u00e9 que as embalagens fossem abertas e os funcion\u00e1rios da institui\u00e7\u00e3o granadina se dessem conta\u2026 onde est\u00e1 o Picasso?<\/p>\n<p>Mais quatro dias e a Pol\u00edcia Nacional foi notificada do sumi\u00e7o. Imediatamente, a natureza-morta do pintor de M\u00e1laga foi inclu\u00edda na lista de <a href=\"https:\/\/neofeed.com.br\/finde\/de-olho-em-um-mercado-bilionario-a-hurst-amplia-a-operacao-de-investimentos-em-obras-de-arte\" rel=\"nofollow noopener\" target=\"_blank\">obras de arte<\/a> roubadas ou desaparecidas da Interpol \u2014 uma base de dados com a descri\u00e7\u00e3o e imagens de cerca de 57 mil objetos.<\/p>\n<p>A\u00ed foi um tal de avaliar documentos, contar e recontar quadros, ver e rever imagens de c\u00e2mera de seguran\u00e7a \u2014 de Madri a Granada. Na investiga\u00e7\u00e3o, descobriu-se que os dois homens respons\u00e1veis pela carga resolveram pernoitar na cidade de Deifontes, distante de Granada apenas 25 quil\u00f4metros. Uma parada totalmente fora do cronograma.<\/p>\n<p>As autoridades municipais e os policiais vasculharam tudo. Nada de Naturaleza muerta con guitarra. Onde est\u00e1 o Picasso?<\/p>\n<p>O mist\u00e9rio s\u00f3 fazia crescer\u2026 at\u00e9 o post da Pol\u00edcia Nacional no X anunciar: o Picasso fora encontrado.<\/p>\n<p>                            <img decoding=\"async\" src=\"https:\/\/www.europesays.com\/pt\/wp-content\/uploads\/2025\/10\/naturaleza-muerta-con-guitarra-picasso-policia-apresentacao.jpeg\"\/><\/p>\n<p>\n                                Em 24 de outubro, a Pol\u00edcia Nacional da Espanha anunciou o reaparecimento da pintura Naturaleza muerta con guitarra (Foto: Reprodu\u00e7\u00e3o X)\n                            <\/p>\n<p>                            <img decoding=\"async\" src=\"https:\/\/www.europesays.com\/pt\/wp-content\/uploads\/2025\/10\/pablo-picasso1.jpeg\"\/><\/p>\n<p>\n                                Picasso pintou dos 8 aos 91 anos, at\u00e9 morrer em 1973 (Foto: commons.wikimedia.org)\n                            <\/p>\n<p>                            <img decoding=\"async\" src=\"https:\/\/www.europesays.com\/pt\/wp-content\/uploads\/2025\/10\/detalhe-quadro-picasso-tete-de-femme.jpg\"\/><\/p>\n<p>\n                                Detalhe do quadro \u201cT\u00eate de femme\u201d que foi roubado em 2012 e s\u00f3 foi encontrado quase dez anos depois (Foto: commons.wikimedia.org)\n                            <\/p>\n<p>Abandonado no beiral do edif\u00edcio madrilenho, uma moradora achou que o pacote era uma entrega esquecida por um de seus vizinhos e decidiu guard\u00e1-lo em casa.<\/p>\n<p>Quase duas semanas depois, quando a perda da pintura foi tornada p\u00fablica, o marido comentou sobre o sumi\u00e7o e a senhora lembrou da tal \u201cencomenda\u201d. O casal correu para entregar o embrulho para a pol\u00edcia. O inv\u00f3lucro estava intacto, como fora lacrado para ser levado para Granada.<\/p>\n<p>Produzida um ano ap\u00f3s o fim da Primeira Guerra Mundial, a obra pertence a uma fase da arte europeia conhecida como Retorno \u00e0 ordem. Muitos artistas, inclusive os vanguardistas, voltaram a temas cl\u00e1ssicos em resposta ao caos imposto pelos conflitos.<\/p>\n<p>Pablo Picasso tamb\u00e9m revisitou o figurativismo, mas sem abandonar seus princ\u00edpios criativos. Na pintura do viol\u00e3o sobre uma cadeira, o cubismo ainda est\u00e1 l\u00e1 \u2014 suavizado, mas presente.<\/p>\n<p>O preferido dos ladr\u00f5es<\/p>\n<p>O desaparecimento de uma obra do artista espanhol j\u00e1 justificaria qualquer estardalha\u00e7o. O sobressalto, por\u00e9m, foi ainda maior porque h\u00e1 anos Picasso lidera o ranking da plataforma global Art Loss Register, com quase 700 obras roubadas ou desaparecidas.<\/p>\n<p>Um dos furtos mais emblem\u00e1ticos e tamb\u00e9m o de maior valor aconteceu na noite de 9 de janeiro de 2012, na Galeria Nacional de Atenas.<\/p>\n<p>Valendo-se da precariedade dos sistemas de vigil\u00e2ncia do museu, o ladr\u00e3o disparou um alarme, for\u00e7ando o \u00fanico seguran\u00e7a do lugar a ir para outro lado do pr\u00e9dio.<\/p>\n<p>Em apenas sete minutos, ele levou embora a tela T\u00eate de Femme, de 1949 \u2014 um presente de Picasso em reconhecimento \u00e0 resist\u00eancia do povo grego \u00e0 ocupa\u00e7\u00e3o nazista do pa\u00eds, entre 1940 e 1944.<\/p>\n<p>Avaliada hoje em \u20ac 26,2 milh\u00f5es, a pintura s\u00f3 seria encontrada em 2021, escondida em uma moita na zona rural de Keratea, a 45 quil\u00f4metros da capital da Gr\u00e9cia.<\/p>\n<p>Mas o que torna Picasso t\u00e3o atraente para o submundo da arte?<\/p>\n<p>Em primeiro lugar, sua produ\u00e7\u00e3o prol\u00edfica. Ele come\u00e7ou a pintar em 1889, aos 8 anos, e s\u00f3 parou em 1973, ao morrer, com 91 anos. Foram cerca de 13,5 mil obras, entre pinturas, desenhos, gravuras, cer\u00e2micas, esculturas, cen\u00e1rios e figurinos para teatro, conforme a Fundaci\u00f3n Picasso.<\/p>\n<p>Tamb\u00e9m pesam as cifras astron\u00f4micas atingidas por seus trabalhos, entre os mais valiosos do mundo. Sua obra mais cara, Les Femmes d\u2019Alger (Vers\u00e3o \u2018O\u2019), de 1955, por exemplo, foi arrematada em 2015 por US$ 179,4 milh\u00f5es, em leil\u00e3o realizado pela Christie\u2019s, em Nova York.<\/p>\n<p>Para escalar ainda mais o susto com a perda da pintura, de 70% a 80% das obras roubadas jamais s\u00e3o encontradas, apontam relat\u00f3rios da Unesco, Interpol e Art Loss Register.<\/p>\n<p>O com\u00e9rcio ilegal de arte \u00e9 o tercerio mais lucrativo, atr\u00e1s apenas do tr\u00e1fico de drogas e de armas. Um crime que movimenta globalmente de US$ 6 bilh\u00f5es a US$ 10 bilh\u00f5es por ano.<\/p>\n<p>Gra\u00e7as \u00e0 senhora da avenida Pio XII, em Madri, o pequeno Naturaleza muerta con guitarra est\u00e1 seguro em casa \u2014 uma hist\u00f3ria que come\u00e7ou como um enigma internacional e terminou como uma cr\u00f4nica de bairro. No fim, o Picasso nunca saiu de onde sempre esteve.<\/p>\n","protected":false},"excerpt":{"rendered":"Ler o resumo da mat\u00e9ria Ap\u00f3s duas semanas de buscas pela obra &#8220;Naturaleza muerta con guitarra&#8221;, de Picasso,&hellip;\n","protected":false},"author":2,"featured_media":127423,"comment_status":"","ping_status":"","sticky":false,"template":"","format":"standard","meta":{"footnotes":""},"categories":[144],"tags":[207,205,206,203,201,202,204,114,115,29141,26685,32,33],"class_list":{"0":"post-127422","1":"post","2":"type-post","3":"status-publish","4":"format-standard","5":"has-post-thumbnail","7":"category-arte-e-design","8":"tag-arte","9":"tag-arte-e-design","10":"tag-artedesign","11":"tag-arts","12":"tag-arts-and-design","13":"tag-artsanddesign","14":"tag-design","15":"tag-entertainment","16":"tag-entretenimento","17":"tag-naturaleza-muerta-con-guitarra","18":"tag-pablo-picasso","19":"tag-portugal","20":"tag-pt"},"share_on_mastodon":{"url":"https:\/\/pubeurope.com\/@pt\/115442111250111061","error":""},"_links":{"self":[{"href":"https:\/\/www.europesays.com\/pt\/wp-json\/wp\/v2\/posts\/127422","targetHints":{"allow":["GET"]}}],"collection":[{"href":"https:\/\/www.europesays.com\/pt\/wp-json\/wp\/v2\/posts"}],"about":[{"href":"https:\/\/www.europesays.com\/pt\/wp-json\/wp\/v2\/types\/post"}],"author":[{"embeddable":true,"href":"https:\/\/www.europesays.com\/pt\/wp-json\/wp\/v2\/users\/2"}],"replies":[{"embeddable":true,"href":"https:\/\/www.europesays.com\/pt\/wp-json\/wp\/v2\/comments?post=127422"}],"version-history":[{"count":0,"href":"https:\/\/www.europesays.com\/pt\/wp-json\/wp\/v2\/posts\/127422\/revisions"}],"wp:featuredmedia":[{"embeddable":true,"href":"https:\/\/www.europesays.com\/pt\/wp-json\/wp\/v2\/media\/127423"}],"wp:attachment":[{"href":"https:\/\/www.europesays.com\/pt\/wp-json\/wp\/v2\/media?parent=127422"}],"wp:term":[{"taxonomy":"category","embeddable":true,"href":"https:\/\/www.europesays.com\/pt\/wp-json\/wp\/v2\/categories?post=127422"},{"taxonomy":"post_tag","embeddable":true,"href":"https:\/\/www.europesays.com\/pt\/wp-json\/wp\/v2\/tags?post=127422"}],"curies":[{"name":"wp","href":"https:\/\/api.w.org\/{rel}","templated":true}]}}