{"id":127424,"date":"2025-10-26T19:27:09","date_gmt":"2025-10-26T19:27:09","guid":{"rendered":"https:\/\/www.europesays.com\/pt\/127424\/"},"modified":"2025-10-26T19:27:09","modified_gmt":"2025-10-26T19:27:09","slug":"grupo-de-dylan-fala-da-aparencia-e-intervencoes-esteticas-de-mariana-pelas-costas-ela-e-louca-secret-story","status":"publish","type":"post","link":"https:\/\/www.europesays.com\/pt\/127424\/","title":{"rendered":"Grupo de Dylan fala da apar\u00eancia e interven\u00e7\u00f5es est\u00e9ticas de Mariana pelas costas: \u00abEla \u00e9 louca\u00bb &#8211; Secret Story"},"content":{"rendered":"<p>O tema da apar\u00eancia f\u00edsica de Mariana voltou a gerar discuss\u00e3o na casa do Secret Story. No alpendre, os concorrentes falavam sobre exerc\u00edcio f\u00edsico e h\u00e1bitos de gin\u00e1sio quando Dylan revelou que a a\u00e7oreana j\u00e1 pensa em fazer outra cirurgia est\u00e9tica. A conversa rapidamente ganhou for\u00e7a entre os colegas.<\/p>\n<p>Raquel comentou que o rosto de Mariana est\u00e1 \u201cmais gordinho\u201d, enquanto Bruna aproveitou para deixar uma opini\u00e3o mais cr\u00edtica: afirmou que n\u00e3o vale a pena recorrer a opera\u00e7\u00f5es est\u00e9ticas quando a pessoa mant\u00e9m maus h\u00e1bitos alimentares. Dylan acrescentou ainda que Mariana entrou na casa apenas dois meses depois de uma interven\u00e7\u00e3o e que, apesar das recomenda\u00e7\u00f5es m\u00e9dicas, nunca usa meias de descanso, algo que deveria fazer durante todo o dia.<\/p>\n<p>Raquel especulou que o facto de Mariana andar frequentemente maldisposta pode estar relacionado com essa recupera\u00e7\u00e3o e foi mais longe, admitindo que acredita que a colega possa sofrer de um dist\u00farbio alimentar. As observa\u00e7\u00f5es deixaram o grupo pensativo e voltaram a colocar Mariana no centro das aten\u00e7\u00f5es dentro da casa.<br \/>\u00a0<\/p>\n","protected":false},"excerpt":{"rendered":"O tema da apar\u00eancia f\u00edsica de Mariana voltou a gerar discuss\u00e3o na casa do Secret Story. No alpendre,&hellip;\n","protected":false},"author":2,"featured_media":127425,"comment_status":"","ping_status":"","sticky":false,"template":"","format":"standard","meta":{"footnotes":""},"categories":[142],"tags":[19105,114,115,19033,884,19034,32,33,151,19032],"class_list":{"0":"post-127424","1":"post","2":"type-post","3":"status-publish","4":"format-standard","5":"has-post-thumbnail","7":"category-tv","8":"tag-dylan","9":"tag-entertainment","10":"tag-entretenimento","11":"tag-galas-em-video","12":"tag-mariana","13":"tag-melhores-momentos-casa-dos-segredos","14":"tag-portugal","15":"tag-pt","16":"tag-tv","17":"tag-videos-secret-story-tvi"},"share_on_mastodon":{"url":"https:\/\/pubeurope.com\/@pt\/115442119029890612","error":""},"_links":{"self":[{"href":"https:\/\/www.europesays.com\/pt\/wp-json\/wp\/v2\/posts\/127424","targetHints":{"allow":["GET"]}}],"collection":[{"href":"https:\/\/www.europesays.com\/pt\/wp-json\/wp\/v2\/posts"}],"about":[{"href":"https:\/\/www.europesays.com\/pt\/wp-json\/wp\/v2\/types\/post"}],"author":[{"embeddable":true,"href":"https:\/\/www.europesays.com\/pt\/wp-json\/wp\/v2\/users\/2"}],"replies":[{"embeddable":true,"href":"https:\/\/www.europesays.com\/pt\/wp-json\/wp\/v2\/comments?post=127424"}],"version-history":[{"count":0,"href":"https:\/\/www.europesays.com\/pt\/wp-json\/wp\/v2\/posts\/127424\/revisions"}],"wp:featuredmedia":[{"embeddable":true,"href":"https:\/\/www.europesays.com\/pt\/wp-json\/wp\/v2\/media\/127425"}],"wp:attachment":[{"href":"https:\/\/www.europesays.com\/pt\/wp-json\/wp\/v2\/media?parent=127424"}],"wp:term":[{"taxonomy":"category","embeddable":true,"href":"https:\/\/www.europesays.com\/pt\/wp-json\/wp\/v2\/categories?post=127424"},{"taxonomy":"post_tag","embeddable":true,"href":"https:\/\/www.europesays.com\/pt\/wp-json\/wp\/v2\/tags?post=127424"}],"curies":[{"name":"wp","href":"https:\/\/api.w.org\/{rel}","templated":true}]}}