{"id":127436,"date":"2025-10-26T19:37:26","date_gmt":"2025-10-26T19:37:26","guid":{"rendered":"https:\/\/www.europesays.com\/pt\/127436\/"},"modified":"2025-10-26T19:37:26","modified_gmt":"2025-10-26T19:37:26","slug":"jovem-de-19-anos-acusado-de-violar-e-tentar-incriminar-ex-namorada","status":"publish","type":"post","link":"https:\/\/www.europesays.com\/pt\/127436\/","title":{"rendered":"Jovem de 19 anos acusado de violar e tentar incriminar ex-namorada"},"content":{"rendered":"<p data-remotead-prev-elm=\"true\" data-remotead-elm-id=\"inread\">Carlos C. estava institucionalizado numa casa de acolhimento residencial, destinada a recuperar toxicodependentes, localizada num concelho pr\u00f3ximo, local onde a v\u00edtima de 27 anos trabalhava. De acordo com o despacho de acusa\u00e7\u00e3o a que o JN teve acesso, entre setembro de 2023 e janeiro do corrente ano, os dois mantiveram uma rela\u00e7\u00e3o amorosa, sempre marcada por atitudes violentas do arguido. Face \u00e0 agressividade do jovem e quando este j\u00e1 residia perto de Lousada, a mulher terminou o namoro, mas o car\u00e1cter violento do indiv\u00edduo n\u00e3o mudou e continuou a amea\u00e7ar a v\u00edtima, inclusivamente que a matava.<\/p>\n","protected":false},"excerpt":{"rendered":"Carlos C. estava institucionalizado numa casa de acolhimento residencial, destinada a recuperar toxicodependentes, localizada num concelho pr\u00f3ximo, local&hellip;\n","protected":false},"author":2,"featured_media":127437,"comment_status":"","ping_status":"","sticky":false,"template":"","format":"standard","meta":{"footnotes":""},"categories":[10],"tags":[4266,27,28,15,16,14,603,25,26,21,22,12,13,19,20,32,23,24,33,17,18,29,30,31,8102],"class_list":{"0":"post-127436","1":"post","2":"type-post","3":"status-publish","4":"format-standard","5":"has-post-thumbnail","7":"category-portugal","8":"tag-almodovar","9":"tag-breaking-news","10":"tag-breakingnews","11":"tag-featured-news","12":"tag-featurednews","13":"tag-headlines","14":"tag-justica","15":"tag-latest-news","16":"tag-latestnews","17":"tag-main-news","18":"tag-mainnews","19":"tag-news","20":"tag-noticias","21":"tag-noticias-principais","22":"tag-noticiasprincipais","23":"tag-portugal","24":"tag-principais-noticias","25":"tag-principaisnoticias","26":"tag-pt","27":"tag-top-stories","28":"tag-topstories","29":"tag-ultimas","30":"tag-ultimas-noticias","31":"tag-ultimasnoticias","32":"tag-violacao"},"share_on_mastodon":{"url":"https:\/\/pubeurope.com\/@pt\/115442158330452314","error":""},"_links":{"self":[{"href":"https:\/\/www.europesays.com\/pt\/wp-json\/wp\/v2\/posts\/127436","targetHints":{"allow":["GET"]}}],"collection":[{"href":"https:\/\/www.europesays.com\/pt\/wp-json\/wp\/v2\/posts"}],"about":[{"href":"https:\/\/www.europesays.com\/pt\/wp-json\/wp\/v2\/types\/post"}],"author":[{"embeddable":true,"href":"https:\/\/www.europesays.com\/pt\/wp-json\/wp\/v2\/users\/2"}],"replies":[{"embeddable":true,"href":"https:\/\/www.europesays.com\/pt\/wp-json\/wp\/v2\/comments?post=127436"}],"version-history":[{"count":0,"href":"https:\/\/www.europesays.com\/pt\/wp-json\/wp\/v2\/posts\/127436\/revisions"}],"wp:featuredmedia":[{"embeddable":true,"href":"https:\/\/www.europesays.com\/pt\/wp-json\/wp\/v2\/media\/127437"}],"wp:attachment":[{"href":"https:\/\/www.europesays.com\/pt\/wp-json\/wp\/v2\/media?parent=127436"}],"wp:term":[{"taxonomy":"category","embeddable":true,"href":"https:\/\/www.europesays.com\/pt\/wp-json\/wp\/v2\/categories?post=127436"},{"taxonomy":"post_tag","embeddable":true,"href":"https:\/\/www.europesays.com\/pt\/wp-json\/wp\/v2\/tags?post=127436"}],"curies":[{"name":"wp","href":"https:\/\/api.w.org\/{rel}","templated":true}]}}