{"id":127440,"date":"2025-10-26T19:40:18","date_gmt":"2025-10-26T19:40:18","guid":{"rendered":"https:\/\/www.europesays.com\/pt\/127440\/"},"modified":"2025-10-26T19:40:18","modified_gmt":"2025-10-26T19:40:18","slug":"parte-de-joias-do-louvre-transferida-para-banco-de-franca-observador","status":"publish","type":"post","link":"https:\/\/www.europesays.com\/pt\/127440\/","title":{"rendered":"Parte de joias do Louvre transferida para Banco de Fran\u00e7a \u2013 Observador"},"content":{"rendered":"<p>Parte da cole\u00e7\u00e3o de joias do Museu do Louvre foi transferida \u00a0para o Banco de Fran\u00e7a ap\u00f3s o roubo de oito pe\u00e7as com um valor estimado em 88 milh\u00f5es de euros, noticiou a EFE.<\/p>\n<p>A decis\u00e3o de transferir as pe\u00e7as para o Banco de Fran\u00e7a visa proteger as joias, aplicando uma seguran\u00e7a refor\u00e7ada, segundo o canal de not\u00edcias franc\u00eas BFMTV.<\/p>\n<p>De acordo com a mesma fonte, ainda n\u00e3o se sabe quando as joias podem regressar ao museu.<\/p>\n<p>Na quinta-feira, a procuradora da Rep\u00fablica de Paris, Laure Beccuau, disse que espera que os quatro assaltantes sejam identificados e detidos o mais r\u00e1pido poss\u00edvel.<\/p>\n<p>No domingo, o grupo criminoso levou apenas alguns minutos para entrar na Galeria de Apolo num elevador de mercadorias, partir rapidamente duas das tr\u00eas vitrinas, instaladas no final de 2019 para guardar as joias, e fugir com as pe\u00e7as.<\/p>\n<p>                    <strong>Tem um minuto?<\/strong><br \/>O Observador est\u00e1 a realizar junto dos seus leitores um curto estudo de apenas quatro perguntas. <a href=\"https:\/\/observador.typeform.com\/to\/DnJJ0FZQ\" target=\"_blank\" style=\"text-decoration: underline; color:#262626;\" rel=\"nofollow noopener\">Responda aqui<\/a>.<\/p>\n","protected":false},"excerpt":{"rendered":"Parte da cole\u00e7\u00e3o de joias do Museu do Louvre foi transferida \u00a0para o Banco de Fran\u00e7a ap\u00f3s o&hellip;\n","protected":false},"author":2,"featured_media":127441,"comment_status":"","ping_status":"","sticky":false,"template":"","format":"standard","meta":{"footnotes":""},"categories":[144],"tags":[207,205,206,203,201,202,315,204,114,115,445,2104,62,17544,32,33],"class_list":{"0":"post-127440","1":"post","2":"type-post","3":"status-publish","4":"format-standard","5":"has-post-thumbnail","7":"category-arte-e-design","8":"tag-arte","9":"tag-arte-e-design","10":"tag-artedesign","11":"tag-arts","12":"tag-arts-and-design","13":"tag-artsanddesign","14":"tag-cultura","15":"tag-design","16":"tag-entertainment","17":"tag-entretenimento","18":"tag-europa","19":"tag-franu00e7a","20":"tag-mundo","21":"tag-museus","22":"tag-portugal","23":"tag-pt"},"share_on_mastodon":{"url":"https:\/\/pubeurope.com\/@pt\/115442170152875213","error":""},"_links":{"self":[{"href":"https:\/\/www.europesays.com\/pt\/wp-json\/wp\/v2\/posts\/127440","targetHints":{"allow":["GET"]}}],"collection":[{"href":"https:\/\/www.europesays.com\/pt\/wp-json\/wp\/v2\/posts"}],"about":[{"href":"https:\/\/www.europesays.com\/pt\/wp-json\/wp\/v2\/types\/post"}],"author":[{"embeddable":true,"href":"https:\/\/www.europesays.com\/pt\/wp-json\/wp\/v2\/users\/2"}],"replies":[{"embeddable":true,"href":"https:\/\/www.europesays.com\/pt\/wp-json\/wp\/v2\/comments?post=127440"}],"version-history":[{"count":0,"href":"https:\/\/www.europesays.com\/pt\/wp-json\/wp\/v2\/posts\/127440\/revisions"}],"wp:featuredmedia":[{"embeddable":true,"href":"https:\/\/www.europesays.com\/pt\/wp-json\/wp\/v2\/media\/127441"}],"wp:attachment":[{"href":"https:\/\/www.europesays.com\/pt\/wp-json\/wp\/v2\/media?parent=127440"}],"wp:term":[{"taxonomy":"category","embeddable":true,"href":"https:\/\/www.europesays.com\/pt\/wp-json\/wp\/v2\/categories?post=127440"},{"taxonomy":"post_tag","embeddable":true,"href":"https:\/\/www.europesays.com\/pt\/wp-json\/wp\/v2\/tags?post=127440"}],"curies":[{"name":"wp","href":"https:\/\/api.w.org\/{rel}","templated":true}]}}