{"id":127454,"date":"2025-10-26T19:50:08","date_gmt":"2025-10-26T19:50:08","guid":{"rendered":"https:\/\/www.europesays.com\/pt\/127454\/"},"modified":"2025-10-26T19:50:08","modified_gmt":"2025-10-26T19:50:08","slug":"navio-com-destino-a-vigo-tinha-65-toneladas-de-cocaina","status":"publish","type":"post","link":"https:\/\/www.europesays.com\/pt\/127454\/","title":{"rendered":"Navio com destino a Vigo tinha 6,5 toneladas de coca\u00edna"},"content":{"rendered":"<p data-remotead-prev-elm=\"true\" data-remotead-elm-id=\"inread\">Em comunicado, a pol\u00edcia adianta que a opera\u00e7\u00e3o foi levada a cabo por unidades especiais da institui\u00e7\u00e3o, que intercetaram o barco de bandeira tanzaniana a aproximadamente mil quil\u00f3metros das Can\u00e1rias, um arquip\u00e9lago localizado na costa noroeste de \u00c1frica. Tinha como destino a cidade galega de Vigo.<\/p>\n<p>&#8220;Uma vez a bordo, os nove tripulantes foram localizados e detidos&#8221;, indica, acrescentando que as 6,5 toneladas de coca\u00edna foram encontradas &#8220;nos por\u00f5es&#8221; do navio, que tinha partido do Panam\u00e1 com destino ao porto de Vigo, no noroeste de Espanha.<\/p>\n<p data-remotead-prev-elm=\"true\" data-remotead-elm-id=\"centro1\">A ag\u00eancia federal norte-americana respons\u00e1vel pelo combate ao narcotr\u00e1fico, DEA, forneceu antecipadamente informa\u00e7\u00f5es importantes que permitiram o sucesso da opera\u00e7\u00e3o, segundo o comunicado.<\/p>\n<p>A pol\u00edcia espanhola anuncia regularmente a apreens\u00e3o de grandes quantidades de droga.<\/p>\n<p>Em outubro de 2024, descobriu 13 toneladas de coca\u00edna no porto de Algeciras, na Andaluzia (sul de Espanha), escondidas num contentor entre bananas. A apreens\u00e3o foi descrita pelas autoridades como &#8220;a maior (&#8230;) da hist\u00f3ria do tr\u00e1fico de droga&#8221; no pa\u00eds.<\/p>\n<p>As liga\u00e7\u00f5es de Espanha com a Am\u00e9rica Latina, onde a droga \u00e9 produzida, bem como a sua localiza\u00e7\u00e3o geogr\u00e1fica, fazem com que seja considerada uma das principais portas de entrada da coca\u00edna na Europa.<\/p>\n","protected":false},"excerpt":{"rendered":"Em comunicado, a pol\u00edcia adianta que a opera\u00e7\u00e3o foi levada a cabo por unidades especiais da institui\u00e7\u00e3o, que&hellip;\n","protected":false},"author":2,"featured_media":127455,"comment_status":"","ping_status":"","sticky":false,"template":"","format":"standard","meta":{"footnotes":""},"categories":[50],"tags":[27,28,19764,15,16,14,25,26,21,22,62,12,13,19,20,29145,23,24,17,18,29,30,31,63,64,65],"class_list":{"0":"post-127454","1":"post","2":"type-post","3":"status-publish","4":"format-standard","5":"has-post-thumbnail","7":"category-mundo","8":"tag-breaking-news","9":"tag-breakingnews","10":"tag-cocaina","11":"tag-featured-news","12":"tag-featurednews","13":"tag-headlines","14":"tag-latest-news","15":"tag-latestnews","16":"tag-main-news","17":"tag-mainnews","18":"tag-mundo","19":"tag-news","20":"tag-noticias","21":"tag-noticias-principais","22":"tag-noticiasprincipais","23":"tag-policia-nacional-de-espanha","24":"tag-principais-noticias","25":"tag-principaisnoticias","26":"tag-top-stories","27":"tag-topstories","28":"tag-ultimas","29":"tag-ultimas-noticias","30":"tag-ultimasnoticias","31":"tag-world","32":"tag-world-news","33":"tag-worldnews"},"share_on_mastodon":{"url":"https:\/\/pubeurope.com\/@pt\/115442209567139901","error":""},"_links":{"self":[{"href":"https:\/\/www.europesays.com\/pt\/wp-json\/wp\/v2\/posts\/127454","targetHints":{"allow":["GET"]}}],"collection":[{"href":"https:\/\/www.europesays.com\/pt\/wp-json\/wp\/v2\/posts"}],"about":[{"href":"https:\/\/www.europesays.com\/pt\/wp-json\/wp\/v2\/types\/post"}],"author":[{"embeddable":true,"href":"https:\/\/www.europesays.com\/pt\/wp-json\/wp\/v2\/users\/2"}],"replies":[{"embeddable":true,"href":"https:\/\/www.europesays.com\/pt\/wp-json\/wp\/v2\/comments?post=127454"}],"version-history":[{"count":0,"href":"https:\/\/www.europesays.com\/pt\/wp-json\/wp\/v2\/posts\/127454\/revisions"}],"wp:featuredmedia":[{"embeddable":true,"href":"https:\/\/www.europesays.com\/pt\/wp-json\/wp\/v2\/media\/127455"}],"wp:attachment":[{"href":"https:\/\/www.europesays.com\/pt\/wp-json\/wp\/v2\/media?parent=127454"}],"wp:term":[{"taxonomy":"category","embeddable":true,"href":"https:\/\/www.europesays.com\/pt\/wp-json\/wp\/v2\/categories?post=127454"},{"taxonomy":"post_tag","embeddable":true,"href":"https:\/\/www.europesays.com\/pt\/wp-json\/wp\/v2\/tags?post=127454"}],"curies":[{"name":"wp","href":"https:\/\/api.w.org\/{rel}","templated":true}]}}