{"id":127460,"date":"2025-10-26T19:54:13","date_gmt":"2025-10-26T19:54:13","guid":{"rendered":"https:\/\/www.europesays.com\/pt\/127460\/"},"modified":"2025-10-26T19:54:13","modified_gmt":"2025-10-26T19:54:13","slug":"museu-do-louvre-transfere-secretamente-parte-da-colecao-de-joias-para-o-cofre-subterraneo-do-banco-de-franca","status":"publish","type":"post","link":"https:\/\/www.europesays.com\/pt\/127460\/","title":{"rendered":"Museu do Louvre transfere secretamente parte da cole\u00e7\u00e3o de joias para o cofre subterr\u00e2neo do Banco de Fran\u00e7a"},"content":{"rendered":"<p>O Louvre transferiu parte da sua cole\u00e7\u00e3o de joias para os cofres do Banco de Fran\u00e7a na sexta-feira, por precau\u00e7\u00e3o, informou a rede de r\u00e1dio francesa RTL.<\/p>\n<p>As pe\u00e7as, que alegadamente inclu\u00edam as &#8220;J\u00f3ias da Coroa&#8221; expostas na Galeria Apolo, bem como outras joias de outras \u00e1reas do museu, foram transferidas discretamente sob escolta policial, acrescentou a rede de r\u00e1dio.<\/p>\n<p>O cofre do banco, situado 27 metros abaixo da sua sede no cora\u00e7\u00e3o de Paris, alberga 90% das reservas de ouro de Fran\u00e7a.<\/p>\n<p>Na semana passada, v\u00e1rios ladr\u00f5es invadiram o museu mundialmente famoso em plena luz do dia. Utilizaram um elevador de cestos para aceder a uma varanda que d\u00e1 para a Galeria Apolo, for\u00e7aram uma janela e partiram vitrinas para roubar as joias, antes de fugirem em ve\u00edculos de duas rodas. O roubo durou entre seis e sete minutos.<\/p>\n<p>Um procurador de Paris calcula que as joias roubadas do Louvre na semana passada valiam 88 milh\u00f5es de euros, mas esta estimativa monet\u00e1ria n\u00e3o inclui o seu valor hist\u00f3rico para a Fran\u00e7a.<\/p>\n<p>O roubo provocou a indigna\u00e7\u00e3o da opini\u00e3o p\u00fablica e foi criticado como uma &#8220;humilha\u00e7\u00e3o nacional&#8221; por v\u00e1rios deputados franceses. Tamb\u00e9m levantou quest\u00f5es sobre a seguran\u00e7a dos museus, para as quais os funcion\u00e1rios do Louvre tinham anteriormente alertado para a falta de investimento.<\/p>\n<p>No entanto, nos \u00faltimos anos, a Europa tem assistido a um aumento not\u00e1vel de assaltos a museus. S\u00f3 em Fran\u00e7a, pelo menos quatro museus foram assaltados nos \u00faltimos meses.<\/p>\n","protected":false},"excerpt":{"rendered":"O Louvre transferiu parte da sua cole\u00e7\u00e3o de joias para os cofres do Banco de Fran\u00e7a na sexta-feira,&hellip;\n","protected":false},"author":2,"featured_media":127461,"comment_status":"","ping_status":"","sticky":false,"template":"","format":"standard","meta":{"footnotes":""},"categories":[144],"tags":[207,205,206,203,201,202,204,114,115,208,209,12926,32,33],"class_list":{"0":"post-127460","1":"post","2":"type-post","3":"status-publish","4":"format-standard","5":"has-post-thumbnail","7":"category-arte-e-design","8":"tag-arte","9":"tag-arte-e-design","10":"tag-artedesign","11":"tag-arts","12":"tag-arts-and-design","13":"tag-artsanddesign","14":"tag-design","15":"tag-entertainment","16":"tag-entretenimento","17":"tag-franca","18":"tag-museu","19":"tag-museu-do-louvre","20":"tag-portugal","21":"tag-pt"},"share_on_mastodon":{"url":"https:\/\/pubeurope.com\/@pt\/115442225191351242","error":""},"_links":{"self":[{"href":"https:\/\/www.europesays.com\/pt\/wp-json\/wp\/v2\/posts\/127460","targetHints":{"allow":["GET"]}}],"collection":[{"href":"https:\/\/www.europesays.com\/pt\/wp-json\/wp\/v2\/posts"}],"about":[{"href":"https:\/\/www.europesays.com\/pt\/wp-json\/wp\/v2\/types\/post"}],"author":[{"embeddable":true,"href":"https:\/\/www.europesays.com\/pt\/wp-json\/wp\/v2\/users\/2"}],"replies":[{"embeddable":true,"href":"https:\/\/www.europesays.com\/pt\/wp-json\/wp\/v2\/comments?post=127460"}],"version-history":[{"count":0,"href":"https:\/\/www.europesays.com\/pt\/wp-json\/wp\/v2\/posts\/127460\/revisions"}],"wp:featuredmedia":[{"embeddable":true,"href":"https:\/\/www.europesays.com\/pt\/wp-json\/wp\/v2\/media\/127461"}],"wp:attachment":[{"href":"https:\/\/www.europesays.com\/pt\/wp-json\/wp\/v2\/media?parent=127460"}],"wp:term":[{"taxonomy":"category","embeddable":true,"href":"https:\/\/www.europesays.com\/pt\/wp-json\/wp\/v2\/categories?post=127460"},{"taxonomy":"post_tag","embeddable":true,"href":"https:\/\/www.europesays.com\/pt\/wp-json\/wp\/v2\/tags?post=127460"}],"curies":[{"name":"wp","href":"https:\/\/api.w.org\/{rel}","templated":true}]}}