{"id":127464,"date":"2025-10-26T19:59:08","date_gmt":"2025-10-26T19:59:08","guid":{"rendered":"https:\/\/www.europesays.com\/pt\/127464\/"},"modified":"2025-10-26T19:59:08","modified_gmt":"2025-10-26T19:59:08","slug":"videos-a-birra-feia-de-vinicius-e-a-provocacao-de-carvajal-a-lamine-yamal","status":"publish","type":"post","link":"https:\/\/www.europesays.com\/pt\/127464\/","title":{"rendered":"V\u00cdDEOS: a \u00abbirra\u00bb feia de Vinicius e a provoca\u00e7\u00e3o de Carvajal a Lamine Yamal"},"content":{"rendered":"<p>O quentinho duelo entre o Real Madrid teve dois momentos marcantes j\u00e1 perto do final do jogo que os <a href=\"https:\/\/maisfutebol.iol.pt\/el-classico\/internacional\/videos-real-bate-barca-em-jogo-repleto-de-casos-e-cava-fosso-de-cinco-pontos\" rel=\"nofollow noopener\" target=\"_blank\">merengues acabaram por vencer por 2-1<\/a>. Um primeiro marcado pela rea\u00e7\u00e3o de Vinicius no momento em que foi substitu\u00eddo e um segundo, j\u00e1 depois do apito final, quando Carvajal dirigiu um gesto a Lamine Yamal que ditou uma enorme confus\u00e3o sobre o relvado.<\/p>\n<p>O primeiro momento ficou registado ao minuto 72 quando foi levantada a placa a indicar que Vinicius ia sair para a entrada do compatriota Rodrygo. Mal viu o n\u00famero da placa, o internacional brasileiro abriu os bra\u00e7os, deixando desde logo em evid\u00eancia a desilus\u00e3o face \u00e0 decis\u00e3o de Xabi Alonso, mas depois fez pior.<\/p>\n<p>O pol\u00e9mico avan\u00e7ado brasileiro saiu do campo a esbracejar e a contestar a substitui\u00e7\u00e3o com palavras dirigidas para o banco. Ainda cumprimentou Rodrygo, \u00e0 sa\u00edda, mas depois foi diretamente para os balne\u00e1rios. Uma atitude que promete dar que falar ao longo da pr\u00f3xima semana.<\/p>\n<p>Os \u00e2nimos voltaram a aquecer j\u00e1 depois do apito final quando Carvajal se dirigiu a Lamine Yamal a fazer um gesto com as m\u00e3os, a recordar as <a href=\"https:\/\/maisfutebol.iol.pt\/el-classico\/internacional\/yamal-incendeia-o-el-classico-roubam-estao-sempre-a-queixar-se\" rel=\"nofollow noopener\" target=\"_blank\">palavras do avan\u00e7ado espanhol antes do jogo<\/a>. Uma atitude que levou os jogadores do Bar\u00e7a a cerrarem fileiras na defesa do jovem avan\u00e7ado, gerando-se um enorme sururu em campo como pode ver no v\u00eddeo abaixo.<\/p>\n","protected":false},"excerpt":{"rendered":"O quentinho duelo entre o Real Madrid teve dois momentos marcantes j\u00e1 perto do final do jogo que&hellip;\n","protected":false},"author":2,"featured_media":127465,"comment_status":"","ping_status":"","sticky":false,"template":"","format":"standard","meta":{"footnotes":""},"categories":[87],"tags":[1235,135,29146,640,82,7912,46,32,33,47,2007,134,15529],"class_list":{"0":"post-127464","1":"post","2":"type-post","3":"status-publish","4":"format-standard","5":"has-post-thumbnail","7":"category-desporto","8":"tag-barcelona","9":"tag-desporto","10":"tag-el-classico","11":"tag-espanha","12":"tag-internacional","13":"tag-lamine-yamal","14":"tag-maisfutebol","15":"tag-portugal","16":"tag-pt","17":"tag-pura-paixao","18":"tag-real-madrid","19":"tag-sports","20":"tag-vinicius-junior"},"share_on_mastodon":{"url":"https:\/\/pubeurope.com\/@pt\/115442245068493273","error":""},"_links":{"self":[{"href":"https:\/\/www.europesays.com\/pt\/wp-json\/wp\/v2\/posts\/127464","targetHints":{"allow":["GET"]}}],"collection":[{"href":"https:\/\/www.europesays.com\/pt\/wp-json\/wp\/v2\/posts"}],"about":[{"href":"https:\/\/www.europesays.com\/pt\/wp-json\/wp\/v2\/types\/post"}],"author":[{"embeddable":true,"href":"https:\/\/www.europesays.com\/pt\/wp-json\/wp\/v2\/users\/2"}],"replies":[{"embeddable":true,"href":"https:\/\/www.europesays.com\/pt\/wp-json\/wp\/v2\/comments?post=127464"}],"version-history":[{"count":0,"href":"https:\/\/www.europesays.com\/pt\/wp-json\/wp\/v2\/posts\/127464\/revisions"}],"wp:featuredmedia":[{"embeddable":true,"href":"https:\/\/www.europesays.com\/pt\/wp-json\/wp\/v2\/media\/127465"}],"wp:attachment":[{"href":"https:\/\/www.europesays.com\/pt\/wp-json\/wp\/v2\/media?parent=127464"}],"wp:term":[{"taxonomy":"category","embeddable":true,"href":"https:\/\/www.europesays.com\/pt\/wp-json\/wp\/v2\/categories?post=127464"},{"taxonomy":"post_tag","embeddable":true,"href":"https:\/\/www.europesays.com\/pt\/wp-json\/wp\/v2\/tags?post=127464"}],"curies":[{"name":"wp","href":"https:\/\/api.w.org\/{rel}","templated":true}]}}