{"id":127480,"date":"2025-10-26T20:10:09","date_gmt":"2025-10-26T20:10:09","guid":{"rendered":"https:\/\/www.europesays.com\/pt\/127480\/"},"modified":"2025-10-26T20:10:09","modified_gmt":"2025-10-26T20:10:09","slug":"dylan-critica-bruno-ele-nao-esta-a-ser-verdadeiro-secret-story","status":"publish","type":"post","link":"https:\/\/www.europesays.com\/pt\/127480\/","title":{"rendered":"Dylan critica Bruno: \u00abEle n\u00e3o est\u00e1 a ser verdadeiro\u00bb &#8211; Secret Story"},"content":{"rendered":"<p>Dylan comentou com Ana, Bruna e Rui que disse a In\u00eas que gosta muito dela, mas que se ela n\u00e3o mudar no jogo, poder\u00e1 ser expulsa da pr\u00f3xima vez que for a nomea\u00e7\u00f5es. Ana concordou, sublinhando que In\u00eas foi a \u00fanica concorrente nomeada que n\u00e3o apareceu em nada durante a semana.<\/p>\n<p>Minutos depois, a conversa mudou para Bruno. Dylan assumiu que n\u00e3o concorda com tudo o que o colega faz. Ana explicou que muitas vezes Bruno quer ser sincero, mas n\u00e3o consegue devido \u00e0 amizade que t\u00eam. Rui aproveitou para partilhar uma situa\u00e7\u00e3o que viveu com Bruno durante a semana: o concorrente ficou atr\u00e1s da porta a olhar para Liliana e a abanar a cabe\u00e7a enquanto Rui falava. Depois de questionar Bruno sobre a atitude, Rui percebeu que o colega n\u00e3o foi totalmente verdadeiro.<\/p>\n<p>Dylan contou a Rui que enquanto ele e Mariana tomavam o pequeno-almo\u00e7o de manh\u00e3,\u00a0Bruno comentou que eles est\u00e3o a querer fazer Jogo de casal.<br \/>\u00a0<\/p>\n","protected":false},"excerpt":{"rendered":"Dylan comentou com Ana, Bruna e Rui que disse a In\u00eas que gosta muito dela, mas que se&hellip;\n","protected":false},"author":2,"featured_media":127481,"comment_status":"","ping_status":"","sticky":false,"template":"","format":"standard","meta":{"footnotes":""},"categories":[142],"tags":[3768,19105,114,115,19033,19034,32,33,151,19032],"class_list":{"0":"post-127480","1":"post","2":"type-post","3":"status-publish","4":"format-standard","5":"has-post-thumbnail","7":"category-tv","8":"tag-bruno","9":"tag-dylan","10":"tag-entertainment","11":"tag-entretenimento","12":"tag-galas-em-video","13":"tag-melhores-momentos-casa-dos-segredos","14":"tag-portugal","15":"tag-pt","16":"tag-tv","17":"tag-videos-secret-story-tvi"},"share_on_mastodon":{"url":"https:\/\/pubeurope.com\/@pt\/115442288097426464","error":""},"_links":{"self":[{"href":"https:\/\/www.europesays.com\/pt\/wp-json\/wp\/v2\/posts\/127480","targetHints":{"allow":["GET"]}}],"collection":[{"href":"https:\/\/www.europesays.com\/pt\/wp-json\/wp\/v2\/posts"}],"about":[{"href":"https:\/\/www.europesays.com\/pt\/wp-json\/wp\/v2\/types\/post"}],"author":[{"embeddable":true,"href":"https:\/\/www.europesays.com\/pt\/wp-json\/wp\/v2\/users\/2"}],"replies":[{"embeddable":true,"href":"https:\/\/www.europesays.com\/pt\/wp-json\/wp\/v2\/comments?post=127480"}],"version-history":[{"count":0,"href":"https:\/\/www.europesays.com\/pt\/wp-json\/wp\/v2\/posts\/127480\/revisions"}],"wp:featuredmedia":[{"embeddable":true,"href":"https:\/\/www.europesays.com\/pt\/wp-json\/wp\/v2\/media\/127481"}],"wp:attachment":[{"href":"https:\/\/www.europesays.com\/pt\/wp-json\/wp\/v2\/media?parent=127480"}],"wp:term":[{"taxonomy":"category","embeddable":true,"href":"https:\/\/www.europesays.com\/pt\/wp-json\/wp\/v2\/categories?post=127480"},{"taxonomy":"post_tag","embeddable":true,"href":"https:\/\/www.europesays.com\/pt\/wp-json\/wp\/v2\/tags?post=127480"}],"curies":[{"name":"wp","href":"https:\/\/api.w.org\/{rel}","templated":true}]}}