{"id":127492,"date":"2025-10-26T20:19:13","date_gmt":"2025-10-26T20:19:13","guid":{"rendered":"https:\/\/www.europesays.com\/pt\/127492\/"},"modified":"2025-10-26T20:19:13","modified_gmt":"2025-10-26T20:19:13","slug":"governo-avanca-com-processo-para-modernizacao-das-viaturas-pandur","status":"publish","type":"post","link":"https:\/\/www.europesays.com\/pt\/127492\/","title":{"rendered":"Governo avan\u00e7a com processo para moderniza\u00e7\u00e3o das viaturas Pandur"},"content":{"rendered":"<p>&#13;<br \/>\n&#8220;Eu quero anunciar publicamente que esta semana submeti ao Conselho\u00a0de Ministros uma resolu\u00e7\u00e3o que permitir\u00e1 ao Ex\u00e9rcito, como era desejo\u00a0do Ex\u00e9rcito, avan\u00e7ar com o processo de moderniza\u00e7\u00e3o das Pandur&#8221;, afirmou.&#13;\n<\/p>\n<p>&#13;<br \/>\nNuno Melo discursava em Viseu, na cerim\u00f3nia militar do Dia do Ex\u00e9rcito, durante a qual indicou que essa moderniza\u00e7\u00e3o &#8220;ser\u00e1 tendencialmente feita com recurso\u00a0\u00e0s ind\u00fastrias de defesa nacional&#8221;.&#13;\n<\/p>\n<p>&#13;<br \/>\nO ministro considerou que n\u00e3o se trata de despesa, mas sim de investimento, &#8220;porque Portugal precisa&#8221; e as &#8220;For\u00e7as Armadas s\u00e3o realmente a primeira express\u00e3o da soberania\u00a0de uma na\u00e7\u00e3o digna desse nome&#8221;.&#13;\n<\/p>\n<p>&#13;<br \/>\n&#8220;Utilizamos a moderniza\u00e7\u00e3o das For\u00e7as Armadas como um motor\u00a0para o crescimento da economia, porque envolvemos as ind\u00fastrias nacionais nestes projetos de moderniza\u00e7\u00e3o, e envolvendo as ind\u00fastrias nacionais,\u00a0n\u00f3s estamos a criar novos empregos que geram grande retorno financeiro&#8221;, defendeu.&#13;\n<\/p>\n<p>&#13;<br \/>\nNesta cerim\u00f3nia, o ministro da Defesa Nacional indicou tamb\u00e9m que o primeiro &#8220;helic\u00f3ptero do Ex\u00e9rcito&#8221; dever\u00e1 chegar no pr\u00f3ximo ano.&#13;\n<\/p>\n<p>&#13;<br \/>\nTamb\u00e9m o novo aumento de suplemento da condi\u00e7\u00e3o militar &#8220;acontecer\u00e1 no pr\u00f3ximo m\u00eas de janeiro de 2026&#8221;.&#13;\n<\/p>\n<p>&#13;<br \/>\nNo seu discurso, Nuno Melo salientou igualmente a proposta de Or\u00e7amento do Estado para 2026, cuja vota\u00e7\u00e3o na generalidade est\u00e1 marcada para ter\u00e7a-feira.&#13;\n<\/p>\n<p>&#13;<br \/>\n&#8220;A proposta do Or\u00e7amento do Estado para 2016 j\u00e1 aponta para um crescimento\u00a0de 14,8% da despesa consolidada, isto em rela\u00e7\u00e3o a 2025,\u00a0quando o crescimento j\u00e1 tinha acontecido.\u00a0Isto acontece porque lutamos para ter a Defesa naquela que \u00e9 a primeira linha\u00a0das prioridades da pol\u00edtica, e isso n\u00e3o foi assim durante muitos anos.\u00a0Durante muitos anos a defesa foi o parente pobre da pol\u00edtica e agora est\u00e1\u00a0na linha da frente das prioridades da pol\u00edtica&#8221;, assinalou.&#13;\n<\/p>\n<p>&#13;<br \/>\nNesta interven\u00e7\u00e3o, o ministro elencou v\u00e1rias das medidas que o Governo est\u00e1 a tomar, entre as quais para &#8220;os militares em regime de contrato&#8221; terem &#8220;acesso\u00a0aos arrendamentos econ\u00f3micos de habita\u00e7\u00e3o do IASFA [Instituto de A\u00e7\u00e3o Social das For\u00e7as Armadas]&#8221;.\u00a0&#13;\n<\/p>\n<p>&#13;<br \/>\n&#8220;Estamos a trabalhar neste preciso momento nas altera\u00e7\u00f5es legislativas\u00a0que permitam que todos os militares, nas v\u00e1rias formas de presta\u00e7\u00e3o de servi\u00e7o,\u00a0possam ter acesso \u00e0 a\u00e7\u00e3o social complementar&#8221;, disse.&#13;\n<\/p>\n<p>&#13;<br \/>\nNuno Melo destacou tamb\u00e9m a &#8220;constru\u00e7\u00e3o\u00a0do polo de cirurgia no Hospital das For\u00e7as Armadas&#8221;.\u00a0&#13;\n<\/p>\n<p>&#13;<br \/>\n&#8220;S\u00e3o 18 milh\u00f5es de euros de investimento num hospital que assim ser\u00e1 de refer\u00eancia\u00a0em Portugal, pois estamos a adquirir novos equipamentos modernos\u00a0para que o Hospital das For\u00e7as Armadas n\u00e3o fique atr\u00e1s de qualquer\u00a0outro hospital do Sistema Nacional de Sa\u00fade ou privado em Portugal&#8221;, sublinhou.&#13;\n<\/p>\n<p>&#13;<br \/>\nTamb\u00e9m numa interven\u00e7\u00e3o nesta cerim\u00f3nia do Dia do Ex\u00e9rcito, o chefe do Estado-Maior deste ramo, general Eduardo Mendes Ferr\u00e3o, defendeu que &#8220;responder aos desafios resultantes do atual quadro geopol\u00edtico e geoestrat\u00e9gico, exige um Ex\u00e9rcito moderno, adapt\u00e1vel e resiliente, preparado para combater em ambientes conjuntos e combinados, em coordena\u00e7\u00e3o com outras for\u00e7as, ag\u00eancias e na\u00e7\u00f5es&#8221;.&#13;\n<\/p>\n<p>&#13;<br \/>\nMendes Ferr\u00e3o considerou ser &#8220;tempo de olhar para o futuro, um futuro assente na valoriza\u00e7\u00e3o das pessoas, no reequipamento e na requalifica\u00e7\u00e3o das infraestruturas&#8221;.&#13;\n<\/p>\n<p>&#13;<br \/>\nO general sublinhou igualmente que &#8220;2025 marca um ponto de viragem&#8221;.&#13;\n<\/p>\n<p>&#13;<br \/>\n&#8220;O ano em que estabiliz\u00e1mos os efetivos e come\u00e7\u00e1mos a crescer de novo. Hoje somos cerca de 13.200 militares e civis, um aumento de 6% face a 2024, invertendo a tend\u00eancia de decr\u00e9scimo que se verificava desde 2007&#8221;, salientou, advertindo que o ramo ainda est\u00e1 &#8220;muito aqu\u00e9m das reais necessidades&#8221;.&#13;<\/p>\n","protected":false},"excerpt":{"rendered":"&#13; &#8220;Eu quero anunciar publicamente que esta semana submeti ao Conselho\u00a0de Ministros uma resolu\u00e7\u00e3o que permitir\u00e1 ao Ex\u00e9rcito,&hellip;\n","protected":false},"author":2,"featured_media":127493,"comment_status":"","ping_status":"","sticky":false,"template":"","format":"standard","meta":{"footnotes":""},"categories":[10],"tags":[27,28,1070,15,16,14,29150,25,26,21,22,12,13,19,20,32,23,24,33,17,18,29,30,31],"class_list":{"0":"post-127492","1":"post","2":"type-post","3":"status-publish","4":"format-standard","5":"has-post-thumbnail","7":"category-portugal","8":"tag-breaking-news","9":"tag-breakingnews","10":"tag-exercito","11":"tag-featured-news","12":"tag-featurednews","13":"tag-headlines","14":"tag-iasfa-instituto","15":"tag-latest-news","16":"tag-latestnews","17":"tag-main-news","18":"tag-mainnews","19":"tag-news","20":"tag-noticias","21":"tag-noticias-principais","22":"tag-noticiasprincipais","23":"tag-portugal","24":"tag-principais-noticias","25":"tag-principaisnoticias","26":"tag-pt","27":"tag-top-stories","28":"tag-topstories","29":"tag-ultimas","30":"tag-ultimas-noticias","31":"tag-ultimasnoticias"},"share_on_mastodon":{"url":"https:\/\/pubeurope.com\/@pt\/115442323500976392","error":""},"_links":{"self":[{"href":"https:\/\/www.europesays.com\/pt\/wp-json\/wp\/v2\/posts\/127492","targetHints":{"allow":["GET"]}}],"collection":[{"href":"https:\/\/www.europesays.com\/pt\/wp-json\/wp\/v2\/posts"}],"about":[{"href":"https:\/\/www.europesays.com\/pt\/wp-json\/wp\/v2\/types\/post"}],"author":[{"embeddable":true,"href":"https:\/\/www.europesays.com\/pt\/wp-json\/wp\/v2\/users\/2"}],"replies":[{"embeddable":true,"href":"https:\/\/www.europesays.com\/pt\/wp-json\/wp\/v2\/comments?post=127492"}],"version-history":[{"count":0,"href":"https:\/\/www.europesays.com\/pt\/wp-json\/wp\/v2\/posts\/127492\/revisions"}],"wp:featuredmedia":[{"embeddable":true,"href":"https:\/\/www.europesays.com\/pt\/wp-json\/wp\/v2\/media\/127493"}],"wp:attachment":[{"href":"https:\/\/www.europesays.com\/pt\/wp-json\/wp\/v2\/media?parent=127492"}],"wp:term":[{"taxonomy":"category","embeddable":true,"href":"https:\/\/www.europesays.com\/pt\/wp-json\/wp\/v2\/categories?post=127492"},{"taxonomy":"post_tag","embeddable":true,"href":"https:\/\/www.europesays.com\/pt\/wp-json\/wp\/v2\/tags?post=127492"}],"curies":[{"name":"wp","href":"https:\/\/api.w.org\/{rel}","templated":true}]}}