{"id":127502,"date":"2025-10-26T20:28:08","date_gmt":"2025-10-26T20:28:08","guid":{"rendered":"https:\/\/www.europesays.com\/pt\/127502\/"},"modified":"2025-10-26T20:28:08","modified_gmt":"2025-10-26T20:28:08","slug":"automedicacao-para-emagrecer-oferece-riscos-graves-a-saude-alerta-medica-saude-e-bem-estar","status":"publish","type":"post","link":"https:\/\/www.europesays.com\/pt\/127502\/","title":{"rendered":"Automedica\u00e7\u00e3o para emagrecer oferece riscos graves \u00e0 sa\u00fade, alerta m\u00e9dica &#8211; Sa\u00fade e Bem-Estar"},"content":{"rendered":"<p>A busca por um emagrecimento acelerado leva muitas pessoas a recorrer a solu\u00e7\u00f5es, muitas vezes sem considerar os riscos. Dietas milagrosas, f\u00f3rmulas vistas em redes sociais e medicamentos adquiridos sem prescri\u00e7\u00e3o s\u00e3o estrat\u00e9gias comuns que podem ocasionar graves consequ\u00eancias para a sa\u00fade. A press\u00e3o est\u00e9tica e o desejo de resultados imediatos fazem com que indiv\u00edduos ignorem os alertas m\u00e9dicos e sigam caminhos perigosos.<\/p>\n<p>A m\u00e9dica Brenda Mendon\u00e7a alerta que cada organismo \u00e9 \u00fanico e que a automedica\u00e7\u00e3o, al\u00e9m de ineficaz em muitos casos, pode provocar consequ\u00eancias s\u00e9rias pelo fato de o paciente n\u00e3o saber se tem alguma contraindica\u00e7\u00e3o, n\u00e3o saber a dose e n\u00e3o saber se um f\u00e1rmaco possui intera\u00e7\u00e3o medicamentoso com algum outro de uso pr\u00e9vio, por exemplo. Podendo ocasionar efeitos gastrointestinais, arritmias, ins\u00f4nia, ansiedade, altera\u00e7\u00f5es no f\u00edgado e at\u00e9 risco cardiovascular a depender do caso.<\/p>\n<p>Segundo a profissional, embora existam f\u00e1rmacos comprovadamente eficazes, como tirzepatida e semaglutida, eles s\u00f3 devem ser utilizados com prescri\u00e7\u00e3o m\u00e9dica. &#8220;Esses medicamentos s\u00e3o indicados para casos de obesidade, sobrepeso com doen\u00e7as metab\u00f3licas ou quando mudan\u00e7as no estilo de vida n\u00e3o s\u00e3o suficientes. Cada prescri\u00e7\u00e3o deve ser individualizada, considerando dose, contraindica\u00e7\u00f5es, dura\u00e7\u00e3o do uso e poss\u00edveis efeitos colaterais.&#8221;, frisa.<\/p>\n<p><b>Preocupa\u00e7\u00f5es<\/b><\/p>\n<p>O uso de f\u00f3rmulas sem respaldo cient\u00edfico ou subst\u00e2ncias divulgadas na internet, muitas vezes do mercado paralelo, como por exemplo de subst\u00e2ncias que ainda est\u00e3o em fase de estudo tamb\u00e9m preocupa. &#8220;Esses produtos podem causar desde palpita\u00e7\u00f5es, n\u00e1useas, diarreia, desnutri\u00e7\u00e3o, problemas renais e hep\u00e1ticos ou infertilidade. Al\u00e9m disso, muitas f\u00f3rmulas misturam subst\u00e2ncias que n\u00e3o deveriam ser combinadas, aumentando o risco de efeitos adversos graves \u00e0 sa\u00fade&#8221;, alerta Brenda. Para quem deseja iniciar um processo seguro de emagrecimento, a recomenda\u00e7\u00e3o \u00e9 fazer uma avalia\u00e7\u00e3o m\u00e9dica detalhada, exames e acompanhamento. &#8220;A partir disso, fazemos ajustes metab\u00f3licos, suplementa\u00e7\u00e3o, corre\u00e7\u00f5es de h\u00e1bitos de vida e prescri\u00e7\u00e3o de terapias individualizadas. O emagrecimento precisa ser visto como sa\u00fade, n\u00e3o apenas est\u00e9tica&#8221;, refor\u00e7a.<\/p>\n<p><b>Acompanhamento multidisciplinar<\/b><\/p>\n<p>A m\u00e9dica defende ainda a import\u00e2ncia do acompanhamento de uma equipe multidisciplinar para resultados duradouros. &#8220;A partir do tratamento medicamentoso, dos ajustes metab\u00f3licos e hormonais, toda a equipe tamb\u00e9m atuar\u00e1, o nutricionista consegue ajustar a alimenta\u00e7\u00e3o, o psic\u00f3logo auxilia com terapia no controle da compuls\u00e3o e da ansiedade, e o educador f\u00edsico trabalha para preservar a massa muscular e melhorar o metabolismo . Assim, todos atuam de forma integrada, garantindo resultados consistentes e sustent\u00e1veis&#8221;, afirma.<\/p>\n<p>&#8220;Hoje sabemos que \u00e9 poss\u00edvel sim perder peso de forma expressiva em pouco tempo, desde que com acompanhamento, o que motiva o paciente. Mas a vit\u00f3ria do emagrecimento n\u00e3o est\u00e1 apenas em perder, e sim em manter o peso conquistado&#8221;, acrescenta.<\/p>\n","protected":false},"excerpt":{"rendered":"A busca por um emagrecimento acelerado leva muitas pessoas a recorrer a solu\u00e7\u00f5es, muitas vezes sem considerar os&hellip;\n","protected":false},"author":2,"featured_media":127503,"comment_status":"","ping_status":"","sticky":false,"template":"","format":"standard","meta":{"footnotes":""},"categories":[86],"tags":[13322,13324,5628,13320,10510,1914,116,13325,1133,13,987,32,3937,13321,33,13323,3551,3801,117,8767,13326,13327],"class_list":{"0":"post-127502","1":"post","2":"type-post","3":"status-publish","4":"format-standard","5":"has-post-thumbnail","7":"category-saude","8":"tag-4oito","9":"tag-adelor-lessa","10":"tag-blog","11":"tag-blogs","12":"tag-criciuma","13":"tag-fm","14":"tag-health","15":"tag-lessa","16":"tag-noticia","17":"tag-noticias","18":"tag-portal","19":"tag-portugal","20":"tag-post","21":"tag-posts","22":"tag-pt","23":"tag-quatrooito","24":"tag-regiao","25":"tag-santa-catarina","26":"tag-saude","27":"tag-sc","28":"tag-som-maior","29":"tag-sommaiorfm"},"share_on_mastodon":{"url":"https:\/\/pubeurope.com\/@pt\/115442359081733001","error":""},"_links":{"self":[{"href":"https:\/\/www.europesays.com\/pt\/wp-json\/wp\/v2\/posts\/127502","targetHints":{"allow":["GET"]}}],"collection":[{"href":"https:\/\/www.europesays.com\/pt\/wp-json\/wp\/v2\/posts"}],"about":[{"href":"https:\/\/www.europesays.com\/pt\/wp-json\/wp\/v2\/types\/post"}],"author":[{"embeddable":true,"href":"https:\/\/www.europesays.com\/pt\/wp-json\/wp\/v2\/users\/2"}],"replies":[{"embeddable":true,"href":"https:\/\/www.europesays.com\/pt\/wp-json\/wp\/v2\/comments?post=127502"}],"version-history":[{"count":0,"href":"https:\/\/www.europesays.com\/pt\/wp-json\/wp\/v2\/posts\/127502\/revisions"}],"wp:featuredmedia":[{"embeddable":true,"href":"https:\/\/www.europesays.com\/pt\/wp-json\/wp\/v2\/media\/127503"}],"wp:attachment":[{"href":"https:\/\/www.europesays.com\/pt\/wp-json\/wp\/v2\/media?parent=127502"}],"wp:term":[{"taxonomy":"category","embeddable":true,"href":"https:\/\/www.europesays.com\/pt\/wp-json\/wp\/v2\/categories?post=127502"},{"taxonomy":"post_tag","embeddable":true,"href":"https:\/\/www.europesays.com\/pt\/wp-json\/wp\/v2\/tags?post=127502"}],"curies":[{"name":"wp","href":"https:\/\/api.w.org\/{rel}","templated":true}]}}