{"id":127504,"date":"2025-10-26T20:29:56","date_gmt":"2025-10-26T20:29:56","guid":{"rendered":"https:\/\/www.europesays.com\/pt\/127504\/"},"modified":"2025-10-26T20:29:56","modified_gmt":"2025-10-26T20:29:56","slug":"aos-83-anos-e-com-companhia-unica-carlos-cruz-faz-tatuagem-isto-acabou-de-acontecer","status":"publish","type":"post","link":"https:\/\/www.europesays.com\/pt\/127504\/","title":{"rendered":"Aos 83 anos e com companhia \u00fanica, Carlos Cruz faz tatuagem: &#8220;Isto acabou de acontecer!&#8221;"},"content":{"rendered":"<p>Por esta ningu\u00e9m esperava: no Instagram, foram reveladas imagens, nas quais <a href=\"https:\/\/selfie.iol.pt\/famosos\/carlos-cruz\/ainda-se-lembra-de-mariana-a-filha-mais-nova-de-carlos-cruz-veja-como-cresceu\/20250305\/67c828ecd34e3f0bae9b3c5a\" target=\"_blank\" rel=\"nofollow noopener\">Carlos Cruz<\/a> surge a fazer uma tatuagem ao lado das filhas, Mariana e <a href=\"https:\/\/selfie.iol.pt\/famosos\/carlos-cruz\/ao-lado-dos-pais-e-em-lugar-inesperado-marta-cruz-mostra-tesourinho-com-cerca-de-30-anos\/20251010\/68e95abad34e58bc6796c42b\" target=\"_blank\" rel=\"nofollow noopener\">Marta Cruz<\/a>.<\/p>\n<p>&#8220;Isto acabou de acontecer!&#8221;, exclamou Mariana, filha mais nova do antigo apresentador de televis\u00e3o na legenda das imagens.<\/p>\n<p>Nos registos, pode ver-se cada um a fazer uma tatuagem no bra\u00e7o. O desenho em quest\u00e3o s\u00e3o tr\u00eas pequenos cora\u00e7\u00f5es.<\/p>\n<p>Veja, agora, o v\u00eddeo. E n\u00e3o deixe de espreitar algumas das melhores imagens de Carlos Cruz na galeria de fotografias que prepar\u00e1mos para si.<\/p>\n<blockquote class=\"instagram-media\" data-instgrm-captioned=\"\" data-instgrm-permalink=\"https:\/\/www.instagram.com\/reel\/DQKZMijDdbW\/?utm_source=ig_embed&amp;utm_campaign=loading\" data-instgrm-version=\"14\" style=\" background:#FFF; border:0; border-radius:3px; box-shadow:0 0 1px 0 rgba(0,0,0,0.5),0 1px 10px 0 rgba(0,0,0,0.15); margin: 1px; max-width:540px; min-width:326px; padding:0; width:99.375%; width:-webkit-calc(100% - 2px); width:calc(100% - 2px);\">\n<\/blockquote>\n<p>                        <script async src=\"\/\/www.instagram.com\/embed.js\"><\/script><\/p>\n","protected":false},"excerpt":{"rendered":"Por esta ningu\u00e9m esperava: no Instagram, foram reveladas imagens, nas quais Carlos Cruz surge a fazer uma tatuagem&hellip;\n","protected":false},"author":2,"featured_media":127505,"comment_status":"","ping_status":"","sticky":false,"template":"","format":"standard","meta":{"footnotes":""},"categories":[85],"tags":[25462,114,115,981,980,1870,1015,29151,7475,619,32,33,1012,4817],"class_list":{"0":"post-127504","1":"post","2":"type-post","3":"status-publish","4":"format-standard","5":"has-post-thumbnail","7":"category-entretenimento","8":"tag-carlos-cruz","9":"tag-entertainment","10":"tag-entretenimento","11":"tag-familia","12":"tag-famosos","13":"tag-filhos","14":"tag-instagram","15":"tag-mariana-cruz","16":"tag-marta-cruz","17":"tag-nacional","18":"tag-portugal","19":"tag-pt","20":"tag-selfie","21":"tag-tatuagem"},"share_on_mastodon":{"url":"https:\/\/pubeurope.com\/@pt\/115442366922883989","error":""},"_links":{"self":[{"href":"https:\/\/www.europesays.com\/pt\/wp-json\/wp\/v2\/posts\/127504","targetHints":{"allow":["GET"]}}],"collection":[{"href":"https:\/\/www.europesays.com\/pt\/wp-json\/wp\/v2\/posts"}],"about":[{"href":"https:\/\/www.europesays.com\/pt\/wp-json\/wp\/v2\/types\/post"}],"author":[{"embeddable":true,"href":"https:\/\/www.europesays.com\/pt\/wp-json\/wp\/v2\/users\/2"}],"replies":[{"embeddable":true,"href":"https:\/\/www.europesays.com\/pt\/wp-json\/wp\/v2\/comments?post=127504"}],"version-history":[{"count":0,"href":"https:\/\/www.europesays.com\/pt\/wp-json\/wp\/v2\/posts\/127504\/revisions"}],"wp:featuredmedia":[{"embeddable":true,"href":"https:\/\/www.europesays.com\/pt\/wp-json\/wp\/v2\/media\/127505"}],"wp:attachment":[{"href":"https:\/\/www.europesays.com\/pt\/wp-json\/wp\/v2\/media?parent=127504"}],"wp:term":[{"taxonomy":"category","embeddable":true,"href":"https:\/\/www.europesays.com\/pt\/wp-json\/wp\/v2\/categories?post=127504"},{"taxonomy":"post_tag","embeddable":true,"href":"https:\/\/www.europesays.com\/pt\/wp-json\/wp\/v2\/tags?post=127504"}],"curies":[{"name":"wp","href":"https:\/\/api.w.org\/{rel}","templated":true}]}}