{"id":127511,"date":"2025-10-26T20:36:20","date_gmt":"2025-10-26T20:36:20","guid":{"rendered":"https:\/\/www.europesays.com\/pt\/127511\/"},"modified":"2025-10-26T20:36:20","modified_gmt":"2025-10-26T20:36:20","slug":"veja-os-looks-dos-famosos-na-festa-de-18-anos-de-benicio-filho-de-luciano-huck-e-angelica","status":"publish","type":"post","link":"https:\/\/www.europesays.com\/pt\/127511\/","title":{"rendered":"Veja os looks dos famosos na festa de 18 anos de Ben\u00edcio, filho de Luciano Huck e Ang\u00e9lica"},"content":{"rendered":"<p>Filho do meio de <a href=\"https:\/\/caras.com.br\/tags\/angelica\" rel=\"nofollow noopener\" target=\"_blank\"><strong>Ang\u00e9lica<\/strong><\/a> e <a href=\"https:\/\/caras.com.br\/tags\/luciano-huck\" rel=\"nofollow noopener\" target=\"_blank\"><strong>Luciano Huck<\/strong><\/a>, <a href=\"https:\/\/caras.com.br\/tags\/benicio-huck\" rel=\"nofollow noopener\" target=\"_blank\"><strong>Ben\u00edcio Huck<\/strong><\/a> completar\u00e1 seus 18 anos de vida no pr\u00f3ximo dia 3 de novembro, mas j\u00e1 iniciou as comemora\u00e7\u00f5es ao lado da fam\u00edlia e dos amigos neste final de semana. Na noite de s\u00e1bado, 25, os pais dele organizaram uma festa sofisticada para o anivers\u00e1rio do herdeiro no Rio de Janeiro.<\/p>\n<p>Para o evento, a fam\u00edlia caprichou nos looks. Ang\u00e9lica surgiu com um vestido brilhante e curtinho, que deixou \u00e0 mostra sua famosa pinta na perna. A filha dela, Eva, tamb\u00e9m apostou um vestido com brilhos para a festa do irm\u00e3o. Por sua vez, os homens da fam\u00edlia escolheram roupas totalmente pretas para a ocasi\u00e3o.<\/p>\n<p>A lista de convidados contou com v\u00e1rias celebridades, como <a href=\"https:\/\/caras.com.br\/tags\/grazi-massafera\" rel=\"nofollow noopener\" target=\"_blank\"><strong>Grazi Massafera<\/strong><\/a>, <a href=\"https:\/\/caras.com.br\/tags\/xuxa\" rel=\"nofollow noopener\" target=\"_blank\"><strong>Xuxa<\/strong><\/a>, <a href=\"https:\/\/caras.com.br\/tags\/sabrina-sato\" rel=\"nofollow noopener\" target=\"_blank\"><strong>Sabrina Sato<\/strong><\/a>, <a href=\"https:\/\/caras.com.br\/tags\/nicolas-prattes\" rel=\"nofollow noopener\" target=\"_blank\"><strong>Nicolas Prattes<\/strong><\/a>, <a href=\"https:\/\/caras.com.br\/tags\/nicole-bahls\" rel=\"nofollow noopener\" target=\"_blank\"><strong>Nicole Bahls<\/strong><\/a> e <a href=\"https:\/\/caras.com.br\/tags\/livia-andrade\" rel=\"nofollow noopener\" target=\"_blank\"><strong>L\u00edvia Andrade<\/strong><\/a>.<\/p>\n<p> Veja os looks das celebridades nas fotos abaixo: <img loading=\"lazy\" decoding=\"async\" class=\"wp-image-1022851 size-full img-fluid lazy\" alt=\"Ang\u00e9lica e Luciano Huck - Foto: Anderson Bord\u00ea \/AgNews\" width=\"1455\" height=\"2048\" src=\"https:\/\/www.europesays.com\/pt\/wp-content\/uploads\/2025\/10\/Luciano-Huck-e-Angelica-Fotos-Anderson-Borde-AgNews-982.jpg\"  \/>Ang\u00e9lica e Luciano Huck \u2013 Foto: Anderson Bord\u00ea \/AgNews <img loading=\"lazy\" decoding=\"async\" class=\"wp-image-1022844 size-full img-fluid lazy\" alt=\"Ben\u00edcio Huck - Foto: Anderson Bord\u00ea \/AgNews\" width=\"1286\" height=\"2048\" src=\"https:\/\/www.europesays.com\/pt\/wp-content\/uploads\/2025\/10\/Benicio-Huck-Fotos-Anderson-Borde-AgNews-986.jpg\"  \/>Ben\u00edcio Huck \u2013 Foto: Anderson Bord\u00ea \/AgNews <img loading=\"lazy\" decoding=\"async\" class=\"wp-image-1022849 size-full img-fluid lazy\" alt=\"Manoela Esteves e Joaquim Huck - Foto: Anderson Bord\u00ea \/AgNews\" width=\"1277\" height=\"2048\" src=\"https:\/\/www.europesays.com\/pt\/wp-content\/uploads\/2025\/10\/Joaquim-Huck-e-namorada-Manoela-Esteves-Fotos-Anderson-Borde-AgNews-991.jpg\"  \/>Manoela Esteves e Joaquim Huck \u2013 Foto: Anderson Bord\u00ea \/AgNews <img loading=\"lazy\" decoding=\"async\" class=\"wp-image-1022846 size-full img-fluid lazy\" alt=\"Eva Huck - Foto: Anderson Bord\u00ea \/AgNews\" width=\"1231\" height=\"2048\" src=\"https:\/\/www.europesays.com\/pt\/wp-content\/uploads\/2025\/10\/Eva-Fotos-Anderson-Borde-AgNews-985.jpg\"  \/>Eva Huck \u2013 Foto: Anderson Bord\u00ea \/AgNews <img loading=\"lazy\" decoding=\"async\" class=\"wp-image-1022850 size-full img-fluid lazy\" alt=\"L\u00edvia Andrade - Foto: Anderson Bord\u00ea \/AgNews\" width=\"1366\" height=\"2048\" src=\"https:\/\/www.europesays.com\/pt\/wp-content\/uploads\/2025\/10\/Livia-Andrade-Fotos-Anderson-Borde-AgNews-1017.jpg\"  \/>L\u00edvia Andrade \u2013 Foto: Anderson Bord\u00ea \/AgNews <img loading=\"lazy\" decoding=\"async\" class=\"wp-image-1022857 size-full img-fluid lazy\" alt=\"Junno Andrade e Xuxa Meneghel - Foto: Anderson Bord\u00ea \/AgNews\" width=\"1344\" height=\"2048\" src=\"https:\/\/www.europesays.com\/pt\/wp-content\/uploads\/2025\/10\/Xuxa-e-Juno-Andrade-Fotos-Anderson-Borde-AgNews-1021.jpg\"  \/>Junno Andrade e Xuxa Meneghel \u2013 Foto: Anderson Bord\u00ea \/AgNews <img loading=\"lazy\" decoding=\"async\" class=\"wp-image-1022856 size-full img-fluid lazy\" alt=\"Sophie Charlotte e Xam\u00e3 - Foto: Anderson Bord\u00ea \/AgNews\" width=\"1375\" height=\"2048\" src=\"https:\/\/www.europesays.com\/pt\/wp-content\/uploads\/2025\/10\/Xama-e-Sophie-Charlotte-Fotos-Anderson-Borde-AgNews-1027.jpg\"  \/>Sophie Charlotte e Xam\u00e3 \u2013 Foto: Anderson Bord\u00ea \/AgNews <img loading=\"lazy\" decoding=\"async\" class=\"wp-image-1022855 size-full img-fluid lazy\" alt=\"Nicole Bahls - Foto: Anderson Bord\u00ea \/AgNews\" width=\"1331\" height=\"2048\" src=\"https:\/\/www.europesays.com\/pt\/wp-content\/uploads\/2025\/10\/Nicole-Balhs-Fotos-Anderson-Borde-AgNews-1032.jpg\"  \/>Nicole Bahls \u2013 Foto: Anderson Bord\u00ea \/AgNews <img loading=\"lazy\" decoding=\"async\" class=\"wp-image-1022854 size-full img-fluid lazy\" alt=\"Nicolas Prattes e Sabrina Sato - Foto: Anderson Bord\u00ea \/AgNews\" width=\"1421\" height=\"2048\" src=\"https:\/\/www.europesays.com\/pt\/wp-content\/uploads\/2025\/10\/Nicolas-Prates-e-Sabrina-Sato-Fotos-Anderson-Borde-AgNews-1037.jpg\"  \/>Nicolas Prattes e Sabrina Sato \u2013 Foto: Anderson Bord\u00ea \/AgNews <img loading=\"lazy\" decoding=\"async\" class=\"wp-image-1022853 size-full img-fluid lazy\" alt=\"MC Daniel - Foto: Anderson Bord\u00ea \/AgNews\" width=\"1366\" height=\"2048\" src=\"https:\/\/www.europesays.com\/pt\/wp-content\/uploads\/2025\/10\/MC-Daniel-Fotos-Anderson-Borde-AgNews-1041.jpg\"  \/>MC Daniel \u2013 Foto: Anderson Bord\u00ea \/AgNews <img loading=\"lazy\" decoding=\"async\" class=\"wp-image-1022852 size-full img-fluid lazy\" alt=\"Andrea Santa Rosa e Marcio Garcia - Foto: Anderson Bord\u00ea \/AgNews\" width=\"1478\" height=\"2048\" src=\"https:\/\/www.europesays.com\/pt\/wp-content\/uploads\/2025\/10\/Marcio-Garcia-e-Andrea-Santa-Rosa-Fotos-Anderson-Borde-AgNews-1033.jpg\"  \/>Andrea Santa Rosa e Marcio Garcia \u2013 Foto: Anderson Bord\u00ea \/AgNews <img loading=\"lazy\" decoding=\"async\" class=\"wp-image-1022848 size-full img-fluid lazy\" alt=\"Sofia e Grazi Massafera com amiga - Foto: Anderson Bord\u00ea \/AgNews\" width=\"1349\" height=\"2048\" src=\"https:\/\/www.europesays.com\/pt\/wp-content\/uploads\/2025\/10\/Grazi-Massafera-e-a-filha-Sofia-Fotos-Anderson-Borde-AgNews-1013.jpg\"  \/>Sofia e Grazi Massafera com amiga \u2013 Foto: Anderson Bord\u00ea \/AgNews <img loading=\"lazy\" decoding=\"async\" class=\"wp-image-1022847 size-full img-fluid lazy\" alt=\"Gabriel David e Giovanna Lancellotti - Foto: Anderson Bord\u00ea \/AgNews\" width=\"1278\" height=\"2048\" src=\"https:\/\/www.europesays.com\/pt\/wp-content\/uploads\/2025\/10\/Gabriel-David-e-Geovana-Lancellotti-Fotos-Anderson-Borde-AgNews-1044.jpg\"  \/>Gabriel David e Giovanna Lancellotti \u2013 Foto: Anderson Bord\u00ea \/AgNews <img loading=\"lazy\" decoding=\"async\" class=\"wp-image-1022845 size-full img-fluid lazy\" alt=\"Duda Santos - Foto: Anderson Bord\u00ea \/AgNews\" width=\"1366\" height=\"2048\" src=\"https:\/\/www.europesays.com\/pt\/wp-content\/uploads\/2025\/10\/Duda-Santos-Fotos-Anderson-Borde-AgNews-1050.jpg\"  \/>Duda Santos \u2013 Foto: Anderson Bord\u00ea \/AgNews <\/p>\n<blockquote class=\"instagram-media\" style=\"background: #FFF; border: 0; border-radius: 3px; box-shadow: 0 0 1px 0 rgba(0,0,0,0.5),0 1px 10px 0 rgba(0,0,0,0.15); margin: 1px; max-width: 540px; min-width: 326px; padding: 0; width: calc(100% - 2px);\" data-instgrm-captioned=\"\" data-instgrm-permalink=\"https:\/\/www.instagram.com\/p\/DQQP-sIDiQq\/?utm_source=ig_embed&amp;utm_campaign=loading\" data-instgrm-version=\"14\"><\/blockquote>\n<p>\t Ang\u00e9lica relembra pol\u00eamica no namoro de Ben\u00edcio Huck <\/p>\n<p>A apresentadora Ang\u00e9lica refletiu sobre os desafios de criar os filhos na era das redes sociais. Em recente participa\u00e7\u00e3o no podcast Menotalks, <a href=\"https:\/\/caras.com.br\/atualidades\/angelica-relembra-episodio-antes-do-fim-do-namoro-de-benicio-huck-fiquei-indignada.phtml\" rel=\"nofollow noopener\" target=\"_blank\">a artista comentou sobre a exposi\u00e7\u00e3o do namoro de Ben\u00edcio Huck, seu filho com Luciano Huck<\/a>.<\/p>\n<p>Na ocasi\u00e3o, a ent\u00e3o namorada do jovem, a influenciadora \u00a0Duda Guerra, se envolveu em uma troca de farpas nas redes sociais ap\u00f3s outra criadora de conte\u00fado pedir para seguir a conta privada de Ben\u00edcio. Agora, Ang\u00e9lica revelou que ficou surpresa com o epis\u00f3dio, que ocorreu pouco antes do t\u00e9rmino do relacionamento.<\/p>\n<p>\u201cEu fiquei muito indignada. Eles estavam namorando ainda inclusive. N\u00e3o com o namoro, mas com as meninas brigando por culpa de meninos. O que mais me chocou foram as meninas brigando por um menino que era meu filho, mas n\u00e3o importa. Brigando por culpa de macho!\u201d, analisou.<\/p>\n<p>Em seguida, ela recordou que conversou com os filhos sobre o assunto. \u201cFiquei com pena de todas as meninas envolvidas. Eu estava genuinamente preocupada com as meninas. Tive vontade de chorar. Por que eu falava \u2018 para onde essas meninas est\u00e3o sendo levadas por causa das redes sociais?\u2019\u201c, completou.<\/p>\n<p><strong>Leia tamb\u00e9m<\/strong>: <a href=\"https:\/\/caras.com.br\/tv\/a-vida-secreta-dos-herdeiros-huck-curiosidades-sobre-joaquim-benicio-e-eva.phtml\" rel=\"nofollow noopener\" target=\"_blank\">A vida secreta dos herdeiros Huck: Curiosidades sobre Joaquim, Ben\u00edcio e Eva<\/a><\/p>\n<p>        <a href=\"https:\/\/caras.com.br\/autor\/priscilla-comoti\" rel=\"nofollow noopener\" target=\"_blank\">&#13;<br \/>\n          <img alt=\"Priscilla Comoti\" src=\"https:\/\/www.europesays.com\/pt\/wp-content\/uploads\/2025\/10\/1761510980_664_e53883bdf02c542f6517b68879e8cb08b27a1d55c4dfd53577e47d3ab6331a06\"  class=\"avatar avatar-115 photo rounded-circle mr-3\" height=\"115\" width=\"115\" loading=\"lazy\" decoding=\"async\"\/>        <\/a><\/p>\n<p>Priscilla Comoti \u00e9 editora de conte\u00fado do site CARAS. Ela \u00e9 formada em jornalismo e em audiovisual, j\u00e1 passou pelos sites Contigo!, Minha Novela, TiTiTi, Mais Novela e Portal M\u00e1rcia Piovesan. Escreve sobre celebridades, not\u00edcias sobre a fam\u00edlia real brit\u00e2nica, TV, reality show e novelas.<\/p>\n<p>\t                                            <script async src=\"\/\/www.instagram.com\/embed.js\"><\/script><\/p>\n","protected":false},"excerpt":{"rendered":"Filho do meio de Ang\u00e9lica e Luciano Huck, Ben\u00edcio Huck completar\u00e1 seus 18 anos de vida no pr\u00f3ximo&hellip;\n","protected":false},"author":2,"featured_media":127512,"comment_status":"","ping_status":"","sticky":false,"template":"","format":"standard","meta":{"footnotes":""},"categories":[145],"tags":[13885,29153,211,210,114,115,2815,32,33],"class_list":{"0":"post-127511","1":"post","2":"type-post","3":"status-publish","4":"format-standard","5":"has-post-thumbnail","7":"category-celebridades","8":"tag-angelica","9":"tag-benicio-huck","10":"tag-celebridades","11":"tag-celebrities","12":"tag-entertainment","13":"tag-entretenimento","14":"tag-luciano-huck","15":"tag-portugal","16":"tag-pt"},"share_on_mastodon":{"url":"https:\/\/pubeurope.com\/@pt\/115442390716679814","error":""},"_links":{"self":[{"href":"https:\/\/www.europesays.com\/pt\/wp-json\/wp\/v2\/posts\/127511","targetHints":{"allow":["GET"]}}],"collection":[{"href":"https:\/\/www.europesays.com\/pt\/wp-json\/wp\/v2\/posts"}],"about":[{"href":"https:\/\/www.europesays.com\/pt\/wp-json\/wp\/v2\/types\/post"}],"author":[{"embeddable":true,"href":"https:\/\/www.europesays.com\/pt\/wp-json\/wp\/v2\/users\/2"}],"replies":[{"embeddable":true,"href":"https:\/\/www.europesays.com\/pt\/wp-json\/wp\/v2\/comments?post=127511"}],"version-history":[{"count":0,"href":"https:\/\/www.europesays.com\/pt\/wp-json\/wp\/v2\/posts\/127511\/revisions"}],"wp:featuredmedia":[{"embeddable":true,"href":"https:\/\/www.europesays.com\/pt\/wp-json\/wp\/v2\/media\/127512"}],"wp:attachment":[{"href":"https:\/\/www.europesays.com\/pt\/wp-json\/wp\/v2\/media?parent=127511"}],"wp:term":[{"taxonomy":"category","embeddable":true,"href":"https:\/\/www.europesays.com\/pt\/wp-json\/wp\/v2\/categories?post=127511"},{"taxonomy":"post_tag","embeddable":true,"href":"https:\/\/www.europesays.com\/pt\/wp-json\/wp\/v2\/tags?post=127511"}],"curies":[{"name":"wp","href":"https:\/\/api.w.org\/{rel}","templated":true}]}}