{"id":127515,"date":"2025-10-26T20:42:07","date_gmt":"2025-10-26T20:42:07","guid":{"rendered":"https:\/\/www.europesays.com\/pt\/127515\/"},"modified":"2025-10-26T20:42:07","modified_gmt":"2025-10-26T20:42:07","slug":"rui-costa-se-ha-58-que-nao-acreditam-em-mim-ha-70-que-nao-acreditam-no-outro-lado","status":"publish","type":"post","link":"https:\/\/www.europesays.com\/pt\/127515\/","title":{"rendered":"Rui Costa: &#8220;Se h\u00e1 58% que n\u00e3o acreditam em mim, h\u00e1 70% que n\u00e3o acreditam no outro lado&#8221;"},"content":{"rendered":"<p data-remotead-prev-elm=\"true\" data-remotead-elm-id=\"inread\">&#8220;Come\u00e7o por agradecer a todos os benfiquistas e enaltecer este dia t\u00e3o bonito da hist\u00f3ria do nosso clube. Obrigado a todos os s\u00f3cios que se mostraram uma vez mais presentes. Agradecer tamb\u00e9m a toda a organiza\u00e7\u00e3o desta opera\u00e7\u00e3o que foi magn\u00edfica, em nome de Pereira da Costa, por todo o trabalho que desenvolveu. Agradecer \u00e0 minha lista Estou muito orgulhoso do que \u00e9 ser benfiquista&#8221;, come\u00e7ou por dizer.<\/p>\n<blockquote data-type=\"articles\" data-id=\"related-article-18012949\"><p>\n              <strong>Leia tamb\u00e9m <\/strong><br \/>\n              <a href=\"https:\/\/www.jn.pt\/desporto\/artigo\/noronha-lopes-garante-presenca-na-segunda-volta-nao-desisto-do-benfica\/18012949\" rel=\"nofollow noopener\" target=\"_blank\">Noronha Lopes garante presen\u00e7a na segunda volta: &#8220;N\u00e3o desisto do Benfica&#8221;<\/a>\n            <\/p><\/blockquote>\n<p>Rui Costa considera que era inevit\u00e1vel a segunda volta. &#8220;Toda a gente pensava o mesmo. Com seis candidatos era quase inevit\u00e1vel que n\u00e3o houvesse segunda volta, estou muito feliz por este voto confian\u00e7a que me deram. N\u00e3o posso estar mais orgulhoso. Sab\u00edamos todos que dificilmente algu\u00e9m sairia vencedor \u00e0 primeira volta, mas estas pessoas que se mobilizaram para votar em mim deixam-me orgulhoso&#8221;, afirmou.<\/p>\n<p>&#8220;Ouvi h\u00e1 pouco, aten\u00e7\u00e3o n\u00e3o s\u00e3o 60%, que 58% dos votantes n\u00e3o acreditam na minha elei\u00e7\u00e3o, mas \u00e9 uma conta gira de fazer, se h\u00e1 58% que n\u00e3o acreditam em mim, h\u00e1 70% que n\u00e3o acreditam no outro lado. Cada um faz as contas como quer e nesse sentido deixa-me feliz&#8221;, disse, reagindo \u00e0s palavras de Jo\u00e3o Noronha Lopes.<\/p>\n<p>Rui Costa revelou n\u00e3o pensar em receber o apoio de Lu\u00eds Filipe Vieira. &#8220;Conto com o apoio dos benfiquistas. N\u00e3o estou a pensar nos outros candidatos. Acho que foi uma campanha muito interessante, proporcionaram este envolvimento. Continuarei a fazer a minha campanha&#8221;, assumiu.<\/p>\n","protected":false},"excerpt":{"rendered":"&#8220;Come\u00e7o por agradecer a todos os benfiquistas e enaltecer este dia t\u00e3o bonito da hist\u00f3ria do nosso clube.&hellip;\n","protected":false},"author":2,"featured_media":127516,"comment_status":"","ping_status":"","sticky":false,"template":"","format":"standard","meta":{"footnotes":""},"categories":[87],"tags":[135,11568,15081,32,33,6058,134],"class_list":{"0":"post-127515","1":"post","2":"type-post","3":"status-publish","4":"format-standard","5":"has-post-thumbnail","7":"category-desporto","8":"tag-desporto","9":"tag-eleicoes-benfica","10":"tag-noronha-lopes","11":"tag-portugal","12":"tag-pt","13":"tag-rui-costa","14":"tag-sports"},"share_on_mastodon":{"url":"https:\/\/pubeurope.com\/@pt\/115442414178558162","error":""},"_links":{"self":[{"href":"https:\/\/www.europesays.com\/pt\/wp-json\/wp\/v2\/posts\/127515","targetHints":{"allow":["GET"]}}],"collection":[{"href":"https:\/\/www.europesays.com\/pt\/wp-json\/wp\/v2\/posts"}],"about":[{"href":"https:\/\/www.europesays.com\/pt\/wp-json\/wp\/v2\/types\/post"}],"author":[{"embeddable":true,"href":"https:\/\/www.europesays.com\/pt\/wp-json\/wp\/v2\/users\/2"}],"replies":[{"embeddable":true,"href":"https:\/\/www.europesays.com\/pt\/wp-json\/wp\/v2\/comments?post=127515"}],"version-history":[{"count":0,"href":"https:\/\/www.europesays.com\/pt\/wp-json\/wp\/v2\/posts\/127515\/revisions"}],"wp:featuredmedia":[{"embeddable":true,"href":"https:\/\/www.europesays.com\/pt\/wp-json\/wp\/v2\/media\/127516"}],"wp:attachment":[{"href":"https:\/\/www.europesays.com\/pt\/wp-json\/wp\/v2\/media?parent=127515"}],"wp:term":[{"taxonomy":"category","embeddable":true,"href":"https:\/\/www.europesays.com\/pt\/wp-json\/wp\/v2\/categories?post=127515"},{"taxonomy":"post_tag","embeddable":true,"href":"https:\/\/www.europesays.com\/pt\/wp-json\/wp\/v2\/tags?post=127515"}],"curies":[{"name":"wp","href":"https:\/\/api.w.org\/{rel}","templated":true}]}}