{"id":127519,"date":"2025-10-26T20:44:11","date_gmt":"2025-10-26T20:44:11","guid":{"rendered":"https:\/\/www.europesays.com\/pt\/127519\/"},"modified":"2025-10-26T20:44:11","modified_gmt":"2025-10-26T20:44:11","slug":"margarida-corceiro-celebra-aniversario-em-londres-enquanto-lando-norris-compete-no-mexico","status":"publish","type":"post","link":"https:\/\/www.europesays.com\/pt\/127519\/","title":{"rendered":"Margarida Corceiro celebra anivers\u00e1rio em Londres enquanto Lando Norris compete no M\u00e9xico"},"content":{"rendered":"<p data-remotead-prev-elm=\"true\" data-remotead-elm-id=\"inread\">Margarida Corceiro est\u00e1 de parab\u00e9ns. A atriz completa 23 anos este domingo e iniciou as comemora\u00e7\u00f5es na v\u00e9spera, com um jantar intimista no Carbone London, restaurante de refer\u00eancia em Mayfair. Margarida reuniu os amigos mais pr\u00f3ximos, enquanto o namorado, Lando Norris, disputa o Grande Pr\u00e9mio de F\u00f3rmula 1 no M\u00e9xico.<\/p>\n<p><img decoding=\"async\" class=\"ngx-body\" guid=\"3884488d-0ad0-493c-bed9-435e4befd778\" src=\"https:\/\/www.europesays.com\/pt\/wp-content\/uploads\/2025\/10\/1761511450_440_image.jpg\" width=\"100%\"\/>A aniversariante, em Londres, com os amigos Pietra Pil\u00e3o e Gon\u00e7alo Peixoto (Instagram de Gon\u00e7alo Peixoto) <\/p>\n<p>O jantar contou com bolo de anivers\u00e1rio e momentos descontra\u00eddos com os Pietra Pil\u00e3o, influenciadora brasileira e namorada de Max Fewtrell &#8211; antigo piloto e criador de conte\u00fados brit\u00e2nico, e um dos melhores amigos de Norris -, e o designer de moda Gon\u00e7alo Peixoto.<\/p>\n<p data-remotead-prev-elm=\"true\" data-remotead-elm-id=\"centro1\">Enquanto Margarida se divertia em Londres, Lando Norris garantiu a pole position para o Grande Pr\u00e9mio da Cidade do M\u00e9xico. O piloto brit\u00e2nico destacou-se desde as primeiras voltas, no despique entre McLaren e Ferrari.<\/p>\n<p><img decoding=\"async\" class=\"ngx-body\" guid=\"ff12081b-fe1b-47a1-8a85-25904579d0ec\" src=\"https:\/\/www.europesays.com\/pt\/wp-content\/uploads\/2025\/10\/1761511451_725_image.jpg\" width=\"100%\"\/>Lando Norris, piloto brit\u00e2nico da McLaren, posa com um pneu assinado ap\u00f3s a qualifica\u00e7\u00e3o para o Grande Pr\u00e9mio de F\u00f3rmula 1 do M\u00e9xico (Foto de Mario Guzman\/EPA)<\/p>\n<p>&#8220;Estou feliz por estar novamente na pole. J\u00e1 passou algum tempo desde a \u00faltima vez e \u00e9 uma sensa\u00e7\u00e3o muito boa. Pareceu-me decente, mas quando vi o tempo fiquei agradavelmente surpreendido. Vim para ganhar e sei que terei pilotos r\u00e1pidos atr\u00e1s de mim. Vai ser uma longa corrida at\u00e9 \u00e0 Curva 1 e o ritmo da Ferrari costuma ser forte&#8221;, comentou Norris, mostrando confian\u00e7a para a prova marcada para as 20 horas, hor\u00e1rio de Portugal.<\/p>\n<p>Carreira e afirma\u00e7\u00e3o internacional<\/p>\n<p data-remotead-prev-elm=\"true\" data-remotead-elm-id=\"centro2\">A par da medi\u00e1tica rela\u00e7\u00e3o, Margarida Corceiro continua a afirmar-se no panorama internacional. Recentemente passou a ser representada em Espanha pela Angels Project, ag\u00eancia que gere talentos, que tem no seu portef\u00f3lio nomes como Georgina Rodr\u00edguez.<\/p>\n<p>A atriz portuguesa prepara-se ainda para a estreia no filme &#8220;Todo Lo Que Nunca Fuimos&#8221;, em 2026, que protagoniza ao lado de Maxi Iglesias e Sebasti\u00e1n Zurita. Para al\u00e9m do cinema, Margarida refor\u00e7a a sua presen\u00e7a no mundo da moda, consolidando contratos publicit\u00e1rios e campanhas internacionais.<\/p>\n","protected":false},"excerpt":{"rendered":"Margarida Corceiro est\u00e1 de parab\u00e9ns. A atriz completa 23 anos este domingo e iniciou as comemora\u00e7\u00f5es na v\u00e9spera,&hellip;\n","protected":false},"author":2,"featured_media":127520,"comment_status":"","ping_status":"","sticky":false,"template":"","format":"standard","meta":{"footnotes":""},"categories":[85],"tags":[996,813,114,115,971,5567,719,712,32,33],"class_list":{"0":"post-127519","1":"post","2":"type-post","3":"status-publish","4":"format-standard","5":"has-post-thumbnail","7":"category-entretenimento","8":"tag-aniversario","9":"tag-atriz","10":"tag-entertainment","11":"tag-entretenimento","12":"tag-formula-1","13":"tag-londres","14":"tag-margarida-corceiro","15":"tag-pessoas","16":"tag-portugal","17":"tag-pt"},"share_on_mastodon":{"url":"https:\/\/pubeurope.com\/@pt\/115442422149595408","error":""},"_links":{"self":[{"href":"https:\/\/www.europesays.com\/pt\/wp-json\/wp\/v2\/posts\/127519","targetHints":{"allow":["GET"]}}],"collection":[{"href":"https:\/\/www.europesays.com\/pt\/wp-json\/wp\/v2\/posts"}],"about":[{"href":"https:\/\/www.europesays.com\/pt\/wp-json\/wp\/v2\/types\/post"}],"author":[{"embeddable":true,"href":"https:\/\/www.europesays.com\/pt\/wp-json\/wp\/v2\/users\/2"}],"replies":[{"embeddable":true,"href":"https:\/\/www.europesays.com\/pt\/wp-json\/wp\/v2\/comments?post=127519"}],"version-history":[{"count":0,"href":"https:\/\/www.europesays.com\/pt\/wp-json\/wp\/v2\/posts\/127519\/revisions"}],"wp:featuredmedia":[{"embeddable":true,"href":"https:\/\/www.europesays.com\/pt\/wp-json\/wp\/v2\/media\/127520"}],"wp:attachment":[{"href":"https:\/\/www.europesays.com\/pt\/wp-json\/wp\/v2\/media?parent=127519"}],"wp:term":[{"taxonomy":"category","embeddable":true,"href":"https:\/\/www.europesays.com\/pt\/wp-json\/wp\/v2\/categories?post=127519"},{"taxonomy":"post_tag","embeddable":true,"href":"https:\/\/www.europesays.com\/pt\/wp-json\/wp\/v2\/tags?post=127519"}],"curies":[{"name":"wp","href":"https:\/\/api.w.org\/{rel}","templated":true}]}}