{"id":127525,"date":"2025-10-26T20:47:13","date_gmt":"2025-10-26T20:47:13","guid":{"rendered":"https:\/\/www.europesays.com\/pt\/127525\/"},"modified":"2025-10-26T20:47:13","modified_gmt":"2025-10-26T20:47:13","slug":"poder-de-compra-em-portugal-desceu-veja-que-posicao-ocupa-entre-os-paises-europeus-human-resources","status":"publish","type":"post","link":"https:\/\/www.europesays.com\/pt\/127525\/","title":{"rendered":"Poder de compra em Portugal desceu. Veja que posi\u00e7\u00e3o ocupa entre os pa\u00edses europeus \u2013 Human Resources"},"content":{"rendered":"\n<p>Poder de compra em Portugal desceu. Veja que posi\u00e7\u00e3o ocupa entre os pa\u00edses europeus \u2013 Human Resources<\/p>\n<ul class=\"bf-breadcrumb-items\" itemscope=\"\" itemtype=\"http:\/\/schema.org\/BreadcrumbList\">\n<li itemprop=\"itemListElement\" itemscope=\"\" itemtype=\"http:\/\/schema.org\/ListItem\" class=\"bf-breadcrumb-item bf-breadcrumb-begin\"><a itemprop=\"item\" href=\"https:\/\/hrportugal.sapo.pt\" rel=\"home nofollow noopener\" target=\"_blank\">Home<\/a><\/li>\n<li itemprop=\"itemListElement\" itemscope=\"\" itemtype=\"http:\/\/schema.org\/ListItem\" class=\"bf-breadcrumb-item\"><a itemprop=\"item\" href=\"https:\/\/hrportugal.sapo.pt\/categoria\/linkedin\/\" rel=\"nofollow noopener\" target=\"_blank\">Linkedin<\/a><\/li>\n<li itemprop=\"itemListElement\" itemscope=\"\" itemtype=\"http:\/\/schema.org\/ListItem\" class=\"bf-breadcrumb-item bf-breadcrumb-end\">Poder de compra em Portugal desceu. Veja que posi\u00e7\u00e3o ocupa entre os pa\u00edses europeus<\/li>\n<\/ul>\n","protected":false},"excerpt":{"rendered":"Poder de compra em Portugal desceu. Veja que posi\u00e7\u00e3o ocupa entre os pa\u00edses europeus \u2013 Human Resources Home&hellip;\n","protected":false},"author":2,"featured_media":127526,"comment_status":"","ping_status":"","sticky":false,"template":"","format":"standard","meta":{"footnotes":"","_share_on_mastodon":"0"},"categories":[50],"tags":[27,28,15,16,29154,14,25,26,21,22,62,619,12,13,19,20,28372,32,23,24,29155,17,18,29,30,31,63,64,65],"class_list":["post-127525","post","type-post","status-publish","format-standard","has-post-thumbnail","category-mundo","tag-breaking-news","tag-breakingnews","tag-featured-news","tag-featurednews","tag-gfk-niq-geomarketing","tag-headlines","tag-latest-news","tag-latestnews","tag-main-news","tag-mainnews","tag-mundo","tag-nacional","tag-news","tag-noticias","tag-noticias-principais","tag-noticiasprincipais","tag-poder-de-compra","tag-portugal","tag-principais-noticias","tag-principaisnoticias","tag-purchasing-power-europe-2025","tag-top-stories","tag-topstories","tag-ultimas","tag-ultimas-noticias","tag-ultimasnoticias","tag-world","tag-world-news","tag-worldnews"],"share_on_mastodon":{"url":"","error":"Validation failed: Text character limit of 500 exceeded"},"_links":{"self":[{"href":"https:\/\/www.europesays.com\/pt\/wp-json\/wp\/v2\/posts\/127525","targetHints":{"allow":["GET"]}}],"collection":[{"href":"https:\/\/www.europesays.com\/pt\/wp-json\/wp\/v2\/posts"}],"about":[{"href":"https:\/\/www.europesays.com\/pt\/wp-json\/wp\/v2\/types\/post"}],"author":[{"embeddable":true,"href":"https:\/\/www.europesays.com\/pt\/wp-json\/wp\/v2\/users\/2"}],"replies":[{"embeddable":true,"href":"https:\/\/www.europesays.com\/pt\/wp-json\/wp\/v2\/comments?post=127525"}],"version-history":[{"count":0,"href":"https:\/\/www.europesays.com\/pt\/wp-json\/wp\/v2\/posts\/127525\/revisions"}],"wp:featuredmedia":[{"embeddable":true,"href":"https:\/\/www.europesays.com\/pt\/wp-json\/wp\/v2\/media\/127526"}],"wp:attachment":[{"href":"https:\/\/www.europesays.com\/pt\/wp-json\/wp\/v2\/media?parent=127525"}],"wp:term":[{"taxonomy":"category","embeddable":true,"href":"https:\/\/www.europesays.com\/pt\/wp-json\/wp\/v2\/categories?post=127525"},{"taxonomy":"post_tag","embeddable":true,"href":"https:\/\/www.europesays.com\/pt\/wp-json\/wp\/v2\/tags?post=127525"}],"curies":[{"name":"wp","href":"https:\/\/api.w.org\/{rel}","templated":true}]}}