{"id":127539,"date":"2025-10-26T21:01:15","date_gmt":"2025-10-26T21:01:15","guid":{"rendered":"https:\/\/www.europesays.com\/pt\/127539\/"},"modified":"2025-10-26T21:01:15","modified_gmt":"2025-10-26T21:01:15","slug":"retirada-completa-da-turquia-apos-40-anos-de-conflito","status":"publish","type":"post","link":"https:\/\/www.europesays.com\/pt\/127539\/","title":{"rendered":"Retirada Completa da Turquia Ap\u00f3s 40 Anos de Conflito"},"content":{"rendered":"<p>O Partido dos Trabalhadores do Curdist\u00e3o (PKK) anunciou este domingo, 26 de outubro, que retirar\u00e1 \u201ctodas as suas for\u00e7as\u201d da Turquia para o norte do Iraque, uma medida considerada hist\u00f3rica no \u00e2mbito do processo de paz em curso com Ancara.<\/p>\n<p>\u201cEstamos a proceder \u00e0 retirada de todas as nossas for\u00e7as na Turquia\u201d, encontrando-se j\u00e1 25 combatentes, homens e mulheres, no norte do Iraque, declarou o PKK num comunicado divulgado pela ag\u00eancia noticiosa Firat.<\/p>\n<p>Todos os meios de comunica\u00e7\u00e3o turcos est\u00e3o a noticiar este an\u00fancio, citando fontes do norte do Iraque, onde os guerrilheiros t\u00eam as suas bases.<\/p>\n<p>A Turquia saudou j\u00e1 a decis\u00e3o dos militantes curdos do PKK de se retirarem do territ\u00f3rio turco para o norte do Iraque, considerando-a um \u201cresultado concreto\u201d dos esfor\u00e7os para p\u00f4r fim um conflito com quatro d\u00e9cadas.<\/p>\n<p>\u201cCom os desenvolvimentos de hoje, a decis\u00e3o do PKK de se retirar da Turquia e o an\u00fancio de novas etapas para um processo de desarmamento constituem resultados concretos do progresso alcan\u00e7ado\u201d, afirmou \u00d6mer \u00c7elik, porta-voz do AKP, o partido do Presidente Recep Tayyip Erdogan.<\/p>\n<p><strong>Considerado terrorista pela Turquia, Estados Unidos e Uni\u00e3o Europeia (UE), o PKK, a guerrilha curda na Turquia, anunciou em dezembro de 2024 a sua dissolu\u00e7\u00e3o e o fim da \u201cluta armada\u201d que iniciou contra o Estado turco h\u00e1 40 anos e que provocou cerca de 45.000 mortos, respondendo assim ao apelo do seu fundador e l\u00edder, Abdullah Ocalan, que est\u00e1 detido.<\/strong><\/p>\n<p>A liberta\u00e7\u00e3o do l\u00edder \u00e9, ali\u00e1s, \u201ccrucial\u201d para o sucesso do processo de paz com a Turquia, segundo afirmou \u00e0 AFP um dirigente do grupo no norte do Iraque.<\/p>\n<p>Numa confer\u00eancia de imprensa realizada no norte do Iraque, junto a duas grandes fotografias de Abdullah Ocalan, os l\u00edderes do PKK destacaram os \u201cpassos significativos de import\u00e2ncia hist\u00f3rica\u201d que deram para alcan\u00e7ar uma \u201csociedade pac\u00edfica e democr\u00e1tica\u201d, aos quais se junta agora a declara\u00e7\u00e3o de retirada da Turquia.<\/p>\n<p>\u201cEstamos a levar a cabo a retirada de todas as nossas for\u00e7as na Turquia, que representam um risco de conflito dentro das fronteiras turcas e s\u00e3o vulner\u00e1veis a poss\u00edveis provoca\u00e7\u00f5es\u201d, refere a declara\u00e7\u00e3o do grupo armado curdo, lida aos meios de comunica\u00e7\u00e3o pelo membro do seu Conselho Executivo Sabri Ok e publicada pela ag\u00eancia Firat.<\/p>\n","protected":false},"excerpt":{"rendered":"O Partido dos Trabalhadores do Curdist\u00e3o (PKK) anunciou este domingo, 26 de outubro, que retirar\u00e1 \u201ctodas as suas&hellip;\n","protected":false},"author":2,"featured_media":127540,"comment_status":"","ping_status":"","sticky":false,"template":"","format":"standard","meta":{"footnotes":""},"categories":[50],"tags":[27,28,15,16,14,25,26,21,22,62,12,13,19,20,29157,23,24,17,18,2428,29,30,31,63,64,65],"class_list":{"0":"post-127539","1":"post","2":"type-post","3":"status-publish","4":"format-standard","5":"has-post-thumbnail","7":"category-mundo","8":"tag-breaking-news","9":"tag-breakingnews","10":"tag-featured-news","11":"tag-featurednews","12":"tag-headlines","13":"tag-latest-news","14":"tag-latestnews","15":"tag-main-news","16":"tag-mainnews","17":"tag-mundo","18":"tag-news","19":"tag-noticias","20":"tag-noticias-principais","21":"tag-noticiasprincipais","22":"tag-pkk","23":"tag-principais-noticias","24":"tag-principaisnoticias","25":"tag-top-stories","26":"tag-topstories","27":"tag-turquia","28":"tag-ultimas","29":"tag-ultimas-noticias","30":"tag-ultimasnoticias","31":"tag-world","32":"tag-world-news","33":"tag-worldnews"},"share_on_mastodon":{"url":"https:\/\/pubeurope.com\/@pt\/115442488693034312","error":""},"_links":{"self":[{"href":"https:\/\/www.europesays.com\/pt\/wp-json\/wp\/v2\/posts\/127539","targetHints":{"allow":["GET"]}}],"collection":[{"href":"https:\/\/www.europesays.com\/pt\/wp-json\/wp\/v2\/posts"}],"about":[{"href":"https:\/\/www.europesays.com\/pt\/wp-json\/wp\/v2\/types\/post"}],"author":[{"embeddable":true,"href":"https:\/\/www.europesays.com\/pt\/wp-json\/wp\/v2\/users\/2"}],"replies":[{"embeddable":true,"href":"https:\/\/www.europesays.com\/pt\/wp-json\/wp\/v2\/comments?post=127539"}],"version-history":[{"count":0,"href":"https:\/\/www.europesays.com\/pt\/wp-json\/wp\/v2\/posts\/127539\/revisions"}],"wp:featuredmedia":[{"embeddable":true,"href":"https:\/\/www.europesays.com\/pt\/wp-json\/wp\/v2\/media\/127540"}],"wp:attachment":[{"href":"https:\/\/www.europesays.com\/pt\/wp-json\/wp\/v2\/media?parent=127539"}],"wp:term":[{"taxonomy":"category","embeddable":true,"href":"https:\/\/www.europesays.com\/pt\/wp-json\/wp\/v2\/categories?post=127539"},{"taxonomy":"post_tag","embeddable":true,"href":"https:\/\/www.europesays.com\/pt\/wp-json\/wp\/v2\/tags?post=127539"}],"curies":[{"name":"wp","href":"https:\/\/api.w.org\/{rel}","templated":true}]}}