{"id":127556,"date":"2025-10-26T21:16:20","date_gmt":"2025-10-26T21:16:20","guid":{"rendered":"https:\/\/www.europesays.com\/pt\/127556\/"},"modified":"2025-10-26T21:16:20","modified_gmt":"2025-10-26T21:16:20","slug":"provedoria-de-justica-fechada-desde-maio","status":"publish","type":"post","link":"https:\/\/www.europesays.com\/pt\/127556\/","title":{"rendered":"Provedoria de Justi\u00e7a fechada desde maio"},"content":{"rendered":"\n<p class=\"p_0\">O encerramento dos servi\u00e7os da Provedoria de Justi\u00e7a, h\u00e1 cerca de cinco meses, faz manchete hoje no JM. A informa\u00e7\u00e3o est\u00e1 afixada \u00e0 porta do gabinete, no Pal\u00e1cio de S\u00e3o Louren\u00e7o, sem mais detalhes. Fonte da institui\u00e7\u00e3o, em Lisboa, adianta ao JM que o atendimento presencial est\u00e1 \u201ctemporariamente indispon\u00edvel\u201d, mas sem reclama\u00e7\u00f5es de utentes.<\/p>\n<p class=\"p_1\">A tomada de posse de Jos\u00e9 Carlos Gon\u00e7alves, como presidente da C\u00e2mara Municipal de S\u00e3o Vicente eleito pelo Chega, contou com a presen\u00e7a do l\u00edder nacional do partido. O novo autarca promete transformar o concelho, com transpar\u00eancia.<\/p>\n<p class=\"p_2\">Em Perdidos e Achados, o JM d\u00e1 a conhecer aos leitores um novo espa\u00e7o de arte urbana, na cidade de C\u00e2mara de Lobos. MORAL \u00e9 como se chama esta nova galeria ao ar livre.<\/p>\n<p class=\"p_3\">O Conservat\u00f3rio de M\u00fasica celebrou ontem 79 anos. A gala de anivers\u00e1rio foi marcada por homenagens. Carlos Gon\u00e7alves, ex-presidente da institui\u00e7\u00e3o recebeu o Pr\u00e9mio Carreira e reivindicou instala\u00e7\u00f5es de raiz capazes de dignificar o ensino das artes.<\/p>\n<p class=\"p_4\">Outro assunto em destaque nesta edi\u00e7\u00e3o diz respeito \u00e0s Regi\u00f5es Ultraperif\u00e9ricas da Europa (RUP), nas quais se inclui a Madeira. Relat\u00f3rio revela altos e baixos. De um modo geral \u00e9 positivo, mas gera reparos em rela\u00e7\u00e3o \u00e0 pobreza.<\/p>\n<p class=\"p_5\">O \u2018Madeira Street Arts\u2019 est\u00e1 de volta, com cartaz renovado. Ser\u00e1 em novembro, entre o Funchal e a Calheta, com um regresso ao Monte.<\/p>\n<p class=\"p_6\">Estes s\u00e3o os destaques, mas h\u00e1 muito mais para ler nesta edi\u00e7\u00e3o. Acompanhe o JM no papel e na web e atrav\u00e9s das redes sociais e da APP. Bom domingo!<\/p>\n","protected":false},"excerpt":{"rendered":"O encerramento dos servi\u00e7os da Provedoria de Justi\u00e7a, h\u00e1 cerca de cinco meses, faz manchete hoje no JM.&hellip;\n","protected":false},"author":2,"featured_media":127557,"comment_status":"","ping_status":"","sticky":false,"template":"","format":"standard","meta":{"footnotes":""},"categories":[10],"tags":[27,28,15,16,14,25,26,21,22,12,13,19,20,32,23,24,18877,33,17,18,29,30,31],"class_list":{"0":"post-127556","1":"post","2":"type-post","3":"status-publish","4":"format-standard","5":"has-post-thumbnail","7":"category-portugal","8":"tag-breaking-news","9":"tag-breakingnews","10":"tag-featured-news","11":"tag-featurednews","12":"tag-headlines","13":"tag-latest-news","14":"tag-latestnews","15":"tag-main-news","16":"tag-mainnews","17":"tag-news","18":"tag-noticias","19":"tag-noticias-principais","20":"tag-noticiasprincipais","21":"tag-portugal","22":"tag-principais-noticias","23":"tag-principaisnoticias","24":"tag-provedoria-de-justica","25":"tag-pt","26":"tag-top-stories","27":"tag-topstories","28":"tag-ultimas","29":"tag-ultimas-noticias","30":"tag-ultimasnoticias"},"share_on_mastodon":{"url":"https:\/\/pubeurope.com\/@pt\/115442547616986734","error":""},"_links":{"self":[{"href":"https:\/\/www.europesays.com\/pt\/wp-json\/wp\/v2\/posts\/127556","targetHints":{"allow":["GET"]}}],"collection":[{"href":"https:\/\/www.europesays.com\/pt\/wp-json\/wp\/v2\/posts"}],"about":[{"href":"https:\/\/www.europesays.com\/pt\/wp-json\/wp\/v2\/types\/post"}],"author":[{"embeddable":true,"href":"https:\/\/www.europesays.com\/pt\/wp-json\/wp\/v2\/users\/2"}],"replies":[{"embeddable":true,"href":"https:\/\/www.europesays.com\/pt\/wp-json\/wp\/v2\/comments?post=127556"}],"version-history":[{"count":0,"href":"https:\/\/www.europesays.com\/pt\/wp-json\/wp\/v2\/posts\/127556\/revisions"}],"wp:featuredmedia":[{"embeddable":true,"href":"https:\/\/www.europesays.com\/pt\/wp-json\/wp\/v2\/media\/127557"}],"wp:attachment":[{"href":"https:\/\/www.europesays.com\/pt\/wp-json\/wp\/v2\/media?parent=127556"}],"wp:term":[{"taxonomy":"category","embeddable":true,"href":"https:\/\/www.europesays.com\/pt\/wp-json\/wp\/v2\/categories?post=127556"},{"taxonomy":"post_tag","embeddable":true,"href":"https:\/\/www.europesays.com\/pt\/wp-json\/wp\/v2\/tags?post=127556"}],"curies":[{"name":"wp","href":"https:\/\/api.w.org\/{rel}","templated":true}]}}