{"id":127588,"date":"2025-10-26T21:44:49","date_gmt":"2025-10-26T21:44:49","guid":{"rendered":"https:\/\/www.europesays.com\/pt\/127588\/"},"modified":"2025-10-26T21:44:49","modified_gmt":"2025-10-26T21:44:49","slug":"bacalhau-pode-faltar-no-natal-a-culpa-e-das-sancoes-a-russia","status":"publish","type":"post","link":"https:\/\/www.europesays.com\/pt\/127588\/","title":{"rendered":"Bacalhau pode faltar no Natal. A culpa \u00e9 das san\u00e7\u00f5es \u00e0 R\u00fassia"},"content":{"rendered":"<p class=\"wp-caption-text top\"><a href=\"https:\/\/pixabay.com\/photos\/codfish-cod-to-the-lagareiro-food-815458\/\" rel=\"nofollow external noopener noreferrer\" data-wpel-link=\"external\" target=\"_blank\" class=\"ext-link\">Gadini \/ pixabay<\/a><\/p>\n<p><img decoding=\"async\" loading=\"lazy\" class=\"size-kopa-image-size-3 wp-image-573872\" src=\"https:\/\/www.europesays.com\/pt\/wp-content\/uploads\/2025\/10\/15429a7d4d29ddafdd0bc6a00a2a58a3-783x450.jpg\" alt=\"\" width=\"700\" height=\"402\"  \/><\/p>\n<p><strong> O consumo de bacalhau em Portugal pode estar em risco devido \u00e0s san\u00e7\u00f5es econ\u00f3micas aplicadas a Moscovo pela UE, e \u00e0 redu\u00e7\u00e3o da quota de pescado. Diz-se que o bacalhau que nos chega \u00e0 mesa vem da Noruega, mas na realidade a R\u00fassia \u00e9 a principal origem mundial de bacalhau.<\/strong><\/p>\n<p>O bacalhau, produto emblem\u00e1tico da gastronomia portuguesa e presen\u00e7a obrigat\u00f3ria nas mesas natal\u00edcias, pode tornar-se um <strong>luxo inacess\u00edvel<\/strong> para muitas fam\u00edlias este Natal.<\/p>\n<p>As <strong>san\u00e7\u00f5es econ\u00f3micas<\/strong> impostas nos \u00faltimos anos pela Uni\u00e3o Europeia \u00e0 R\u00fassia est\u00e3o a provocar uma<strong> crise sem precedentes<\/strong> na ind\u00fastria bacalhoeira nacional, colocando em risco n\u00e3o apenas o abastecimento, mas tamb\u00e9m centenas de postos de trabalho.<\/p>\n<p>A situa\u00e7\u00e3o, que j\u00e1 no ano passado <a href=\"https:\/\/zap.aeiou.pt\/preco-do-bacalhau-ameaca-tradicao-natalicia-646442\" data-wpel-link=\"internal\" rel=\"nofollow noopener\" target=\"_blank\">amea\u00e7ou esta tradi\u00e7\u00e3o natal\u00edcia<\/a>, agravou-se significativamente desde janeiro de 2024, altura em que entraram em vigor novas <strong>tarifas de 12%<\/strong> sobre a importa\u00e7\u00e3o de bacalhau congelado russo.<\/p>\n<p>Por\u00e9m, o<strong> golpe fatal chegou em maio<\/strong>, com o 17\u00ba pacote de san\u00e7\u00f5es da UE,\u00a0 que incluiu na lista negra <strong>duas empresas pesqueiras russas<\/strong> fundamentais para Portugal: a Norebo JSC e a Murman Sea Food. A primeira assegurava cerca de 60% do bacalhau exportado para o nosso pa\u00eds.<\/p>\n<p><strong>Jorge Camarneiro<\/strong>, vice-presidente da Confedera\u00e7\u00e3o Portuguesa das Micro, Pequenas e M\u00e9dias Empresas (CPPME), explica \u00e0 <a href=\"https:\/\/pt.euronews.com\/2025\/10\/23\/bacalhau-pode-faltar-este-natal-em-portugal-saiba-porque#\" data-wpel-link=\"external\" target=\"_blank\" rel=\"nofollow external noopener noreferrer\" class=\"ext-link\">Euronews<\/a> que \u201ccerca de 90% de todo o bacalhau que Portugal importava para a ind\u00fastria de transforma\u00e7\u00e3o era proveniente da R\u00fassia\u201d.<\/p>\n<p>Esta depend\u00eancia <strong>remonta aos anos 90<\/strong>, quando o Canad\u00e1 imp\u00f4s uma morat\u00f3ria \u00e0 pesca comercial na Terra Nova e Labrador, for\u00e7ando a ind\u00fastria portuguesa a reorganizar-se e a<strong> encontrar na R\u00fassia uma alternativa vi\u00e1vel<\/strong>.<\/p>\n<p>Tamb\u00e9m a superioridade t\u00e9cnica russa no sector \u00e9 incontest\u00e1vel. \u201cA R\u00fassia tem <strong>navios de maior porte, nos quais pescam, descabe\u00e7am<\/strong>, limpam e congelam a bordo\u201d, explica Camarneiro. \u201cS\u00e3o os \u00fanicos que t\u00eam mat\u00e9ria-prima para os portugueses.<strong> Ningu\u00e9m tem os barcos de congela\u00e7\u00e3o,<\/strong> nem a capacidade de fazer isto que os russos fazem.\u201d<\/p>\n<p>As san\u00e7\u00f5es europeias justificam-se por alegadas <strong>atividades de espionagem<\/strong>. Segundo a UE, as embarca\u00e7\u00f5es das empresas sancionadas participavam numa \u201c<strong>campanha de vigil\u00e2ncia patrocinada pelo Estado russo<\/strong>\u201c, pairando suspeita\u00admente junto a infraestruturas cr\u00edticas no Mar do Norte e Mar B\u00e1ltico.<\/p>\n<p>Atualmente, <strong>Portugal depende principalmente da Noruega<\/strong> para o abastecimento, mas numa <strong>posi\u00e7\u00e3o desvantajosa<\/strong>.<\/p>\n<p>A Noruega, n\u00e3o sendo membro da UE,<strong> continua a negociar com empresas russas<\/strong>, comprando ao pa\u00eds <strong>mat\u00e9ria-prima, que transforma e revende<\/strong> a pre\u00e7os elevados. \u201cOs industriais noruegueses compram a mat\u00e9ria-prima russa, transformam e vendem ao pre\u00e7o que quiserem\u201d, denuncia Camarneiro.<\/p>\n<p><strong>As consequ\u00eancias s\u00e3o dram\u00e1ticas<\/strong> para os consumidores portugueses. Nos \u00faltimos tr\u00eas anos, o pre\u00e7o do bacalhau <strong>disparou mais de 50%<\/strong>.<\/p>\n<p>Segundo a Deco Proteste, <strong>50 euros j\u00e1 s\u00f3 permitem adquirir tr\u00eas quilos<\/strong> do produto. Para Camarneiro, <strong>o bacalhau est\u00e1 a transformar-se no \u201cbife da vazia\u201d<\/strong> dos peixes \u2013 um produto premium inacess\u00edvel \u00e0 maioria das fam\u00edlias.<\/p>\n<p>Recentemente, numa reuni\u00e3o com o secret\u00e1rio de Estado das Pescas e do Mar, <strong>Salvador Malheiro<\/strong>, a CPPME apelou \u00e0 cria\u00e7\u00e3o de um regime de exce\u00e7\u00e3o para a importa\u00e7\u00e3o de bacalhau. \u201cSe <strong>muitos pa\u00edses t\u00eam regimes de exce\u00e7\u00e3o<\/strong> em rela\u00e7\u00e3o ao petr\u00f3leo e g\u00e1s, no caso do bacalhau n\u00e3o h\u00e1\u201d, argumenta a confedera\u00e7\u00e3o.<\/p>\n<p>Com a <strong>aproxima\u00e7\u00e3o do Natal<\/strong>, per\u00edodo tradicionalmente de maior consumo, a situa\u00e7\u00e3o promete agravar-se, e os portugueses poder\u00e3o ser for\u00e7ados a fazer escolhas mais humildes: optar por <strong>postas mais finas \u2014 ou pelas badanas<\/strong>, prev\u00ea Camarneiro.<\/p>\n<p>    <a href=\"https:\/\/zap.aeiou.pt\/subscrever-newsletter\" data-wpel-link=\"internal\" rel=\"nofollow noopener\" target=\"_blank\">&#13;<br \/>\n        <img loading=\"lazy\" decoding=\"async\" class=\"aligncenter size-full wp-image-575475\" src=\"https:\/\/www.europesays.com\/pt\/wp-content\/uploads\/2025\/10\/1759862234_971_2d51fe4a0ba54894421ead1809309ed9-1-450x140.jpg\" alt=\"Subscreva a Newsletter ZAP\" width=\"450\" height=\"140\"\/>&#13;<br \/>\n    <\/a><\/p>\n<p>                <a href=\"https:\/\/whatsapp.com\/channel\/0029VaIC4EE2f3EJZPPSbR34\" data-wpel-link=\"external\" target=\"_blank\" rel=\"nofollow external noopener noreferrer\" class=\"ext-link\">&#13;<br \/>\n                    <img loading=\"lazy\" decoding=\"async\" class=\"aligncenter size-full wp-image-575475\" src=\"https:\/\/www.europesays.com\/pt\/wp-content\/uploads\/2025\/10\/1759862234_512_c68c559d956d4ca20f435ed74a6e71e6.png\" alt=\"Siga-nos no WhatsApp\" width=\"175\" height=\"64\"\/>&#13;<br \/>\n                <\/a><\/p>\n<p>                <a href=\"https:\/\/news.google.com\/publications\/CAAiEHRwZondIV71PDjWNoqMduEqFAgKIhB0cGaJ3SFe9Tw41jaKjHbh?hl=en-US&amp;gl=US&amp;ceid=US%3Aen\" data-wpel-link=\"external\" target=\"_blank\" rel=\"nofollow external noopener noreferrer\" class=\"ext-link\">&#13;<br \/>\n                    <img loading=\"lazy\" decoding=\"async\" class=\"aligncenter size-full wp-image-575475\" src=\"https:\/\/www.europesays.com\/pt\/wp-content\/uploads\/2025\/10\/1759862235_242_5123dd8b087b644fdb8f8603acd1bad4.png\" alt=\"Siga-nos no Google News\" width=\"176\" height=\"64\"\/>&#13;<br \/>\n                <\/a><\/p>\n","protected":false},"excerpt":{"rendered":"Gadini \/ pixabay O consumo de bacalhau em Portugal pode estar em risco devido \u00e0s san\u00e7\u00f5es econ\u00f3micas aplicadas&hellip;\n","protected":false},"author":2,"featured_media":127589,"comment_status":"","ping_status":"","sticky":false,"template":"","format":"standard","meta":{"footnotes":""},"categories":[10],"tags":[27,28,269,5515,476,15,16,754,93,14,25,26,21,22,7561,12,965,13,19,20,9868,32,1503,23,24,33,839,17,18,29,30,31],"class_list":{"0":"post-127588","1":"post","2":"type-post","3":"status-publish","4":"format-standard","5":"has-post-thumbnail","7":"category-portugal","8":"tag-breaking-news","9":"tag-breakingnews","10":"tag-capa","11":"tag-crise","12":"tag-economia","13":"tag-featured-news","14":"tag-featurednews","15":"tag-gastronomia","16":"tag-guerra-comercial","17":"tag-headlines","18":"tag-latest-news","19":"tag-latestnews","20":"tag-main-news","21":"tag-mainnews","22":"tag-natal","23":"tag-news","24":"tag-noruega","25":"tag-noticias","26":"tag-noticias-principais","27":"tag-noticiasprincipais","28":"tag-pesca","29":"tag-portugal","30":"tag-precos","31":"tag-principais-noticias","32":"tag-principaisnoticias","33":"tag-pt","34":"tag-russia","35":"tag-top-stories","36":"tag-topstories","37":"tag-ultimas","38":"tag-ultimas-noticias","39":"tag-ultimasnoticias"},"share_on_mastodon":{"url":"https:\/\/pubeurope.com\/@pt\/115442661858293166","error":""},"_links":{"self":[{"href":"https:\/\/www.europesays.com\/pt\/wp-json\/wp\/v2\/posts\/127588","targetHints":{"allow":["GET"]}}],"collection":[{"href":"https:\/\/www.europesays.com\/pt\/wp-json\/wp\/v2\/posts"}],"about":[{"href":"https:\/\/www.europesays.com\/pt\/wp-json\/wp\/v2\/types\/post"}],"author":[{"embeddable":true,"href":"https:\/\/www.europesays.com\/pt\/wp-json\/wp\/v2\/users\/2"}],"replies":[{"embeddable":true,"href":"https:\/\/www.europesays.com\/pt\/wp-json\/wp\/v2\/comments?post=127588"}],"version-history":[{"count":0,"href":"https:\/\/www.europesays.com\/pt\/wp-json\/wp\/v2\/posts\/127588\/revisions"}],"wp:featuredmedia":[{"embeddable":true,"href":"https:\/\/www.europesays.com\/pt\/wp-json\/wp\/v2\/media\/127589"}],"wp:attachment":[{"href":"https:\/\/www.europesays.com\/pt\/wp-json\/wp\/v2\/media?parent=127588"}],"wp:term":[{"taxonomy":"category","embeddable":true,"href":"https:\/\/www.europesays.com\/pt\/wp-json\/wp\/v2\/categories?post=127588"},{"taxonomy":"post_tag","embeddable":true,"href":"https:\/\/www.europesays.com\/pt\/wp-json\/wp\/v2\/tags?post=127588"}],"curies":[{"name":"wp","href":"https:\/\/api.w.org\/{rel}","templated":true}]}}